{"id":139847,"date":"2021-08-22T07:00:00","date_gmt":"2021-08-22T06:00:00","guid":{"rendered":"http:\/\/www.tucomarca.com\/wordpress\/segunda\/?p=139847"},"modified":"2021-08-23T08:00:07","modified_gmt":"2021-08-23T07:00:07","slug":"opinion-preparar-el-futuro-por-jose-larrazabal","status":"publish","type":"post","link":"https:\/\/www.tucomarca.com\/wordpress\/segunda\/opinion-preparar-el-futuro-por-jose-larrazabal\/","title":{"rendered":"Opini\u00f3n: \u00abPreparar el futuro\u00bb, por Jos\u00e9 Larraz\u00e1bal"},"content":{"rendered":"\n<div class=\"wp-block-image\"><figure class=\"alignleft size-large is-resized\"><img decoding=\"async\" src=\"https:\/\/www.tucomarca.com\/wordpress\/segunda\/wp-content\/uploads\/2021\/07\/JoseLarrazabal-1024x1024.jpg\" alt=\"\" class=\"wp-image-136627\" width=\"-725\" height=\"-725\" srcset=\"https:\/\/www.tucomarca.com\/wordpress\/segunda\/wp-content\/uploads\/2021\/07\/JoseLarrazabal-1024x1024.jpg 1024w, https:\/\/www.tucomarca.com\/wordpress\/segunda\/wp-content\/uploads\/2021\/07\/JoseLarrazabal-300x300.jpg 300w, https:\/\/www.tucomarca.com\/wordpress\/segunda\/wp-content\/uploads\/2021\/07\/JoseLarrazabal-290x290.jpg 290w, https:\/\/www.tucomarca.com\/wordpress\/segunda\/wp-content\/uploads\/2021\/07\/JoseLarrazabal-768x768.jpg 768w, https:\/\/www.tucomarca.com\/wordpress\/segunda\/wp-content\/uploads\/2021\/07\/JoseLarrazabal.jpg 1086w\" sizes=\"(max-width: 1024px) 100vw, 1024px\" \/><\/figure><\/div>\n\n\n\n<p>Otro regalito para el vcf, feliz navidad, por parte de los \u00e1rbitros, \u00abdonde fueres de los tuyos tengas\u00bb. Posiblemente la buena relaci\u00f3n de Tebas con Lim por asunto de negocios, Tebas tiene un negocio sobre La Liga en Singapur, es motivo para que se deban favores mutuamente, a pesar de que los \u00e1rbitros dependen de la federaci\u00f3n y est\u00e1 depende de Rubiales. Dicha relaci\u00f3n personal entre ambos mandatarios no acaba de funcionar o eso dicen.<br>El VCF lleva cuatro puntos merced a 2 penaltis regalados, uno ante el Getafe y otro ante el Granada. Ninguno de los 2 lo fue. Parece que la nueva moda es regalarle penaltis al vcf. Una moda que no a todos hace felices ya que no es la mejor manera de luchar contra Lim, pues punto que saca el vcf punto que suma Peter Lim, y eso es irrefutable.<br>Cuando nos machacaban con penaltis a favor y en contra ante el Madrid, Bar\u00e7a etc, nos llevaban los diablos, ahora nos parece bien, claro, aunque no sea el camino m\u00e1s corto para echar a Lim del vcf. \u00abSomos cojonudos,\u00bb y no me vengan algunos con aquello de ser del vcf en el campo y \u00abanti Lim\u00bb fuera de \u00e9l, eso es una aut\u00e9ntica sandez. El vcf actual es Lim y de Lim, y el sentido de pertenencia no puede ser el mismo que cuando estuvo Jaume Ort\u00ed, Paco Roig o Arturo Tuz\u00f3n, por ley natural y por sentimiento, indudablemente NO.<br>Hay que ser consecuente, yo lo soy, con perd\u00f3n. NO me he sacado el pase, ni lo har\u00e9 mientras est\u00e9 Lim al frente del vcf, NO voy a Mestalla, ni lo har\u00e9 mientras est\u00e9 Lim, NO me he comprado ni una gorra del vcf, ni lo har\u00e9 mientras est\u00e9 Lim, NO veo los partidos del vcf, ni lo har\u00e9 mientras est\u00e9 Lim. Me puede, me pone enfermo ver c\u00f3mo ahora los jugadores se implican, c\u00f3mo quieren ganar, y como nos regalan penaltis, as\u00ed como los comentarios positivistas y paternalistas de los narradores de las teles ahora que no tocan.<br>Yo quer\u00eda y quiero, implicaci\u00f3n cuando vamos bien, no ahora que ha bajado y bajar\u00e1 la renovaci\u00f3n de abonos y que muchos jugadores ( por eso corren) quieren ser traspasados, yo quer\u00eda y quiero justicia y rigor en los penaltis cuando no estaba Lim y no ahora por amiguismo de Tebas, ni por imagen de marca a la hora de cotizar en televisi\u00f3n, yo quer\u00eda y quiero que se acuda a Mestalla cuando el equipo y el club lo merezca, no ahora que solo se beneficia a Merit\u00f3n. Yo quer\u00eda y quiero que se consuman productos de la marca VALENCIA CF cuando se ayude al crecimiento del club y no al de Peter Lim, yo quer\u00eda y quiero vivir y morir por el VALENCIA, por nuestro VCF, y no por un club cuyo propietario es un estafador prepotente, vengativo y nefasto gestor adem\u00e1s de ANTIVALENCIANISTA.<br>Por cierto para ver alg\u00fan partido del vcf se puede uno sacar la entrada, no hace falta Pase, se puede ver por la tele en casa, quien lo aguante, se puede ver tomando una cervezilla en un bar con unos amigos y pasarlo bien ( para esto \u00faltimo cuenten conmigo).<br>Vendr\u00e1n tiempos mejores pero \u00abel futuro se trabaja,\u00bb no se espera \u00aba la luna de Valencia.\u00bb<br>AMUNT SEMPRE!.<\/p>\n","protected":false},"excerpt":{"rendered":"<div class=\"mh-excerpt\">Otro regalito para el vcf, feliz navidad, por parte de los \u00e1rbitros, \u00abdonde fueres de los tuyos tengas\u00bb. Posiblemente la buena relaci\u00f3n de Tebas con Lim por asunto de negocios, Tebas tiene un negocio sobre <a class=\"mh-excerpt-more\" href=\"https:\/\/www.tucomarca.com\/wordpress\/segunda\/opinion-preparar-el-futuro-por-jose-larrazabal\/\" title=\"Opini\u00f3n: \u00abPreparar el futuro\u00bb, por Jos\u00e9 Larraz\u00e1bal\">[+] <\/a><\/div>\n","protected":false},"author":12,"featured_media":136627,"comment_status":"open","ping_status":"open","sticky":false,"template":"","format":"standard","meta":{"footnotes":""},"categories":[50,3358,6,30,90,3],"tags":[10385,14998,1810],"class_list":{"0":"post-139847","1":"post","2":"type-post","3":"status-publish","4":"format-standard","5":"has-post-thumbnail","7":"category-futbol-deportes","8":"category-canal-valencia-cf","9":"category-deportes","10":"category-opinion","11":"category-opinion-opinion","12":"category-seccion","13":"tag-bunol","14":"tag-jose-larrazabal","15":"tag-valencia-cf"},"_links":{"self":[{"href":"https:\/\/www.tucomarca.com\/wordpress\/segunda\/wp-json\/wp\/v2\/posts\/139847","targetHints":{"allow":["GET"]}}],"collection":[{"href":"https:\/\/www.tucomarca.com\/wordpress\/segunda\/wp-json\/wp\/v2\/posts"}],"about":[{"href":"https:\/\/www.tucomarca.com\/wordpress\/segunda\/wp-json\/wp\/v2\/types\/post"}],"author":[{"embeddable":true,"href":"https:\/\/www.tucomarca.com\/wordpress\/segunda\/wp-json\/wp\/v2\/users\/12"}],"replies":[{"embeddable":true,"href":"https:\/\/www.tucomarca.com\/wordpress\/segunda\/wp-json\/wp\/v2\/comments?post=139847"}],"version-history":[{"count":0,"href":"https:\/\/www.tucomarca.com\/wordpress\/segunda\/wp-json\/wp\/v2\/posts\/139847\/revisions"}],"wp:featuredmedia":[{"embeddable":true,"href":"https:\/\/www.tucomarca.com\/wordpress\/segunda\/wp-json\/wp\/v2\/media\/136627"}],"wp:attachment":[{"href":"https:\/\/www.tucomarca.com\/wordpress\/segunda\/wp-json\/wp\/v2\/media?parent=139847"}],"wp:term":[{"taxonomy":"category","embeddable":true,"href":"https:\/\/www.tucomarca.com\/wordpress\/segunda\/wp-json\/wp\/v2\/categories?post=139847"},{"taxonomy":"post_tag","embeddable":true,"href":"https:\/\/www.tucomarca.com\/wordpress\/segunda\/wp-json\/wp\/v2\/tags?post=139847"}],"curies":[{"name":"wp","href":"https:\/\/api.w.org\/{rel}","templated":true}]}}