{"id":140,"date":"2012-04-25T00:54:41","date_gmt":"2012-04-25T00:54:41","guid":{"rendered":"http:\/\/www.tucomarca.com\/wordpress\/segunda\/?p=140"},"modified":"2012-05-09T01:44:51","modified_gmt":"2012-05-09T01:44:51","slug":"el-bunolense-fernando-galarza-queda-finalista-en-el-concurso-de-pintura-de-villena","status":"publish","type":"post","link":"https:\/\/www.tucomarca.com\/wordpress\/segunda\/el-bunolense-fernando-galarza-queda-finalista-en-el-concurso-de-pintura-de-villena\/","title":{"rendered":"El bu\u00f1olense Fernando Galarza queda finalista en el concurso de Pintura de Villena"},"content":{"rendered":"<figure id=\"attachment_445\" aria-describedby=\"caption-attachment-445\" style=\"width: 300px\" class=\"wp-caption alignleft\"><a href=\"https:\/\/www.tucomarca.com\/wordpress\/segunda\/wp-content\/uploads\/2012\/04\/para-tucomarca.jpg\"><img loading=\"lazy\" decoding=\"async\" class=\"size-full wp-image-445\" title=\"para-tucomarca\" src=\"https:\/\/www.tucomarca.com\/wordpress\/segunda\/wp-content\/uploads\/2012\/04\/para-tucomarca.jpg\" alt=\"\" width=\"300\" height=\"209\" \/><\/a><figcaption id=\"caption-attachment-445\" class=\"wp-caption-text\">El cuadro del bu\u00f1olense Fernando Galarza.<\/figcaption><\/figure>\n<p>Seg\u00fan inform\u00f3 este semanario en su edici\u00f3n impresa, Fernando Galarza, reconocido pintor bu\u00f1olense, no ha ocultado su satisfacci\u00f3n por haber quedado finalista en el Premio de Pintura de Villena, una cita a la que acudi\u00f3 con su cuadro Y despu\u00e9s de la tormenta siempre sale el sol, un t\u00edtulo con el que el artista ha querido aportar un rayo de esperanza en tiempos de crisis.<img decoding=\"async\" title=\"M\u00e1s...\" src=\"https:\/\/tucomarca.wordpress.com\/wp-includes\/js\/tinymce\/plugins\/wordpress\/img\/trans.gif\" alt=\"\" \/><br \/>\n\u00abLo cierto es que estoy muy contento por el resultado en esta competici\u00f3n en la que han participado 105 artistas de gran nivel y con trabajos espectaculares. Despu\u00e9s de varios a\u00f1os sin acudir a concursos, he decidido presentar este trabajo en Villena, pues se trataba de un concurso de tem\u00e1tica libre\u00bb, ha comentado Fernando Galarza, quien a\u00f1os atr\u00e1s ya gan\u00f3 esta competici\u00f3n con un cuadro referido a La Tomatina. El artista de Bu\u00f1ol nos confiesa que esta obra forma parte de su trabajo centrado en el paisaje urbano que tiene previsto presentar a la exposici\u00f3n que protagonizar\u00e1 entre septiembre y octubre en el Ateneo de Valencia.<\/p>\n","protected":false},"excerpt":{"rendered":"<div class=\"mh-excerpt\">Seg\u00fan inform\u00f3 este semanario en su edici\u00f3n impresa, Fernando Galarza, reconocido pintor bu\u00f1olense, no ha ocultado su satisfacci\u00f3n por haber quedado finalista en el Premio de Pintura de Villena, una cita a la que acudi\u00f3 <a class=\"mh-excerpt-more\" href=\"https:\/\/www.tucomarca.com\/wordpress\/segunda\/el-bunolense-fernando-galarza-queda-finalista-en-el-concurso-de-pintura-de-villena\/\" title=\"El bu\u00f1olense Fernando Galarza queda finalista en el concurso de Pintura de Villena\">[+] <\/a><\/div>\n","protected":false},"author":1,"featured_media":445,"comment_status":"open","ping_status":"open","sticky":false,"template":"","format":"standard","meta":{"footnotes":""},"categories":[18,10,7,3,45],"tags":[31],"class_list":{"0":"post-140","1":"post","2":"type-post","3":"status-publish","4":"format-standard","5":"has-post-thumbnail","7":"category-bunol","8":"category-la-hoya","9":"category-ocio-y-cultura","10":"category-seccion","11":"category-ventana","12":"tag-featured"},"_links":{"self":[{"href":"https:\/\/www.tucomarca.com\/wordpress\/segunda\/wp-json\/wp\/v2\/posts\/140","targetHints":{"allow":["GET"]}}],"collection":[{"href":"https:\/\/www.tucomarca.com\/wordpress\/segunda\/wp-json\/wp\/v2\/posts"}],"about":[{"href":"https:\/\/www.tucomarca.com\/wordpress\/segunda\/wp-json\/wp\/v2\/types\/post"}],"author":[{"embeddable":true,"href":"https:\/\/www.tucomarca.com\/wordpress\/segunda\/wp-json\/wp\/v2\/users\/1"}],"replies":[{"embeddable":true,"href":"https:\/\/www.tucomarca.com\/wordpress\/segunda\/wp-json\/wp\/v2\/comments?post=140"}],"version-history":[{"count":0,"href":"https:\/\/www.tucomarca.com\/wordpress\/segunda\/wp-json\/wp\/v2\/posts\/140\/revisions"}],"wp:featuredmedia":[{"embeddable":true,"href":"https:\/\/www.tucomarca.com\/wordpress\/segunda\/wp-json\/wp\/v2\/media\/445"}],"wp:attachment":[{"href":"https:\/\/www.tucomarca.com\/wordpress\/segunda\/wp-json\/wp\/v2\/media?parent=140"}],"wp:term":[{"taxonomy":"category","embeddable":true,"href":"https:\/\/www.tucomarca.com\/wordpress\/segunda\/wp-json\/wp\/v2\/categories?post=140"},{"taxonomy":"post_tag","embeddable":true,"href":"https:\/\/www.tucomarca.com\/wordpress\/segunda\/wp-json\/wp\/v2\/tags?post=140"}],"curies":[{"name":"wp","href":"https:\/\/api.w.org\/{rel}","templated":true}]}}