{"id":140028,"date":"2021-08-25T11:12:00","date_gmt":"2021-08-25T10:12:00","guid":{"rendered":"http:\/\/www.tucomarca.com\/wordpress\/segunda\/?p=140028"},"modified":"2021-08-29T11:14:47","modified_gmt":"2021-08-29T10:14:47","slug":"la-suelta-de-globos-rojos-biodegradables-y-una-tomatina-virtual-recuerdan-que-este-miercoles-se-celebraria-la-tomatina-de-bunol","status":"publish","type":"post","link":"https:\/\/www.tucomarca.com\/wordpress\/segunda\/la-suelta-de-globos-rojos-biodegradables-y-una-tomatina-virtual-recuerdan-que-este-miercoles-se-celebraria-la-tomatina-de-bunol\/","title":{"rendered":"La suelta de globos rojos biodegradables y una Tomatina virtual recuerdan que este mi\u00e9rcoles se celebrar\u00eda La Tomatina de Bu\u00f1ol"},"content":{"rendered":"\n<h4 class=\"wp-block-heading\">La popular fiesta de Bu\u00f1ol se convierte en una propuesta inmersiva de realidad virtual en 3D: La Tomatina VR Experience<\/h4>\n\n\n\n<figure class=\"wp-block-gallery columns-2 is-cropped wp-block-gallery-1 is-layout-flex wp-block-gallery-is-layout-flex\"><ul class=\"blocks-gallery-grid\"><li class=\"blocks-gallery-item\"><figure><img loading=\"lazy\" decoding=\"async\" width=\"1024\" height=\"770\" src=\"https:\/\/www.tucomarca.com\/wordpress\/segunda\/wp-content\/uploads\/2021\/08\/tomatina02-1024x770.jpg\" alt=\"\" data-id=\"140034\" data-full-url=\"https:\/\/www.tucomarca.com\/wordpress\/segunda\/wp-content\/uploads\/2021\/08\/tomatina02.jpg\" data-link=\"https:\/\/www.tucomarca.com\/wordpress\/segunda\/?attachment_id=140034\" class=\"wp-image-140034\" srcset=\"https:\/\/www.tucomarca.com\/wordpress\/segunda\/wp-content\/uploads\/2021\/08\/tomatina02-1024x770.jpg 1024w, https:\/\/www.tucomarca.com\/wordpress\/segunda\/wp-content\/uploads\/2021\/08\/tomatina02-300x226.jpg 300w, https:\/\/www.tucomarca.com\/wordpress\/segunda\/wp-content\/uploads\/2021\/08\/tomatina02-768x578.jpg 768w, https:\/\/www.tucomarca.com\/wordpress\/segunda\/wp-content\/uploads\/2021\/08\/tomatina02-678x509.jpg 678w, https:\/\/www.tucomarca.com\/wordpress\/segunda\/wp-content\/uploads\/2021\/08\/tomatina02-326x245.jpg 326w, https:\/\/www.tucomarca.com\/wordpress\/segunda\/wp-content\/uploads\/2021\/08\/tomatina02-80x60.jpg 80w, https:\/\/www.tucomarca.com\/wordpress\/segunda\/wp-content\/uploads\/2021\/08\/tomatina02.jpg 1287w\" sizes=\"auto, (max-width: 1024px) 100vw, 1024px\" \/><\/figure><\/li><li class=\"blocks-gallery-item\"><figure><img loading=\"lazy\" decoding=\"async\" width=\"739\" height=\"1024\" src=\"https:\/\/www.tucomarca.com\/wordpress\/segunda\/wp-content\/uploads\/2021\/08\/tomatina01-739x1024.jpg\" alt=\"\" data-id=\"140032\" data-full-url=\"https:\/\/www.tucomarca.com\/wordpress\/segunda\/wp-content\/uploads\/2021\/08\/tomatina01.jpg\" data-link=\"https:\/\/www.tucomarca.com\/wordpress\/segunda\/?attachment_id=140032\" class=\"wp-image-140032\" srcset=\"https:\/\/www.tucomarca.com\/wordpress\/segunda\/wp-content\/uploads\/2021\/08\/tomatina01-739x1024.jpg 739w, https:\/\/www.tucomarca.com\/wordpress\/segunda\/wp-content\/uploads\/2021\/08\/tomatina01-217x300.jpg 217w, https:\/\/www.tucomarca.com\/wordpress\/segunda\/wp-content\/uploads\/2021\/08\/tomatina01.jpg 750w\" sizes=\"auto, (max-width: 739px) 100vw, 739px\" \/><\/figure><\/li><\/ul><\/figure>\n\n\n\n<p>La Tomatina, que deber\u00eda haber convertido este mi\u00e9rcoles las calles de Bu\u00f1ol en pura salsa de tomate, ha sustituido este a\u00f1o el centro del pueblo por un espacio virtual gracias a la propuesta inmersiva de realidad virtual que permite una inmersi\u00f3n tridimensional total en la fiesta.<\/p>\n\n\n\n<p>La edici\u00f3n 76 de la batalla pac\u00edfica m\u00e1s internacional se ha trasladado al plano digital hasta que las circunstancias permitan celebrarla de manera f\u00edsica, con este motivo se ha presentado en la Sala El Mercado \u00abLa Tomatina VR Experience\u00bb, como ha explicado la alcaldesa de Bu\u00f1ol, Juncal Carrascosa.<\/p>\n\n\n\n<p>A continuaci\u00f3n, en el Puente de La Rep\u00fablica se ha disparado la tradicional carcasa que da lugar al inicio de La Tomatina y una suelta simb\u00f3lica de globos rojos  biodegradables para mostrar que el esp\u00edritu de La Tomatina sigue vivo.&nbsp;<\/p>\n","protected":false},"excerpt":{"rendered":"<div class=\"mh-excerpt\">La popular fiesta de Bu\u00f1ol se convierte en una propuesta inmersiva de realidad virtual en 3D: La Tomatina VR Experience La Tomatina, que deber\u00eda haber convertido este mi\u00e9rcoles las calles de Bu\u00f1ol en pura salsa <a class=\"mh-excerpt-more\" href=\"https:\/\/www.tucomarca.com\/wordpress\/segunda\/la-suelta-de-globos-rojos-biodegradables-y-una-tomatina-virtual-recuerdan-que-este-miercoles-se-celebraria-la-tomatina-de-bunol\/\" title=\"La suelta de globos rojos biodegradables y una Tomatina virtual recuerdan que este mi\u00e9rcoles se celebrar\u00eda La Tomatina de Bu\u00f1ol\">[+] <\/a><\/div>\n","protected":false},"author":12,"featured_media":140030,"comment_status":"open","ping_status":"open","sticky":false,"template":"","format":"standard","meta":{"footnotes":""},"categories":[18,8,72,10,383,3],"tags":[10385,5952,12477],"class_list":{"0":"post-140028","1":"post","2":"type-post","3":"status-publish","4":"format-standard","5":"has-post-thumbnail","7":"category-bunol","8":"category-la-comarca","9":"category-sin-categorizar","10":"category-la-hoya","11":"category-pueblos-en-fiestas","12":"category-seccion","13":"tag-bunol","14":"tag-la-hoya-de-bunol-chiva","15":"tag-la-tomatina-de-bunol"},"_links":{"self":[{"href":"https:\/\/www.tucomarca.com\/wordpress\/segunda\/wp-json\/wp\/v2\/posts\/140028","targetHints":{"allow":["GET"]}}],"collection":[{"href":"https:\/\/www.tucomarca.com\/wordpress\/segunda\/wp-json\/wp\/v2\/posts"}],"about":[{"href":"https:\/\/www.tucomarca.com\/wordpress\/segunda\/wp-json\/wp\/v2\/types\/post"}],"author":[{"embeddable":true,"href":"https:\/\/www.tucomarca.com\/wordpress\/segunda\/wp-json\/wp\/v2\/users\/12"}],"replies":[{"embeddable":true,"href":"https:\/\/www.tucomarca.com\/wordpress\/segunda\/wp-json\/wp\/v2\/comments?post=140028"}],"version-history":[{"count":0,"href":"https:\/\/www.tucomarca.com\/wordpress\/segunda\/wp-json\/wp\/v2\/posts\/140028\/revisions"}],"wp:featuredmedia":[{"embeddable":true,"href":"https:\/\/www.tucomarca.com\/wordpress\/segunda\/wp-json\/wp\/v2\/media\/140030"}],"wp:attachment":[{"href":"https:\/\/www.tucomarca.com\/wordpress\/segunda\/wp-json\/wp\/v2\/media?parent=140028"}],"wp:term":[{"taxonomy":"category","embeddable":true,"href":"https:\/\/www.tucomarca.com\/wordpress\/segunda\/wp-json\/wp\/v2\/categories?post=140028"},{"taxonomy":"post_tag","embeddable":true,"href":"https:\/\/www.tucomarca.com\/wordpress\/segunda\/wp-json\/wp\/v2\/tags?post=140028"}],"curies":[{"name":"wp","href":"https:\/\/api.w.org\/{rel}","templated":true}]}}