{"id":140400,"date":"2021-09-02T08:55:00","date_gmt":"2021-09-02T07:55:00","guid":{"rendered":"http:\/\/www.tucomarca.com\/wordpress\/segunda\/?p=140400"},"modified":"2021-09-02T10:29:01","modified_gmt":"2021-09-02T09:29:01","slug":"la-federacion-de-sociedades-musicales-convoca-los-xxii-premios-euterpe","status":"publish","type":"post","link":"https:\/\/www.tucomarca.com\/wordpress\/segunda\/la-federacion-de-sociedades-musicales-convoca-los-xxii-premios-euterpe\/","title":{"rendered":"La Federaci\u00f3n de Sociedades Musicales convoca los XXII Premios Euterpe"},"content":{"rendered":"\n<h4 class=\"wp-block-heading\">Para esta edici\u00f3n los premios suman un reconocimiento a la sociedad musical impulsora de proyectos de inclusi\u00f3n social<\/h4>\n\n\n\n<figure class=\"wp-block-image size-large\"><img loading=\"lazy\" decoding=\"async\" width=\"1024\" height=\"682\" src=\"https:\/\/www.tucomarca.com\/wordpress\/segunda\/wp-content\/uploads\/2021\/09\/GanadoresXXIPremiosEuterpe-1024x682.jpeg\" alt=\"\" class=\"wp-image-140404\" srcset=\"https:\/\/www.tucomarca.com\/wordpress\/segunda\/wp-content\/uploads\/2021\/09\/GanadoresXXIPremiosEuterpe-1024x682.jpeg 1024w, https:\/\/www.tucomarca.com\/wordpress\/segunda\/wp-content\/uploads\/2021\/09\/GanadoresXXIPremiosEuterpe-300x200.jpeg 300w, https:\/\/www.tucomarca.com\/wordpress\/segunda\/wp-content\/uploads\/2021\/09\/GanadoresXXIPremiosEuterpe-768x512.jpeg 768w, https:\/\/www.tucomarca.com\/wordpress\/segunda\/wp-content\/uploads\/2021\/09\/GanadoresXXIPremiosEuterpe-1536x1023.jpeg 1536w, https:\/\/www.tucomarca.com\/wordpress\/segunda\/wp-content\/uploads\/2021\/09\/GanadoresXXIPremiosEuterpe.jpeg 1600w\" sizes=\"auto, (max-width: 1024px) 100vw, 1024px\" \/><\/figure>\n\n\n\n<p>La Federaci\u00f3n de Sociedades Musicales de la Comunidad Valenciana (FSMCV) ha lanzado la convocatoria de los Premios Euterpe para la edici\u00f3n de 2021.<\/p>\n\n\n\n<p>Estos premios, que este a\u00f1o alcanzan su XXII edici\u00f3n, son convocados anualmente por la FSMCV con la finalidad de homenajear a la m\u00fasica valenciana en muy diferentes \u00e1mbitos de actuaci\u00f3n, reconociendo el m\u00e9rito de todas aquellas personas, sociedades musicales, colectivos, entidades, instituciones, empresas o proyectos que apuestan decididamente por mantener, impulsar y desarrollar la cultura musical valenciana y valores del colectivo de las sociedades musicales como la igualdad o la inclusi\u00f3n.<\/p>\n\n\n\n<p>As\u00ed pues, como novedad para esta edici\u00f3n, los Premios Euterpe contar\u00e1n con una nueva categor\u00eda: el Premio Euterpe a la sociedad musical impulsora de proyectos de inclusi\u00f3n social. Con este galard\u00f3n se pretende reconocer la labor de aquellas sociedades musicales que trabajan en este \u00e1mbito, impulsando proyectos que merecen ser difundidos como referencia dentro del colectivo.<\/p>\n\n\n\n<p>\u201cEstos galardones han representado durante m\u00e1s de dos d\u00e9cadas una de las principales herramientas para reconocer a muchos de los individuos, colectivos o empresas que colaboran para engrandecer el colectivo de las sociedades musicales. Con ello, nos enorgullece incluir en esta edici\u00f3n este reconocimiento a los proyectos sociales, que son piedra angular de este movimiento y que en los tiempos que corren han cobrado, si cabe, m\u00e1s importancia\u201d, ha comentado Daniela Gonz\u00e1lez, presidenta de la FSMCV.<\/p>\n\n\n\n<p>Las categor\u00edas establecidas para la XXII edici\u00f3n de los Premios Euterpe son las siguientes:<\/p>\n\n\n\n<ul class=\"wp-block-list\"><li>Premio Euterpe a la participaci\u00f3n federal.<\/li><li>Premio Euterpe a la dedicaci\u00f3n a su sociedad musical.<\/li><li>Premio Euterpe a la instituci\u00f3n o empresa, p\u00fablica o privada.<\/li><li>Premio Euterpe por la contribuci\u00f3n a la igualdad de g\u00e9nero en el \u00e1mbito de la m\u00fasica valenciana.<\/li><li>Premio Euterpe a la sociedad musical impulsora de proyectos de inclusi\u00f3n social.<\/li><\/ul>\n\n\n\n<p>El plazo de presentaci\u00f3n de candidaturas a los Premios Euterpe finalizar\u00e1 el 30 de septiembre de 2021. Toda la informaci\u00f3n relativa a los mismos se puede consultar en la p\u00e1gina web de FSMCV: <a href=\"http:\/\/www.fsmcv.org\">www.fsmcv.org<\/a><\/p>\n","protected":false},"excerpt":{"rendered":"<div class=\"mh-excerpt\">Para esta edici\u00f3n los premios suman un reconocimiento a la sociedad musical impulsora de proyectos de inclusi\u00f3n social La Federaci\u00f3n de Sociedades Musicales de la Comunidad Valenciana (FSMCV) ha lanzado la convocatoria de los Premios <a class=\"mh-excerpt-more\" href=\"https:\/\/www.tucomarca.com\/wordpress\/segunda\/la-federacion-de-sociedades-musicales-convoca-los-xxii-premios-euterpe\/\" title=\"La Federaci\u00f3n de Sociedades Musicales convoca los XXII Premios Euterpe\">[+] <\/a><\/div>\n","protected":false},"author":12,"featured_media":140402,"comment_status":"open","ping_status":"open","sticky":false,"template":"","format":"standard","meta":{"footnotes":""},"categories":[49,38,46,66,70,8,72,10,42,59,7,27,3],"tags":[10718,220,15397],"class_list":{"0":"post-140400","1":"post","2":"type-post","3":"status-publish","4":"format-standard","5":"has-post-thumbnail","7":"category-ademuz","8":"category-ayora-cofrentes","9":"category-camp-de-turia","10":"category-musica","11":"category-la-canal-de-navarres","12":"category-la-comarca","13":"category-sin-categorizar","14":"category-la-hoya","15":"category-la-ribera","16":"category-los-serranos","17":"category-ocio-y-cultura","18":"category-requena-utiel","19":"category-seccion","20":"tag-federacion-de-sociedades-musicales-de-la-comunidad-valenciana","21":"tag-fsmcv","22":"tag-xxii-premios-euterpe"},"_links":{"self":[{"href":"https:\/\/www.tucomarca.com\/wordpress\/segunda\/wp-json\/wp\/v2\/posts\/140400","targetHints":{"allow":["GET"]}}],"collection":[{"href":"https:\/\/www.tucomarca.com\/wordpress\/segunda\/wp-json\/wp\/v2\/posts"}],"about":[{"href":"https:\/\/www.tucomarca.com\/wordpress\/segunda\/wp-json\/wp\/v2\/types\/post"}],"author":[{"embeddable":true,"href":"https:\/\/www.tucomarca.com\/wordpress\/segunda\/wp-json\/wp\/v2\/users\/12"}],"replies":[{"embeddable":true,"href":"https:\/\/www.tucomarca.com\/wordpress\/segunda\/wp-json\/wp\/v2\/comments?post=140400"}],"version-history":[{"count":0,"href":"https:\/\/www.tucomarca.com\/wordpress\/segunda\/wp-json\/wp\/v2\/posts\/140400\/revisions"}],"wp:featuredmedia":[{"embeddable":true,"href":"https:\/\/www.tucomarca.com\/wordpress\/segunda\/wp-json\/wp\/v2\/media\/140402"}],"wp:attachment":[{"href":"https:\/\/www.tucomarca.com\/wordpress\/segunda\/wp-json\/wp\/v2\/media?parent=140400"}],"wp:term":[{"taxonomy":"category","embeddable":true,"href":"https:\/\/www.tucomarca.com\/wordpress\/segunda\/wp-json\/wp\/v2\/categories?post=140400"},{"taxonomy":"post_tag","embeddable":true,"href":"https:\/\/www.tucomarca.com\/wordpress\/segunda\/wp-json\/wp\/v2\/tags?post=140400"}],"curies":[{"name":"wp","href":"https:\/\/api.w.org\/{rel}","templated":true}]}}