{"id":140914,"date":"2021-09-13T08:00:00","date_gmt":"2021-09-13T07:00:00","guid":{"rendered":"http:\/\/www.tucomarca.com\/wordpress\/segunda\/?p=140914"},"modified":"2021-09-14T09:21:16","modified_gmt":"2021-09-14T08:21:16","slug":"ya-irrumpen-las-lluvias-y-se-preven-registros-importantes","status":"publish","type":"post","link":"https:\/\/www.tucomarca.com\/wordpress\/segunda\/ya-irrumpen-las-lluvias-y-se-preven-registros-importantes\/","title":{"rendered":"Ya irrumpen las lluvias y se prev\u00e9n registros importantes"},"content":{"rendered":"\n<p><strong>A orillas del Mediterraneo continuar\u00e1 el calor y el bochorno, adem\u00e1s con bastante polvo en suspensi\u00f3n que podr\u00eda provocar lluvias con barro<\/strong><\/p>\n\n\n\n<p>La situaci\u00f3n meteorol\u00f3gica est\u00e1 dando hoy un giro brusco hacia el tiempo oto\u00f1al, salvo en contadas regiones. La semana comenzar\u00e1 con una\u00a0bolsa de aire fr\u00edo en la zona oeste de la pen\u00ednsula que, con el paso de los d\u00edas,\u00a0oscilar\u00e1 en ese sector. Se trata de un embolsamiento de aire fr\u00edo con reflejo de bajas presiones en superficie, que adem\u00e1s no est\u00e1 del todo descolgado del \u201cchorro polar\u201d. Esto significa que no se trata de una DANA y que, tal vez, tampoco llegar\u00e1 a ser una borrasca fr\u00eda aislada seg\u00fan afirma Roger Sol\u00e9, experto de <a rel=\"noreferrer noopener\" href=\"https:\/\/anws.co\/b6iWJ\/%7B51815700-c2bd-4363-ad88-d34138954590%7D\" target=\"_blank\">Meteored (tiempo.com)<\/a>.<\/p>\n\n\n\n<p>A orillas del Mediterraneo habr\u00e1 una masa de aire c\u00e1lido y una elevada sensaci\u00f3n de bochorno. La situaci\u00f3n atl\u00e1ntica de la borrasca introducir\u00e1 aire c\u00e1lido desde el norte del continente africano a <a rel=\"noreferrer noopener\" href=\"https:\/\/anws.co\/b6iWP\/%7B51815700-c2bd-4363-ad88-d34138954590%7D\" target=\"_blank\">Murcia<\/a>, <a rel=\"noreferrer noopener\" href=\"https:\/\/anws.co\/b6iWQ\/%7B51815700-c2bd-4363-ad88-d34138954590%7D\" target=\"_blank\">Comunidad Valenciana<\/a>,<a rel=\"noreferrer noopener\" href=\"https:\/\/anws.co\/b6iWR\/%7B51815700-c2bd-4363-ad88-d34138954590%7D\" target=\"_blank\"> Catalu\u00f1a<\/a> y sobre todo al archipi\u00e9lago balear. Estas zonas contar\u00e1n con un tiempo m\u00e1s seco a excepci\u00f3n de ciertas \u00e1reas del interior, donde s\u00ed se registrar\u00e1n algunos chubascos. Har\u00e1\u00a0calor y habr\u00e1 <a rel=\"noreferrer noopener\" href=\"https:\/\/anws.co\/b6iWS\/%7B51815700-c2bd-4363-ad88-d34138954590%7D\" target=\"_blank\">polvo en suspensi\u00f3n<\/a>.<br><\/p>\n\n\n\n<p>Entre el jueves y viernes tambi\u00e9n podr\u00edan producirse precipitaciones en el este peninsular de manera menos organizada y en forma de chubascos, ya que el centro de bajas presiones se trasladar\u00e1 hacia el noroeste procedente del Estrecho, mientras disminuye su contenido de aire fr\u00edo.\u00a0<\/p>\n","protected":false},"excerpt":{"rendered":"<div class=\"mh-excerpt\">A orillas del Mediterraneo continuar\u00e1 el calor y el bochorno, adem\u00e1s con bastante polvo en suspensi\u00f3n que podr\u00eda provocar lluvias con barro La situaci\u00f3n meteorol\u00f3gica est\u00e1 dando hoy un giro brusco hacia el tiempo oto\u00f1al, <a class=\"mh-excerpt-more\" href=\"https:\/\/www.tucomarca.com\/wordpress\/segunda\/ya-irrumpen-las-lluvias-y-se-preven-registros-importantes\/\" title=\"Ya irrumpen las lluvias y se prev\u00e9n registros importantes\">[+] <\/a><\/div>\n","protected":false},"author":1,"featured_media":140915,"comment_status":"open","ping_status":"open","sticky":false,"template":"","format":"standard","meta":{"footnotes":""},"categories":[11982,128,8,72,117,3,45],"tags":[11984,2142],"class_list":{"0":"post-140914","1":"post","2":"type-post","3":"status-publish","4":"format-standard","5":"has-post-thumbnail","7":"category-el-tiempo","8":"category-infraestructuras","9":"category-la-comarca","10":"category-sin-categorizar","11":"category-medio-ambiente-la-comarca","12":"category-seccion","13":"category-ventana","14":"tag-el-tiempo","15":"tag-la-comunitat"},"_links":{"self":[{"href":"https:\/\/www.tucomarca.com\/wordpress\/segunda\/wp-json\/wp\/v2\/posts\/140914","targetHints":{"allow":["GET"]}}],"collection":[{"href":"https:\/\/www.tucomarca.com\/wordpress\/segunda\/wp-json\/wp\/v2\/posts"}],"about":[{"href":"https:\/\/www.tucomarca.com\/wordpress\/segunda\/wp-json\/wp\/v2\/types\/post"}],"author":[{"embeddable":true,"href":"https:\/\/www.tucomarca.com\/wordpress\/segunda\/wp-json\/wp\/v2\/users\/1"}],"replies":[{"embeddable":true,"href":"https:\/\/www.tucomarca.com\/wordpress\/segunda\/wp-json\/wp\/v2\/comments?post=140914"}],"version-history":[{"count":0,"href":"https:\/\/www.tucomarca.com\/wordpress\/segunda\/wp-json\/wp\/v2\/posts\/140914\/revisions"}],"wp:featuredmedia":[{"embeddable":true,"href":"https:\/\/www.tucomarca.com\/wordpress\/segunda\/wp-json\/wp\/v2\/media\/140915"}],"wp:attachment":[{"href":"https:\/\/www.tucomarca.com\/wordpress\/segunda\/wp-json\/wp\/v2\/media?parent=140914"}],"wp:term":[{"taxonomy":"category","embeddable":true,"href":"https:\/\/www.tucomarca.com\/wordpress\/segunda\/wp-json\/wp\/v2\/categories?post=140914"},{"taxonomy":"post_tag","embeddable":true,"href":"https:\/\/www.tucomarca.com\/wordpress\/segunda\/wp-json\/wp\/v2\/tags?post=140914"}],"curies":[{"name":"wp","href":"https:\/\/api.w.org\/{rel}","templated":true}]}}