{"id":140934,"date":"2021-09-14T14:00:00","date_gmt":"2021-09-14T13:00:00","guid":{"rendered":"http:\/\/www.tucomarca.com\/wordpress\/segunda\/?p=140934"},"modified":"2021-09-16T19:27:36","modified_gmt":"2021-09-16T18:27:36","slug":"cre-a-rural-abre-la-inscripcion-a-talleres-formativos-grupales","status":"publish","type":"post","link":"https:\/\/www.tucomarca.com\/wordpress\/segunda\/cre-a-rural-abre-la-inscripcion-a-talleres-formativos-grupales\/","title":{"rendered":"CRE-A Rural abre la inscripci\u00f3n a talleres formativos grupales"},"content":{"rendered":"\n<p><em>5 talleres formativos grupales dar\u00e1n respuesta a necesidades comunes de empresas locales y emprendedor<\/em>@s<\/p>\n\n\n\n<p>Desde el proyecto de Cooperaci\u00f3n Red Rural Valenciana de Emprendimiento CRE-A Rural, promovido por los Grupos de Acci\u00f3n Local GAL ASIR-Sur de Alicante, GAL Rural Muntanya d\u2019Alacant, <strong>GAL Rurable (Valencia)<\/strong> y GAL Castell\u00f3n Sur 14-20, que nace con el objetivo de evaluar y mejorar el potencial de atracci\u00f3n y retenci\u00f3n del espacio rural, se impartir\u00e1n talleres formativos para ampliar los conocimientos de empresas y emprendedor@s locales, generando un espacio de conexi\u00f3n entre ellos.<\/p>\n\n\n\n<p>Se abre el plazo para que todas las pymes y emprendedor@s de los territorios asociados a los Grupos de Acci\u00f3n Local, puedan participar en 5 talleres formativos grupales que se celebrar\u00e1n en modalidad online durante los meses de septiembre y octubre. Se detalla a continuaci\u00f3n el programa de talleres:<\/p>\n\n\n\n<ul class=\"wp-block-list\"><li>Taller 1. Define la estrategia y dise\u00f1o de tu marca<\/li><\/ul>\n\n\n\n<p>Lunes 20\/09 a las 18:00h<\/p>\n\n\n\n<ul class=\"wp-block-list\"><li>Taller 2. Alianzas estrat\u00e9gicas y desarrollo de negocio<\/li><\/ul>\n\n\n\n<p>Mi\u00e9rcoles 22\/09 a las 18:00h<\/p>\n\n\n\n<ul class=\"wp-block-list\"><li>Taller 3. Define la estrategia digital de tu marca<\/li><\/ul>\n\n\n\n<p>Mi\u00e9rcoles 29\/09 a las 18:00h<\/p>\n\n\n\n<ul class=\"wp-block-list\"><li>Taller 4. Facebook Ads<\/li><\/ul>\n\n\n\n<p>Mi\u00e9rcoles 06\/10 a las 18:00h<\/p>\n\n\n\n<ul class=\"wp-block-list\"><li>Taller 5. Oportunidades de financiaci\u00f3n<\/li><\/ul>\n\n\n\n<p>Mi\u00e9rcoles 13\/10 a las 18:00h<\/p>\n\n\n\n<p>La inscripci\u00f3n a estas actividades, as\u00ed como cualquier consulta al respecto, puede realizarse mediante el correo electr\u00f3nico <a href=\"mailto:mentorizacioncrearural@gmail.com\">mentorizacioncrearural@gmail.com<\/a> y\/o a trav\u00e9s del n\u00famero de tel\u00e9fono 672 129 860.&nbsp;<\/p>\n","protected":false},"excerpt":{"rendered":"<div class=\"mh-excerpt\">5 talleres formativos grupales dar\u00e1n respuesta a necesidades comunes de empresas locales y emprendedor@s Desde el proyecto de Cooperaci\u00f3n Red Rural Valenciana de Emprendimiento CRE-A Rural, promovido por los Grupos de Acci\u00f3n Local GAL ASIR-Sur <a class=\"mh-excerpt-more\" href=\"https:\/\/www.tucomarca.com\/wordpress\/segunda\/cre-a-rural-abre-la-inscripcion-a-talleres-formativos-grupales\/\" title=\"CRE-A Rural abre la inscripci\u00f3n a talleres formativos grupales\">[+] <\/a><\/div>\n","protected":false},"author":1,"featured_media":140935,"comment_status":"open","ping_status":"open","sticky":false,"template":"","format":"standard","meta":{"footnotes":""},"categories":[4,169,8,72,27,3],"tags":[85,10387],"class_list":{"0":"post-140934","1":"post","2":"type-post","3":"status-publish","4":"format-standard","5":"has-post-thumbnail","7":"category-agenda","8":"category-agricultura-la-comarca","9":"category-la-comarca","10":"category-sin-categorizar","11":"category-requena-utiel","12":"category-seccion","13":"tag-agricultura","14":"tag-requena-utiel"},"_links":{"self":[{"href":"https:\/\/www.tucomarca.com\/wordpress\/segunda\/wp-json\/wp\/v2\/posts\/140934","targetHints":{"allow":["GET"]}}],"collection":[{"href":"https:\/\/www.tucomarca.com\/wordpress\/segunda\/wp-json\/wp\/v2\/posts"}],"about":[{"href":"https:\/\/www.tucomarca.com\/wordpress\/segunda\/wp-json\/wp\/v2\/types\/post"}],"author":[{"embeddable":true,"href":"https:\/\/www.tucomarca.com\/wordpress\/segunda\/wp-json\/wp\/v2\/users\/1"}],"replies":[{"embeddable":true,"href":"https:\/\/www.tucomarca.com\/wordpress\/segunda\/wp-json\/wp\/v2\/comments?post=140934"}],"version-history":[{"count":0,"href":"https:\/\/www.tucomarca.com\/wordpress\/segunda\/wp-json\/wp\/v2\/posts\/140934\/revisions"}],"wp:featuredmedia":[{"embeddable":true,"href":"https:\/\/www.tucomarca.com\/wordpress\/segunda\/wp-json\/wp\/v2\/media\/140935"}],"wp:attachment":[{"href":"https:\/\/www.tucomarca.com\/wordpress\/segunda\/wp-json\/wp\/v2\/media?parent=140934"}],"wp:term":[{"taxonomy":"category","embeddable":true,"href":"https:\/\/www.tucomarca.com\/wordpress\/segunda\/wp-json\/wp\/v2\/categories?post=140934"},{"taxonomy":"post_tag","embeddable":true,"href":"https:\/\/www.tucomarca.com\/wordpress\/segunda\/wp-json\/wp\/v2\/tags?post=140934"}],"curies":[{"name":"wp","href":"https:\/\/api.w.org\/{rel}","templated":true}]}}