{"id":140966,"date":"2021-09-14T18:00:00","date_gmt":"2021-09-14T17:00:00","guid":{"rendered":"http:\/\/www.tucomarca.com\/wordpress\/segunda\/?p=140966"},"modified":"2021-09-16T19:22:46","modified_gmt":"2021-09-16T18:22:46","slug":"requena-recibe-a-la-ganadora-de-la-beca-pedro-marco","status":"publish","type":"post","link":"https:\/\/www.tucomarca.com\/wordpress\/segunda\/requena-recibe-a-la-ganadora-de-la-beca-pedro-marco\/","title":{"rendered":"Requena recibe a la ganadora de la beca Pedro Marco"},"content":{"rendered":"\n<p>La edil de Cultura, Mar\u00eda Jos\u00e9 Mart\u00edn, y el Alcalde de Requena, Mario S\u00e1nchez, han recibido a la joven artista valenciana Mar\u00eda Esteve, ganadora de la Beca Pedro Marco 2021 en su paso por la localidad.Esteve es una joven artista nacida en Algemes\u00ed y que para este original trabajo de arte pl\u00e1stico se est\u00e1 basando en las huellas recogidas en lonas que coloca en el suelo para que la gente las pise y deje su impronta.<\/p>\n\n\n\n<p>Al evento\u00a0 asistieron\u00a0 tambi\u00e9n el director de la escuela de Artes Pl\u00e1sticas de Requena y profesor de la universidad de Bellas Artes de Valencia, Jos\u00e9 Sienra, as\u00ed como el benefactor de la beca, Pedro Marco, que cede su propia casa durante un mes para que la becada pueda llevar a cabo su trabajo art\u00edstico en un ambiente de recogimiento e inspiraci\u00f3n.<\/p>\n\n\n\n<p>Un a\u00f1o m\u00e1s, Pedro Marco, contando con el apoyo del\u00a0 Ayuntamiento, la Escuela de Artes Pl\u00e1sticas de Requena y la Facultad de Bellas Artes de la Universitat Polit\u00e8cnica de Val\u00e8ncia, concede la mencionads beca, cuyos objetivos principales son promover aportaciones art\u00edsticas del \u00e1rea pl\u00e1stica y fomentar el entorno de Requena y su antiguo barrio de La Villa, a la vez que se da oportunidad a j\u00f3venes artistas espa\u00f1oles menores de 30 a\u00f1os para exponer su talento, ya que la obra realizada ser\u00e1 exhibida en el Patio del Mercado, cuando est\u00e9 finalizada. Informa, <strong>Luis Ib\u00e1\u00f1ez<\/strong>.<\/p>\n","protected":false},"excerpt":{"rendered":"<div class=\"mh-excerpt\">La edil de Cultura, Mar\u00eda Jos\u00e9 Mart\u00edn, y el Alcalde de Requena, Mario S\u00e1nchez, han recibido a la joven artista valenciana Mar\u00eda Esteve, ganadora de la Beca Pedro Marco 2021 en su paso por la <a class=\"mh-excerpt-more\" href=\"https:\/\/www.tucomarca.com\/wordpress\/segunda\/requena-recibe-a-la-ganadora-de-la-beca-pedro-marco\/\" title=\"Requena recibe a la ganadora de la beca Pedro Marco\">[+] <\/a><\/div>\n","protected":false},"author":1,"featured_media":140975,"comment_status":"open","ping_status":"open","sticky":false,"template":"","format":"standard","meta":{"footnotes":""},"categories":[8,7,28,27,3],"tags":[456,10388,10387],"class_list":{"0":"post-140966","1":"post","2":"type-post","3":"status-publish","4":"format-standard","5":"has-post-thumbnail","7":"category-la-comarca","8":"category-ocio-y-cultura","9":"category-requena","10":"category-requena-utiel","11":"category-seccion","12":"tag-cultura","13":"tag-requena","14":"tag-requena-utiel"},"_links":{"self":[{"href":"https:\/\/www.tucomarca.com\/wordpress\/segunda\/wp-json\/wp\/v2\/posts\/140966","targetHints":{"allow":["GET"]}}],"collection":[{"href":"https:\/\/www.tucomarca.com\/wordpress\/segunda\/wp-json\/wp\/v2\/posts"}],"about":[{"href":"https:\/\/www.tucomarca.com\/wordpress\/segunda\/wp-json\/wp\/v2\/types\/post"}],"author":[{"embeddable":true,"href":"https:\/\/www.tucomarca.com\/wordpress\/segunda\/wp-json\/wp\/v2\/users\/1"}],"replies":[{"embeddable":true,"href":"https:\/\/www.tucomarca.com\/wordpress\/segunda\/wp-json\/wp\/v2\/comments?post=140966"}],"version-history":[{"count":0,"href":"https:\/\/www.tucomarca.com\/wordpress\/segunda\/wp-json\/wp\/v2\/posts\/140966\/revisions"}],"wp:featuredmedia":[{"embeddable":true,"href":"https:\/\/www.tucomarca.com\/wordpress\/segunda\/wp-json\/wp\/v2\/media\/140975"}],"wp:attachment":[{"href":"https:\/\/www.tucomarca.com\/wordpress\/segunda\/wp-json\/wp\/v2\/media?parent=140966"}],"wp:term":[{"taxonomy":"category","embeddable":true,"href":"https:\/\/www.tucomarca.com\/wordpress\/segunda\/wp-json\/wp\/v2\/categories?post=140966"},{"taxonomy":"post_tag","embeddable":true,"href":"https:\/\/www.tucomarca.com\/wordpress\/segunda\/wp-json\/wp\/v2\/tags?post=140966"}],"curies":[{"name":"wp","href":"https:\/\/api.w.org\/{rel}","templated":true}]}}