{"id":141004,"date":"2021-09-16T10:03:59","date_gmt":"2021-09-16T09:03:59","guid":{"rendered":"http:\/\/www.tucomarca.com\/wordpress\/segunda\/?p=141004"},"modified":"2021-09-16T10:04:22","modified_gmt":"2021-09-16T09:04:22","slug":"jota-martinez-duo-y-besarabia-cierran-el-ii-ciclo-de-musica-tradicional-y-de-raiz-cantos-rutas-y-viandas-en-alborache","status":"publish","type":"post","link":"https:\/\/www.tucomarca.com\/wordpress\/segunda\/jota-martinez-duo-y-besarabia-cierran-el-ii-ciclo-de-musica-tradicional-y-de-raiz-cantos-rutas-y-viandas-en-alborache\/","title":{"rendered":"Jota Mart\u00ednez D\u00fao y Besarabia cierran el II Ciclo de M\u00fasica Tradicional y de Ra\u00edz \u201cCantos, Rutas y Viandas\u201d en Alborache"},"content":{"rendered":"\n<h4 class=\"wp-block-heading\">La fusi\u00f3n y los sonidos tradicionales y multiculturales ser\u00e1n los protagonistas de la propuesta cultural para este fin de semana<\/h4>\n\n\n\n<p>El fin de semana del 18 y 19 de septiembre concluye la segunda edici\u00f3n del Ciclo de M\u00fasica Tradicional y de Ra\u00edz \u201cCantos, Rutas y Viandas\u201d, con las actuaciones de <strong>Jota Mart\u00ednez D\u00fao<\/strong> y <strong>Besarabia<\/strong>, dosformaciones de reconocido prestigio en la recuperaci\u00f3n de folclore y fusi\u00f3n de m\u00fasicas del arco mediterr\u00e1neo.<\/p>\n\n\n\n<p>Tras la actuaci\u00f3n de Pep el Botifarra la semana anterior, el s\u00e1bado Alborache vuelve a llenarse de los sonidos tradiciones y de fusi\u00f3n multicultural con <strong>Jota Mart\u00ednez D\u00fao<\/strong> y su espect\u00e1culo <em>Tres culturas en la Espa\u00f1a medieval<\/em>, el <strong>s\u00e1bado 18 de septiembre a las 19:00 h.<\/strong> en la Plaza de Espa\u00f1a. Est\u00e1 previsto que asistan representantes de las asociaciones m\u00e1s representativas de la cultura isl\u00e1mica y sefard\u00ed, como muestra de apoyo a la recuperaci\u00f3n del patrimonio musical multicultural y diverso de nuestras m\u00fasicas m\u00e1s tradicionales.<\/p>\n\n\n\n<p>Por \u00faltimo, el grupo <strong>Besarabia <\/strong>cierra el ciclo con un concierto en el \u00e1rea recreativa de la Ruta de los Molinos el <strong>domingo 19 de septiembre, a las 12:00 h.<\/strong>, presentando su \u00faltimo disco, <em>Animal Republic<\/em>, que se ha publicado el 10 de septiembre. <strong>Besarabia<\/strong> interpretar\u00e1 sus temas de fusi\u00f3n de folk, flamenco, jazz e incluso rap.&nbsp;<\/p>\n\n\n\n<p>Tras la gran acogida de la edici\u00f3n del a\u00f1o pasado y del concierto inaugural de este a\u00f1o, la Concejal\u00eda de Cultura del Ayuntamiento de Alborache valora muy positivamente la puesta en marcha de esta propuesta, que ya est\u00e1 consolidada entre aficionados y profesionales de la m\u00fasica tradicional. Para Vicente Darder, concejal de Cultura, con el ciclo de m\u00fasica tradicional y de ra\u00edz <em>\u201cel Ayuntamiento de Alborache est\u00e1 cumpliendo con el objetivo que nos marcamos: ofrecer una programaci\u00f3n cultural de calidad, diversa y para todos los p\u00fablicos. Tenemos un fuerte compromiso con propuestas que contribuyan activamente a estimular la curiosidad por conocer nuestras propias tradiciones y c\u00f3mo han estado influidas a lo largo de los siglos por tantas otras, ya que es la mejor manera de enriquecernos a todos y todas.\u201d<\/em>&nbsp;<\/p>\n\n\n\n<p>La asistencia es gratuita hasta completar el aforo. Es imprescindible el uso de mascarillas. El Ayuntamiento de Alborache controlar\u00e1 el acceso y el cumplimiento de las medidas de distanciamiento y seguridad.<\/p>\n\n\n\n<p><strong>PROGRAMA<\/strong><\/p>\n\n\n\n<p><strong>S\u00c1BADO, 18 DE SEPTIEMBRE, A LAS 19:00 H. EN LA PLAZA DE ESPA\u00d1A<\/strong><\/p>\n\n\n\n<p><strong>Jota Mart\u00ednez D\u00fao<\/strong>, con <em>Tres culturas en la Espa\u00f1a Medieval<\/em><\/p>\n\n\n\n<p><strong>DOMINGO, 19 DE SEPTIEMBRE, A LAS 12:00 H. EN LA ZONA RECREATIVA DE LA RUTA DE LOS MOLINOS<\/strong><\/p>\n\n\n\n<p><strong>Besarabia<\/strong><\/p>\n","protected":false},"excerpt":{"rendered":"<div class=\"mh-excerpt\">La fusi\u00f3n y los sonidos tradicionales y multiculturales ser\u00e1n los protagonistas de la propuesta cultural para este fin de semana El fin de semana del 18 y 19 de septiembre concluye la segunda edici\u00f3n del <a class=\"mh-excerpt-more\" href=\"https:\/\/www.tucomarca.com\/wordpress\/segunda\/jota-martinez-duo-y-besarabia-cierran-el-ii-ciclo-de-musica-tradicional-y-de-raiz-cantos-rutas-y-viandas-en-alborache\/\" title=\"Jota Mart\u00ednez D\u00fao y Besarabia cierran el II Ciclo de M\u00fasica Tradicional y de Ra\u00edz \u201cCantos, Rutas y Viandas\u201d en Alborache\">[+] <\/a><\/div>\n","protected":false},"author":1,"featured_media":141005,"comment_status":"open","ping_status":"open","sticky":false,"template":"","format":"standard","meta":{"footnotes":""},"categories":[19,8,10,5,7,383,3],"tags":[10386,5952],"class_list":{"0":"post-141004","1":"post","2":"type-post","3":"status-publish","4":"format-standard","5":"has-post-thumbnail","7":"category-alborache","8":"category-la-comarca","9":"category-la-hoya","10":"category-la-semana-en-imagenes","11":"category-ocio-y-cultura","12":"category-pueblos-en-fiestas","13":"category-seccion","14":"tag-alborache","15":"tag-la-hoya-de-bunol-chiva"},"_links":{"self":[{"href":"https:\/\/www.tucomarca.com\/wordpress\/segunda\/wp-json\/wp\/v2\/posts\/141004","targetHints":{"allow":["GET"]}}],"collection":[{"href":"https:\/\/www.tucomarca.com\/wordpress\/segunda\/wp-json\/wp\/v2\/posts"}],"about":[{"href":"https:\/\/www.tucomarca.com\/wordpress\/segunda\/wp-json\/wp\/v2\/types\/post"}],"author":[{"embeddable":true,"href":"https:\/\/www.tucomarca.com\/wordpress\/segunda\/wp-json\/wp\/v2\/users\/1"}],"replies":[{"embeddable":true,"href":"https:\/\/www.tucomarca.com\/wordpress\/segunda\/wp-json\/wp\/v2\/comments?post=141004"}],"version-history":[{"count":0,"href":"https:\/\/www.tucomarca.com\/wordpress\/segunda\/wp-json\/wp\/v2\/posts\/141004\/revisions"}],"wp:featuredmedia":[{"embeddable":true,"href":"https:\/\/www.tucomarca.com\/wordpress\/segunda\/wp-json\/wp\/v2\/media\/141005"}],"wp:attachment":[{"href":"https:\/\/www.tucomarca.com\/wordpress\/segunda\/wp-json\/wp\/v2\/media?parent=141004"}],"wp:term":[{"taxonomy":"category","embeddable":true,"href":"https:\/\/www.tucomarca.com\/wordpress\/segunda\/wp-json\/wp\/v2\/categories?post=141004"},{"taxonomy":"post_tag","embeddable":true,"href":"https:\/\/www.tucomarca.com\/wordpress\/segunda\/wp-json\/wp\/v2\/tags?post=141004"}],"curies":[{"name":"wp","href":"https:\/\/api.w.org\/{rel}","templated":true}]}}