{"id":141022,"date":"2021-09-16T10:11:14","date_gmt":"2021-09-16T09:11:14","guid":{"rendered":"http:\/\/www.tucomarca.com\/wordpress\/segunda\/?p=141022"},"modified":"2021-09-16T10:11:19","modified_gmt":"2021-09-16T09:11:19","slug":"la-residencia-para-personas-mayores-la-saleta-betera-dona-80-kilos-de-alimentos-a-cruz-roja","status":"publish","type":"post","link":"https:\/\/www.tucomarca.com\/wordpress\/segunda\/la-residencia-para-personas-mayores-la-saleta-betera-dona-80-kilos-de-alimentos-a-cruz-roja\/","title":{"rendered":"La residencia para personas mayores La Saleta B\u00e9tera dona 80 kilos de alimentos a Cruz Roja"},"content":{"rendered":"\n<h4 class=\"wp-block-heading\">Residentes, familiares y profesionales del centro de mayores realizan una recogida solidaria a lo largo del mes de agosto y septiembre<\/h4>\n\n\n\n<p>La residencia para personas mayores La Saleta B\u00e9tera ha realizado una donaci\u00f3n de un total de 80 kilogramos de alimentos a la Asamblea Local de Cruz Roja en la Pobla de Vallbona (Valencia).<\/p>\n\n\n\n<p>La directora de la residencia La Saleta B\u00e9tera, Yolanda Castillo, entreg\u00f3 la donaci\u00f3n este martes al presidente de Cruz Roja en la Pobla de Vallbona, Ram\u00f3n Balaguer, y a la directora t\u00e9cnica de Cruz Roja en la Pobla de Vallbona, Sacra Dolz.<\/p>\n\n\n\n<p>Los residentes, familiares y profesionales de la residencia del Grupo Colis\u00e9e han hecho la recogida de alimentos en el marco de una actividad solidaria a lo largo del mes de agosto y septiembre, con la voluntad de apoyar la labor de Cruz Roja en la zona.<\/p>\n","protected":false},"excerpt":{"rendered":"<div class=\"mh-excerpt\">Residentes, familiares y profesionales del centro de mayores realizan una recogida solidaria a lo largo del mes de agosto y septiembre La residencia para personas mayores La Saleta B\u00e9tera ha realizado una donaci\u00f3n de un <a class=\"mh-excerpt-more\" href=\"https:\/\/www.tucomarca.com\/wordpress\/segunda\/la-residencia-para-personas-mayores-la-saleta-betera-dona-80-kilos-de-alimentos-a-cruz-roja\/\" title=\"La residencia para personas mayores La Saleta B\u00e9tera dona 80 kilos de alimentos a Cruz Roja\">[+] <\/a><\/div>\n","protected":false},"author":1,"featured_media":141023,"comment_status":"open","ping_status":"open","sticky":false,"template":"","format":"standard","meta":{"footnotes":""},"categories":[51,46,119,8,3,116],"tags":[10398,10395,1149,15482],"class_list":{"0":"post-141022","1":"post","2":"type-post","3":"status-publish","4":"format-standard","5":"has-post-thumbnail","7":"category-betera","8":"category-camp-de-turia","9":"category-sanidad-la-comarca","10":"category-la-comarca","11":"category-seccion","12":"category-sucesos-la-comarca","13":"tag-betera","14":"tag-camp-de-turia","15":"tag-cruz-roja","16":"tag-la-saleta"},"_links":{"self":[{"href":"https:\/\/www.tucomarca.com\/wordpress\/segunda\/wp-json\/wp\/v2\/posts\/141022","targetHints":{"allow":["GET"]}}],"collection":[{"href":"https:\/\/www.tucomarca.com\/wordpress\/segunda\/wp-json\/wp\/v2\/posts"}],"about":[{"href":"https:\/\/www.tucomarca.com\/wordpress\/segunda\/wp-json\/wp\/v2\/types\/post"}],"author":[{"embeddable":true,"href":"https:\/\/www.tucomarca.com\/wordpress\/segunda\/wp-json\/wp\/v2\/users\/1"}],"replies":[{"embeddable":true,"href":"https:\/\/www.tucomarca.com\/wordpress\/segunda\/wp-json\/wp\/v2\/comments?post=141022"}],"version-history":[{"count":0,"href":"https:\/\/www.tucomarca.com\/wordpress\/segunda\/wp-json\/wp\/v2\/posts\/141022\/revisions"}],"wp:featuredmedia":[{"embeddable":true,"href":"https:\/\/www.tucomarca.com\/wordpress\/segunda\/wp-json\/wp\/v2\/media\/141023"}],"wp:attachment":[{"href":"https:\/\/www.tucomarca.com\/wordpress\/segunda\/wp-json\/wp\/v2\/media?parent=141022"}],"wp:term":[{"taxonomy":"category","embeddable":true,"href":"https:\/\/www.tucomarca.com\/wordpress\/segunda\/wp-json\/wp\/v2\/categories?post=141022"},{"taxonomy":"post_tag","embeddable":true,"href":"https:\/\/www.tucomarca.com\/wordpress\/segunda\/wp-json\/wp\/v2\/tags?post=141022"}],"curies":[{"name":"wp","href":"https:\/\/api.w.org\/{rel}","templated":true}]}}