{"id":141029,"date":"2021-09-16T10:00:19","date_gmt":"2021-09-16T09:00:19","guid":{"rendered":"http:\/\/www.tucomarca.com\/wordpress\/segunda\/?p=141029"},"modified":"2021-09-16T10:00:24","modified_gmt":"2021-09-16T09:00:24","slug":"el-plan-de-actuacion-municipal-de-bunol-continua-con-un-taller-informativo-el-proximo-martes-en-la-localidad","status":"publish","type":"post","link":"https:\/\/www.tucomarca.com\/wordpress\/segunda\/el-plan-de-actuacion-municipal-de-bunol-continua-con-un-taller-informativo-el-proximo-martes-en-la-localidad\/","title":{"rendered":"El Plan de Actuaci\u00f3n Municipal de Bu\u00f1ol contin\u00faa con un taller informativo el pr\u00f3ximo martes en la localidad"},"content":{"rendered":"\n<p><strong>Todav\u00eda est\u00e1 activa la encuesta del PUAM para poder participar. Adem\u00e1s este plan contin\u00faa con un taller informativo sobre este plan, que tendr\u00e1 lugar el pr\u00f3ximo martes a las 18h en la Sala Raga del Molino Gal\u00e1n de Bu\u00f1ol.&nbsp;Definiremos las debilidades, amenazas, fortalezas y oportunidades del municipio.&nbsp;<\/strong><\/p>\n\n\n\n<p>De 18 a 19.30h est\u00e1 prevista la realizaci\u00f3n de este taller sobre el Plan urbano de actuaci\u00f3n municipal, que ya arranc\u00f3 con la fase de encuesta y sigue dando pasos hasta conseguir que entre todos podamos configurar el municipio que queremos para los pr\u00f3ximos a\u00f1os.<\/p>\n","protected":false},"excerpt":{"rendered":"<div class=\"mh-excerpt\">Todav\u00eda est\u00e1 activa la encuesta del PUAM para poder participar. Adem\u00e1s este plan contin\u00faa con un taller informativo sobre este plan, que tendr\u00e1 lugar el pr\u00f3ximo martes a las 18h en la Sala Raga del <a class=\"mh-excerpt-more\" href=\"https:\/\/www.tucomarca.com\/wordpress\/segunda\/el-plan-de-actuacion-municipal-de-bunol-continua-con-un-taller-informativo-el-proximo-martes-en-la-localidad\/\" title=\"El Plan de Actuaci\u00f3n Municipal de Bu\u00f1ol contin\u00faa con un taller informativo el pr\u00f3ximo martes en la localidad\">[+] <\/a><\/div>\n","protected":false},"author":1,"featured_media":141030,"comment_status":"open","ping_status":"open","sticky":false,"template":"","format":"standard","meta":{"footnotes":""},"categories":[18,8,72,10,7,3],"tags":[10385,5952,13329],"class_list":{"0":"post-141029","1":"post","2":"type-post","3":"status-publish","4":"format-standard","5":"has-post-thumbnail","7":"category-bunol","8":"category-la-comarca","9":"category-sin-categorizar","10":"category-la-hoya","11":"category-ocio-y-cultura","12":"category-seccion","13":"tag-bunol","14":"tag-la-hoya-de-bunol-chiva","15":"tag-puam"},"_links":{"self":[{"href":"https:\/\/www.tucomarca.com\/wordpress\/segunda\/wp-json\/wp\/v2\/posts\/141029","targetHints":{"allow":["GET"]}}],"collection":[{"href":"https:\/\/www.tucomarca.com\/wordpress\/segunda\/wp-json\/wp\/v2\/posts"}],"about":[{"href":"https:\/\/www.tucomarca.com\/wordpress\/segunda\/wp-json\/wp\/v2\/types\/post"}],"author":[{"embeddable":true,"href":"https:\/\/www.tucomarca.com\/wordpress\/segunda\/wp-json\/wp\/v2\/users\/1"}],"replies":[{"embeddable":true,"href":"https:\/\/www.tucomarca.com\/wordpress\/segunda\/wp-json\/wp\/v2\/comments?post=141029"}],"version-history":[{"count":0,"href":"https:\/\/www.tucomarca.com\/wordpress\/segunda\/wp-json\/wp\/v2\/posts\/141029\/revisions"}],"wp:featuredmedia":[{"embeddable":true,"href":"https:\/\/www.tucomarca.com\/wordpress\/segunda\/wp-json\/wp\/v2\/media\/141030"}],"wp:attachment":[{"href":"https:\/\/www.tucomarca.com\/wordpress\/segunda\/wp-json\/wp\/v2\/media?parent=141029"}],"wp:term":[{"taxonomy":"category","embeddable":true,"href":"https:\/\/www.tucomarca.com\/wordpress\/segunda\/wp-json\/wp\/v2\/categories?post=141029"},{"taxonomy":"post_tag","embeddable":true,"href":"https:\/\/www.tucomarca.com\/wordpress\/segunda\/wp-json\/wp\/v2\/tags?post=141029"}],"curies":[{"name":"wp","href":"https:\/\/api.w.org\/{rel}","templated":true}]}}