{"id":141035,"date":"2021-09-16T09:56:26","date_gmt":"2021-09-16T08:56:26","guid":{"rendered":"http:\/\/www.tucomarca.com\/wordpress\/segunda\/?p=141035"},"modified":"2021-09-16T09:56:32","modified_gmt":"2021-09-16T08:56:32","slug":"opinion-adn-valencianista-por-joseh-larrazabal","status":"publish","type":"post","link":"https:\/\/www.tucomarca.com\/wordpress\/segunda\/opinion-adn-valencianista-por-joseh-larrazabal\/","title":{"rendered":"Opini\u00f3n: \u00abADN valencianista\u00bb, por J\u00f3seh Larraz\u00e1bal"},"content":{"rendered":"\n<figure class=\"wp-block-image size-large is-resized\"><img loading=\"lazy\" decoding=\"async\" src=\"https:\/\/www.tucomarca.com\/wordpress\/segunda\/wp-content\/uploads\/2021\/07\/JoseLarrazabal-1024x1024.jpg\" alt=\"\" class=\"wp-image-136627\" width=\"112\" height=\"112\" srcset=\"https:\/\/www.tucomarca.com\/wordpress\/segunda\/wp-content\/uploads\/2021\/07\/JoseLarrazabal-1024x1024.jpg 1024w, https:\/\/www.tucomarca.com\/wordpress\/segunda\/wp-content\/uploads\/2021\/07\/JoseLarrazabal-300x300.jpg 300w, https:\/\/www.tucomarca.com\/wordpress\/segunda\/wp-content\/uploads\/2021\/07\/JoseLarrazabal-290x290.jpg 290w, https:\/\/www.tucomarca.com\/wordpress\/segunda\/wp-content\/uploads\/2021\/07\/JoseLarrazabal-768x768.jpg 768w, https:\/\/www.tucomarca.com\/wordpress\/segunda\/wp-content\/uploads\/2021\/07\/JoseLarrazabal.jpg 1086w\" sizes=\"auto, (max-width: 112px) 100vw, 112px\" \/><\/figure>\n\n\n\n<p>Gran decepci\u00f3n por la reacci\u00f3n de gran parte de la Afici\u00f3n del Valencia en la reciente ventana de fichajes.<br>Miren, no suelo entrar mucho \u00faltimamente en redes sociales pero lo que observo por aqu\u00ed y por all\u00e1 son expresiones y manifestaciones poco pretenciosas.<br>Mucha euforia tras los 4 primeros partidos de liga, eso s\u00ed.<br>Resignaci\u00f3n, conformismo, desorientaci\u00f3n y falta de prespectivas ambiciosas en los sectores m\u00e1s j\u00f3venes del Valencianismo.<br>Son expresiones que estos j\u00f3venes aficionados escuchan o leen en medios valencianos alineados con Merit\u00f3n.<br>Somos un club vendedor, somos esto o somos lo otro\u2026 Sectores de j\u00f3venes valencianistas evangelizados por el Club y sus ap\u00f3stoles.<br>Miren, un club es lo que sus aficionados quieren que sea. Nada es para siempre, nada es inamovible, nada es tan firme que no pueda ser reformado, incluso es necesario hacerlo.<br>El \u00fanico \u00abvendedor\u00bb en el vcf es su propietario, y eso no va registrado en el ADN de la Afici\u00f3n. Este quiere comprar-vender y obtener r\u00e9ditos.Esa es la pol\u00edtica y el plan de ruta del vcf.<br>No les importa el crecimiento deportivo del equipo.<br>El vcf no es ni deja de ser nada, ser\u00e1 lo que su afici\u00f3n quiera que sea. Si se lucha por cambiar las cosas se puede.<br>El Valencia ni es, en esencia, ni debe ser, un club vendedor sin\u00f3 un club Grande en fase de crecimiento institucional y deportivo constante.<br>Propietario vendedor para lucro personal, eso s\u00ed.<br>\u00bfEs esto leg\u00edtimo? S\u00ed. Siempre que anteponga el crecimiento institucional y deportivo a su propio crecimiento patrimonial.<br>Entonces, si estos aficionados asumen ese ADN aceptar\u00e1n que: jugador que represente ganancias para el m\u00e1ximo accionista, jugador que vender\u00e1, ignorando o minimizando el crecimiento y potenciaci\u00f3n del equipo a nivel deportivo.<br>Al menos esos ingresos fueran reconvertidos \u00edntegros en otros jugadores de nivel similar o superior.<br>\u00bfEntonces les parecen bien las salidas de Ferr\u00e1n, Otamendi, Cancelo\u2026? por ejemplo.<br>En aras de ese ADN \u00bfaceptar\u00e1n de buen grado que Gay\u00e1, Soler o Guedes se vayan?.<br>Ojo con estos jugadores.<br>\u00bfDonde est\u00e1 ese gran equipo que iba a ser grande en Europa? \u00bfNo es eso lo que prometi\u00f3 Lim?.<br>\u00bfNo deber\u00eda ser ese el ADN del VCF y de su Afici\u00f3n?<br>\u00bfNo se sienten cada vez m\u00e1s estafados?<br>\u00bfNo son conscientes de que cada vez nos inculcan un Valencia CF m\u00e1s peque\u00f1ito y con objetivos o pretensiones menores? Es m\u00e1s, sin ning\u00fan objetivo ni pretensi\u00f3n.<br>Todo se puede modificar, cambiar, reformar\u2026<br>Si en la afici\u00f3n del vcf no ha arraigado el gen ganador, la cultura de equipo grande, el af\u00e1n de superaci\u00f3n, las ansias de crecimiento y la ambici\u00f3n\u2026 es que algo hemos hecho mal.<br>Los aficionados m\u00e1s veteranos no interesamos porque los aficionados m\u00e1s j\u00f3venes, aunque inteligentes y muy formados, sois m\u00e1s pasionales. Nosotros, los de toda la vida, somos los que os hemos tra\u00eddo hasta aqu\u00ed, 102 a\u00f1os tirando del carro.<br>Vosotros, las Afici\u00f3n m\u00e1s joven, representais la fuerza, la ilusi\u00f3n, el cambio, el futuro. Si vuestros coraz\u00f3n y vuestro \u00abSentimient\u00bb m\u00e1s profundo no os piden un Valencia m\u00e1s grande, por vosotros y por los que vendr\u00e1n, es que algo hemos hecho mal.<br>Si los que os precedemos y os hemos marcado el camino no hemos conseguido despertar vuestros anhelos y haceros so\u00f1ar con un \u00abValencia Campe\u00f3n,\u00bb es que algo hemos hecho mal.<br>Si los que vamos por delante y marcamos el camino no hemos conseguido convertiros en una afici\u00f3n en constante estado de lucha por el crecimiento deportivo, es que algo hemos hecho mal.<br>Si los que hemos llorado de emoci\u00f3n, de alegr\u00eda, de tristeza, antes que vosotros, no os hemos podido transmitir gen ganador, cultura de equipo grande y esp\u00edritu de lucha, es que algo hemos hecho mal.<br>Sois los valencianistas j\u00f3venes los que est\u00e1is conformando ahora lo que ser\u00e1 el VCF del futuro.<br>Tenemos, todos juntos, una gran responsabilidad.<br>Para luego ser\u00e1 tarde.<\/p>\n\n\n\n<p>AMUNT SEMPRE!<br>LIM GO HOME!<\/p>\n\n\n\n<p>J\u00f3seh Larraz\u00e1bal.<\/p>\n","protected":false},"excerpt":{"rendered":"<div class=\"mh-excerpt\">Gran decepci\u00f3n por la reacci\u00f3n de gran parte de la Afici\u00f3n del Valencia en la reciente ventana de fichajes.Miren, no suelo entrar mucho \u00faltimamente en redes sociales pero lo que observo por aqu\u00ed y por <a class=\"mh-excerpt-more\" href=\"https:\/\/www.tucomarca.com\/wordpress\/segunda\/opinion-adn-valencianista-por-joseh-larrazabal\/\" title=\"Opini\u00f3n: \u00abADN valencianista\u00bb, por J\u00f3seh Larraz\u00e1bal\">[+] <\/a><\/div>\n","protected":false},"author":1,"featured_media":136627,"comment_status":"open","ping_status":"open","sticky":false,"template":"","format":"standard","meta":{"footnotes":""},"categories":[18,50,3358,6,8,10,30,90,3],"tags":[10385,15480,5952,1810],"class_list":{"0":"post-141035","1":"post","2":"type-post","3":"status-publish","4":"format-standard","5":"has-post-thumbnail","7":"category-bunol","8":"category-futbol-deportes","9":"category-canal-valencia-cf","10":"category-deportes","11":"category-la-comarca","12":"category-la-hoya","13":"category-opinion","14":"category-opinion-opinion","15":"category-seccion","16":"tag-bunol","17":"tag-joseh-larrazabal","18":"tag-la-hoya-de-bunol-chiva","19":"tag-valencia-cf"},"_links":{"self":[{"href":"https:\/\/www.tucomarca.com\/wordpress\/segunda\/wp-json\/wp\/v2\/posts\/141035","targetHints":{"allow":["GET"]}}],"collection":[{"href":"https:\/\/www.tucomarca.com\/wordpress\/segunda\/wp-json\/wp\/v2\/posts"}],"about":[{"href":"https:\/\/www.tucomarca.com\/wordpress\/segunda\/wp-json\/wp\/v2\/types\/post"}],"author":[{"embeddable":true,"href":"https:\/\/www.tucomarca.com\/wordpress\/segunda\/wp-json\/wp\/v2\/users\/1"}],"replies":[{"embeddable":true,"href":"https:\/\/www.tucomarca.com\/wordpress\/segunda\/wp-json\/wp\/v2\/comments?post=141035"}],"version-history":[{"count":0,"href":"https:\/\/www.tucomarca.com\/wordpress\/segunda\/wp-json\/wp\/v2\/posts\/141035\/revisions"}],"wp:featuredmedia":[{"embeddable":true,"href":"https:\/\/www.tucomarca.com\/wordpress\/segunda\/wp-json\/wp\/v2\/media\/136627"}],"wp:attachment":[{"href":"https:\/\/www.tucomarca.com\/wordpress\/segunda\/wp-json\/wp\/v2\/media?parent=141035"}],"wp:term":[{"taxonomy":"category","embeddable":true,"href":"https:\/\/www.tucomarca.com\/wordpress\/segunda\/wp-json\/wp\/v2\/categories?post=141035"},{"taxonomy":"post_tag","embeddable":true,"href":"https:\/\/www.tucomarca.com\/wordpress\/segunda\/wp-json\/wp\/v2\/tags?post=141035"}],"curies":[{"name":"wp","href":"https:\/\/api.w.org\/{rel}","templated":true}]}}