{"id":141065,"date":"2021-09-16T12:10:00","date_gmt":"2021-09-16T11:10:00","guid":{"rendered":"http:\/\/www.tucomarca.com\/wordpress\/segunda\/?p=141065"},"modified":"2021-09-16T21:34:49","modified_gmt":"2021-09-16T20:34:49","slug":"turis-vivira-unas-fallas-diferentes-este-fin-de-semana","status":"publish","type":"post","link":"https:\/\/www.tucomarca.com\/wordpress\/segunda\/turis-vivira-unas-fallas-diferentes-este-fin-de-semana\/","title":{"rendered":"Tur\u00eds vivir\u00e1 unas fallas diferentes este fin de semana"},"content":{"rendered":"\n<p>Las fallas vuelven a Tur\u00eds, como ya es habitual, un poco despu\u00e9s de la fecha oficial y, esta vez, para vivirlas de manera muy diferente.<\/p>\n\n\n\n<p>En cuanto a los monumentos falleros, cada comisi\u00f3n ha decidido el monumento que planta con la subvenci\u00f3n de 1.500 euros que ha otorgado el Ayuntamiento de Tur\u00eds.<\/p>\n\n\n\n<p>Las celebraciones se van a reducir b\u00e1sicamente al fin de semana, puesto que la plant\u00e0 se producir\u00e1 viernes 17 de septiembre por la tarde. A partir de ese momento cada comisi\u00f3n desarrollar\u00e1 sus actos con las medidas de prevenci\u00f3n contra la COVID-19 establecidas tanto para las cenas, pasacaller y la ofrenda, que este a\u00f1o no contar\u00e1 con fallas ni juntas locales invitadas y que se desarrollar\u00e1 a trav\u00e9s de un recorrido sin p\u00fablico.<\/p>\n\n\n\n<p>S\u00e1bado, a las 00.15 h, el ayuntamiento disparar\u00e1 un castillo de fuegos artificiales a cargo de la pirotecnia Tur\u00eds y domingo a las 13.00 h se celebrar\u00e1 la misa en honor en Sant Josep con aforo controlado. Por la tarde y noche, y en un horario m\u00e1s pronto de lo habitual, se proceder\u00e1 a la crem\u00e0 de los monumentos.<\/p>\n\n\n\n<p>El alcalde, Eugenio Forta\u00f1a, ha explicado que \u201ctanto a nivel municipal como desde el colectivo fallero se anima a vivir unas fallas at\u00edpicas y de \u00e1mbito m\u00e1s familiar\u201d.<\/p>\n\n\n\n<p>\u201cSi tenemos menos afluencia de p\u00fablico y el vecindario contin\u00faa cumpliendo, como hasta ahora, las normas de prevenci\u00f3n y las recomendaciones, como son el uso de la mascarilla al aire libre y evitar las aglomeraciones, viviremos unas fallas seguras e hist\u00f3ricas\u201d, asegura Forta\u00f1a.<\/p>\n","protected":false},"excerpt":{"rendered":"<div class=\"mh-excerpt\">Las fallas vuelven a Tur\u00eds, como ya es habitual, un poco despu\u00e9s de la fecha oficial y, esta vez, para vivirlas de manera muy diferente. En cuanto a los monumentos falleros, cada comisi\u00f3n ha decidido <a class=\"mh-excerpt-more\" href=\"https:\/\/www.tucomarca.com\/wordpress\/segunda\/turis-vivira-unas-fallas-diferentes-este-fin-de-semana\/\" title=\"Tur\u00eds vivir\u00e1 unas fallas diferentes este fin de semana\">[+] <\/a><\/div>\n","protected":false},"author":1,"featured_media":141069,"comment_status":"open","ping_status":"open","sticky":false,"template":"","format":"standard","meta":{"footnotes":""},"categories":[8,42,5,383,3,43],"tags":[80,3640,10394],"class_list":{"0":"post-141065","1":"post","2":"type-post","3":"status-publish","4":"format-standard","5":"has-post-thumbnail","7":"category-la-comarca","8":"category-la-ribera","9":"category-la-semana-en-imagenes","10":"category-pueblos-en-fiestas","11":"category-seccion","12":"category-turis","13":"tag-fallas","14":"tag-la-ribera-alta","15":"tag-turis"},"_links":{"self":[{"href":"https:\/\/www.tucomarca.com\/wordpress\/segunda\/wp-json\/wp\/v2\/posts\/141065","targetHints":{"allow":["GET"]}}],"collection":[{"href":"https:\/\/www.tucomarca.com\/wordpress\/segunda\/wp-json\/wp\/v2\/posts"}],"about":[{"href":"https:\/\/www.tucomarca.com\/wordpress\/segunda\/wp-json\/wp\/v2\/types\/post"}],"author":[{"embeddable":true,"href":"https:\/\/www.tucomarca.com\/wordpress\/segunda\/wp-json\/wp\/v2\/users\/1"}],"replies":[{"embeddable":true,"href":"https:\/\/www.tucomarca.com\/wordpress\/segunda\/wp-json\/wp\/v2\/comments?post=141065"}],"version-history":[{"count":0,"href":"https:\/\/www.tucomarca.com\/wordpress\/segunda\/wp-json\/wp\/v2\/posts\/141065\/revisions"}],"wp:featuredmedia":[{"embeddable":true,"href":"https:\/\/www.tucomarca.com\/wordpress\/segunda\/wp-json\/wp\/v2\/media\/141069"}],"wp:attachment":[{"href":"https:\/\/www.tucomarca.com\/wordpress\/segunda\/wp-json\/wp\/v2\/media?parent=141065"}],"wp:term":[{"taxonomy":"category","embeddable":true,"href":"https:\/\/www.tucomarca.com\/wordpress\/segunda\/wp-json\/wp\/v2\/categories?post=141065"},{"taxonomy":"post_tag","embeddable":true,"href":"https:\/\/www.tucomarca.com\/wordpress\/segunda\/wp-json\/wp\/v2\/tags?post=141065"}],"curies":[{"name":"wp","href":"https:\/\/api.w.org\/{rel}","templated":true}]}}