{"id":141093,"date":"2021-09-15T19:00:00","date_gmt":"2021-09-15T18:00:00","guid":{"rendered":"http:\/\/www.tucomarca.com\/wordpress\/segunda\/?p=141093"},"modified":"2021-09-16T21:21:21","modified_gmt":"2021-09-16T20:21:21","slug":"sanidad-notifica-361-nuevos-casos-de-coronavirus-3-fallecimientos-y-618-altas-en-la-comunitat-valenciana","status":"publish","type":"post","link":"https:\/\/www.tucomarca.com\/wordpress\/segunda\/sanidad-notifica-361-nuevos-casos-de-coronavirus-3-fallecimientos-y-618-altas-en-la-comunitat-valenciana\/","title":{"rendered":"Sanidad notifica 361 nuevos casos de coronavirus, 3 fallecimientos y 618 altas en la Comunitat Valenciana"},"content":{"rendered":"\n<p><strong>Los nuevos casos registrados por provincias son: 49 en Castell\u00f3n, 182 en Alicante y 130 en Valencia<\/strong><\/p>\n\n\n\n<p><strong>El 86,02% de la poblaci\u00f3n mayor de 12 a\u00f1os en la Comunitat Valenciana ya ha completado la pauta<\/strong><\/p>\n\n\n\n<p>Un total de 4.026.148 personas han recibido ya una dosis de la vacuna contra el coronavirus en la Comunitat Valenciana. Adem\u00e1s, en estos momentos, cuentan con la pauta completa de inmunizaci\u00f3n (dos dosis para Pfizer, Moderna y AstraZeneca; la monodosis de Janssen y una dosis de cualquier vacuna en las personas con antecedentes de haber pasado la COVID) 3.848.580 personas, cifra que representa el 86,02% de la poblaci\u00f3n mayor de 12 a\u00f1os.<\/p>\n\n\n\n<p>Por otro lado, la Conselleria de Sanidad Universal y Salud P\u00fablica ha notificado, desde la \u00faltima actualizaci\u00f3n, 361 casos nuevos de coronavirus confirmados por prueba PCR o a trav\u00e9s de test de ant\u00edgenos. Con estos nuevos casos, la cifra total de positivos se sit\u00faa en 506.931 personas. Se han notificado 49 nuevos casos en Castell\u00f3n (52.567 en total); 182 en Alicante (185.596 en total) y 130 en Valencia (268.766 en total). Contin\u00faa habiendo un total de 2 casos no asignados.<\/p>\n\n\n\n<p>Adem\u00e1s, se han registrado 618 altas a pacientes con coronavirus. De esta forma, el n\u00famero de personas que han superado la enfermedad desde que comenz\u00f3 la pandemia en la Comunitat Valenciana asciende a 506.982 personas. Por provincias, las altas se distribuyen as\u00ed: 52.831 en Castell\u00f3n, 184.829 en Alicante y 269.265 en Valencia. El total de altas no asignadas se mantiene en 57.<\/p>\n\n\n\n<p>Los hospitales valencianos tienen, actualmente, 232 personas ingresadas, 54 de ellas en la UCI: 35 en la provincia de Castell\u00f3n, 4 en UCI; 100 en la provincia de Alicante, 28 de ellas en la UCI; y 97 en la provincia de Valencia, 22 de ellas en UCI.<\/p>\n\n\n\n<p>Adem\u00e1s, se han registrado 3 fallecimientos (dos con fecha de defunci\u00f3n en los \u00faltimos 7 d\u00edas y una tercera persona fallecida en agosto), por lo que el total de decesos desde el inicio de la pandemia se sit\u00faa en 7.745: 840 en la provincia de Castell\u00f3n, 2.961 en la de Alicante y 3.944 en la de Valencia.<\/p>\n\n\n\n<p>De acuerdo con los datos registrados, en estos momentos hay 3.656 casos activos, lo que supone un 0,71% del total de positivos.<\/p>\n\n\n\n<p>Desde la \u00faltima actualizaci\u00f3n, no se ha registrado ning\u00fan brote con 10 o m\u00e1s casos asociados.<\/p>\n","protected":false},"excerpt":{"rendered":"<div class=\"mh-excerpt\">Los nuevos casos registrados por provincias son: 49 en Castell\u00f3n, 182 en Alicante y 130 en Valencia El 86,02% de la poblaci\u00f3n mayor de 12 a\u00f1os en la Comunitat Valenciana ya ha completado la pauta <a class=\"mh-excerpt-more\" href=\"https:\/\/www.tucomarca.com\/wordpress\/segunda\/sanidad-notifica-361-nuevos-casos-de-coronavirus-3-fallecimientos-y-618-altas-en-la-comunitat-valenciana\/\" title=\"Sanidad notifica 361 nuevos casos de coronavirus, 3 fallecimientos y 618 altas en la Comunitat Valenciana\">[+] <\/a><\/div>\n","protected":false},"author":1,"featured_media":139271,"comment_status":"open","ping_status":"open","sticky":false,"template":"","format":"standard","meta":{"footnotes":""},"categories":[119,12201,128,8,72,117,142,3,116,45],"tags":[3545,11937,11938,272,13498],"class_list":{"0":"post-141093","1":"post","2":"type-post","3":"status-publish","4":"format-standard","5":"has-post-thumbnail","7":"category-sanidad-la-comarca","8":"category-covid-19","9":"category-infraestructuras","10":"category-la-comarca","11":"category-sin-categorizar","12":"category-medio-ambiente-la-comarca","13":"category-politica-la-comarca","14":"category-seccion","15":"category-sucesos-la-comarca","16":"category-ventana","17":"tag-comunitat-valenciana","18":"tag-coronavirus","19":"tag-covid-19","20":"tag-salud","21":"tag-vacuna-covid"},"_links":{"self":[{"href":"https:\/\/www.tucomarca.com\/wordpress\/segunda\/wp-json\/wp\/v2\/posts\/141093","targetHints":{"allow":["GET"]}}],"collection":[{"href":"https:\/\/www.tucomarca.com\/wordpress\/segunda\/wp-json\/wp\/v2\/posts"}],"about":[{"href":"https:\/\/www.tucomarca.com\/wordpress\/segunda\/wp-json\/wp\/v2\/types\/post"}],"author":[{"embeddable":true,"href":"https:\/\/www.tucomarca.com\/wordpress\/segunda\/wp-json\/wp\/v2\/users\/1"}],"replies":[{"embeddable":true,"href":"https:\/\/www.tucomarca.com\/wordpress\/segunda\/wp-json\/wp\/v2\/comments?post=141093"}],"version-history":[{"count":0,"href":"https:\/\/www.tucomarca.com\/wordpress\/segunda\/wp-json\/wp\/v2\/posts\/141093\/revisions"}],"wp:featuredmedia":[{"embeddable":true,"href":"https:\/\/www.tucomarca.com\/wordpress\/segunda\/wp-json\/wp\/v2\/media\/139271"}],"wp:attachment":[{"href":"https:\/\/www.tucomarca.com\/wordpress\/segunda\/wp-json\/wp\/v2\/media?parent=141093"}],"wp:term":[{"taxonomy":"category","embeddable":true,"href":"https:\/\/www.tucomarca.com\/wordpress\/segunda\/wp-json\/wp\/v2\/categories?post=141093"},{"taxonomy":"post_tag","embeddable":true,"href":"https:\/\/www.tucomarca.com\/wordpress\/segunda\/wp-json\/wp\/v2\/tags?post=141093"}],"curies":[{"name":"wp","href":"https:\/\/api.w.org\/{rel}","templated":true}]}}