{"id":141098,"date":"2021-09-16T13:00:00","date_gmt":"2021-09-16T12:00:00","guid":{"rendered":"http:\/\/www.tucomarca.com\/wordpress\/segunda\/?p=141098"},"modified":"2021-09-16T21:27:46","modified_gmt":"2021-09-16T20:27:46","slug":"riba-roja-abrira-al-publico-en-2022-el-yacimiento-de-valencia-la-vella-para-difundir-el-legado-visigodo-en-los-50-000-m2-del-asentamiento-arqueologico","status":"publish","type":"post","link":"https:\/\/www.tucomarca.com\/wordpress\/segunda\/riba-roja-abrira-al-publico-en-2022-el-yacimiento-de-valencia-la-vella-para-difundir-el-legado-visigodo-en-los-50-000-m2-del-asentamiento-arqueologico\/","title":{"rendered":"Riba-roja abrir\u00e1 al p\u00fablico en 2022 el yacimiento de Val\u00e8ncia la Vella para difundir el legado visigodo en los 50.000 m2 del asentamiento arqueol\u00f3gico"},"content":{"rendered":"\n<h4 class=\"wp-block-heading\">El ayuntamiento convertir\u00e1 la zona en parque cient\u00edfico, educativo y tur\u00edstico<\/h4>\n\n\n\n<figure class=\"wp-block-gallery columns-2 is-cropped wp-block-gallery-1 is-layout-flex wp-block-gallery-is-layout-flex\"><ul class=\"blocks-gallery-grid\"><li class=\"blocks-gallery-item\"><figure><img loading=\"lazy\" decoding=\"async\" width=\"1024\" height=\"768\" src=\"https:\/\/www.tucomarca.com\/wordpress\/segunda\/wp-content\/uploads\/2021\/09\/foto17.jpeg\" alt=\"\" data-id=\"141102\" data-full-url=\"https:\/\/www.tucomarca.com\/wordpress\/segunda\/wp-content\/uploads\/2021\/09\/foto17.jpeg\" data-link=\"https:\/\/www.tucomarca.com\/wordpress\/segunda\/?attachment_id=141102\" class=\"wp-image-141102\" srcset=\"https:\/\/www.tucomarca.com\/wordpress\/segunda\/wp-content\/uploads\/2021\/09\/foto17.jpeg 1024w, https:\/\/www.tucomarca.com\/wordpress\/segunda\/wp-content\/uploads\/2021\/09\/foto17-300x225.jpeg 300w, https:\/\/www.tucomarca.com\/wordpress\/segunda\/wp-content\/uploads\/2021\/09\/foto17-768x576.jpeg 768w, https:\/\/www.tucomarca.com\/wordpress\/segunda\/wp-content\/uploads\/2021\/09\/foto17-678x509.jpeg 678w, https:\/\/www.tucomarca.com\/wordpress\/segunda\/wp-content\/uploads\/2021\/09\/foto17-326x245.jpeg 326w, https:\/\/www.tucomarca.com\/wordpress\/segunda\/wp-content\/uploads\/2021\/09\/foto17-80x60.jpeg 80w\" sizes=\"auto, (max-width: 1024px) 100vw, 1024px\" \/><\/figure><\/li><li class=\"blocks-gallery-item\"><figure><img loading=\"lazy\" decoding=\"async\" width=\"1024\" height=\"768\" src=\"https:\/\/www.tucomarca.com\/wordpress\/segunda\/wp-content\/uploads\/2021\/09\/foto19-1024x768.jpeg\" alt=\"\" data-id=\"141104\" data-full-url=\"https:\/\/www.tucomarca.com\/wordpress\/segunda\/wp-content\/uploads\/2021\/09\/foto19.jpeg\" data-link=\"https:\/\/www.tucomarca.com\/wordpress\/segunda\/?attachment_id=141104\" class=\"wp-image-141104\" srcset=\"https:\/\/www.tucomarca.com\/wordpress\/segunda\/wp-content\/uploads\/2021\/09\/foto19-1024x768.jpeg 1024w, https:\/\/www.tucomarca.com\/wordpress\/segunda\/wp-content\/uploads\/2021\/09\/foto19-300x225.jpeg 300w, https:\/\/www.tucomarca.com\/wordpress\/segunda\/wp-content\/uploads\/2021\/09\/foto19-768x576.jpeg 768w, https:\/\/www.tucomarca.com\/wordpress\/segunda\/wp-content\/uploads\/2021\/09\/foto19-1536x1152.jpeg 1536w, https:\/\/www.tucomarca.com\/wordpress\/segunda\/wp-content\/uploads\/2021\/09\/foto19-678x509.jpeg 678w, https:\/\/www.tucomarca.com\/wordpress\/segunda\/wp-content\/uploads\/2021\/09\/foto19-326x245.jpeg 326w, https:\/\/www.tucomarca.com\/wordpress\/segunda\/wp-content\/uploads\/2021\/09\/foto19-80x60.jpeg 80w, https:\/\/www.tucomarca.com\/wordpress\/segunda\/wp-content\/uploads\/2021\/09\/foto19.jpeg 1600w\" sizes=\"auto, (max-width: 1024px) 100vw, 1024px\" \/><\/figure><\/li><li class=\"blocks-gallery-item\"><figure><img loading=\"lazy\" decoding=\"async\" width=\"1024\" height=\"576\" src=\"https:\/\/www.tucomarca.com\/wordpress\/segunda\/wp-content\/uploads\/2021\/09\/foto8-1024x576.jpeg\" alt=\"\" data-id=\"141106\" data-full-url=\"https:\/\/www.tucomarca.com\/wordpress\/segunda\/wp-content\/uploads\/2021\/09\/foto8.jpeg\" data-link=\"https:\/\/www.tucomarca.com\/wordpress\/segunda\/?attachment_id=141106\" class=\"wp-image-141106\" srcset=\"https:\/\/www.tucomarca.com\/wordpress\/segunda\/wp-content\/uploads\/2021\/09\/foto8-1024x576.jpeg 1024w, https:\/\/www.tucomarca.com\/wordpress\/segunda\/wp-content\/uploads\/2021\/09\/foto8-300x169.jpeg 300w, https:\/\/www.tucomarca.com\/wordpress\/segunda\/wp-content\/uploads\/2021\/09\/foto8-768x432.jpeg 768w, https:\/\/www.tucomarca.com\/wordpress\/segunda\/wp-content\/uploads\/2021\/09\/foto8-1536x864.jpeg 1536w, https:\/\/www.tucomarca.com\/wordpress\/segunda\/wp-content\/uploads\/2021\/09\/foto8-678x381.jpeg 678w, https:\/\/www.tucomarca.com\/wordpress\/segunda\/wp-content\/uploads\/2021\/09\/foto8.jpeg 1600w\" sizes=\"auto, (max-width: 1024px) 100vw, 1024px\" \/><\/figure><\/li><li class=\"blocks-gallery-item\"><figure><img loading=\"lazy\" decoding=\"async\" width=\"1024\" height=\"576\" src=\"https:\/\/www.tucomarca.com\/wordpress\/segunda\/wp-content\/uploads\/2021\/09\/foto9-1024x576.jpeg\" alt=\"\" data-id=\"141108\" data-full-url=\"https:\/\/www.tucomarca.com\/wordpress\/segunda\/wp-content\/uploads\/2021\/09\/foto9.jpeg\" data-link=\"https:\/\/www.tucomarca.com\/wordpress\/segunda\/?attachment_id=141108\" class=\"wp-image-141108\" srcset=\"https:\/\/www.tucomarca.com\/wordpress\/segunda\/wp-content\/uploads\/2021\/09\/foto9-1024x576.jpeg 1024w, https:\/\/www.tucomarca.com\/wordpress\/segunda\/wp-content\/uploads\/2021\/09\/foto9-300x169.jpeg 300w, https:\/\/www.tucomarca.com\/wordpress\/segunda\/wp-content\/uploads\/2021\/09\/foto9-768x432.jpeg 768w, https:\/\/www.tucomarca.com\/wordpress\/segunda\/wp-content\/uploads\/2021\/09\/foto9-1536x864.jpeg 1536w, https:\/\/www.tucomarca.com\/wordpress\/segunda\/wp-content\/uploads\/2021\/09\/foto9-678x381.jpeg 678w, https:\/\/www.tucomarca.com\/wordpress\/segunda\/wp-content\/uploads\/2021\/09\/foto9.jpeg 1600w\" sizes=\"auto, (max-width: 1024px) 100vw, 1024px\" \/><\/figure><\/li><\/ul><\/figure>\n\n\n\n<p>El Ayuntamiento de Riba-roja de T\u00faria convertir\u00e1 el yacimiento visigodo de Val\u00e8ncia la Vella en un parque de car\u00e1cter cient\u00edfico, educativo y tur\u00edstico con el objetivo de dar a conocer las interioridades de la \u00e9poca. El asentamiento arqueol\u00f3gico conforma uno de los hallazgos m\u00e1s importantes descubiertos en la pen\u00ednsula y cuyo origen se remonta a finales del siglo VI.&nbsp;<\/p>\n\n\n\n<p>Los planes del Ayuntamiento de Riba-roja de T\u00faria prev\u00e9n poner en marcha este ambicioso proyecto a lo largo del a\u00f1o 2022 tras las seis campa\u00f1as de excavaciones y trabajos llevados a cabo por un equipo experto en arqueolog\u00eda visigoda. En el a\u00f1o 2016 se retomaron las excavaciones y estudios tras d\u00e9cadas de silencio y olvido que han permitido obtener mayor informaci\u00f3n sobre esta importante civilizaci\u00f3n. Las excavaciones est\u00e1n dirigidas por los profesores y arque\u00f3logos Josep Maria Macias, Albert Ribera y Miquel Rossell\u00f3.&nbsp;<\/p>\n\n\n\n<p>La puesta en marcha de este parque cient\u00edfico y su posterior acceso al p\u00fablico supone poner en valor una de las civilizaciones que han dejado una mayor huella en Riba-roja de T\u00faria a lo largo de las 5 hect\u00e1reas de extensi\u00f3n ubicadas en la zona sureste del t\u00e9rmino municipal. A solo diecis\u00e9is kil\u00f3metros de la capital y a poco m\u00e1s de cuatro del Pla de Nadal, el otro yacimiento de la localidad, est\u00e1 encumbrado sobre de forma estrat\u00e9gica sobre una de las \u00e1reas m\u00e1s elevadas con unas claras funciones defensivas. &nbsp;<\/p>\n\n\n\n<p>Los estudios arqueol\u00f3gicos que se han realizado sobre Val\u00e8ncia la Vella han sido un eje fundamental para acercarse a algunos de los rasgos que pivotan sobre este enclave esencial para comprender la \u00e9poca visigoda. Con unas reminiscencias arraigadas sobre el reino visigodo emanado de Toletum, Val\u00e8ncia la Vella cumpli\u00f3 una funci\u00f3n protectora sobre el avance de la expansi\u00f3n romana. El rey Leovigildo fue el creador del centro urbano militar con una arquitectura, una estructura y una fisonom\u00eda m\u00e1s potente que la de la capital valenciana. &nbsp;<\/p>\n\n\n\n<p>La pandemia y las restricciones derivadas de la misma han sido las razones que han impedido que el a\u00f1o pasado y este no haya podido llevar a cabo el curso de arqueolog\u00eda cristiana y visigoda. Sin embargo, s\u00ed se han realizado excavaciones y estudios por parte de un equipo de arque\u00f3logos cuya labor ha permitido hallar la ciudad y la muralla que la envuelve, con m\u00e1s de 400 metros cuadrados y ocho torres. Adem\u00e1s, en su interior se diferencian ya tres zonas.&nbsp;<\/p>\n\n\n\n<p>La primera de las \u00e1reas delimitadas nace en la parte superior coronada por una acr\u00f3polis de car\u00e1cter nobiliario en cuyo interior se erige un edificio cuyas funciones exactas est\u00e1n en estudio. Tras este estrato, un segundo escal\u00f3n permite diferenciar un sector medio que alberga una residencia y diferentes estancias y estructuras de car\u00e1cter artesanal, adem\u00e1s de productos hallados sobre este asentamiento.&nbsp;<\/p>\n\n\n\n<p>En la zona inferior del yacimiento sobresale una plaza p\u00fablica con diversos edificios y estructuras que podr\u00edan conformar un centro comercial de \u00e9poca visigoda de proporciones notables. Las excavaciones que se han realizado durante los \u00faltimos a\u00f1os han permitido rescatar, entre otras, m\u00e1s de 200 monedas de bronce, diversas monedas de oro del rey Leovigilido y otras acu\u00f1adas de la misma \u00e9poca.&nbsp;<\/p>\n\n\n\n<p>Para difundir estos tesoros arqueol\u00f3gicos, el Ayuntamiento de Riba-roja de T\u00faria ha dise\u00f1ado un plan municipal que se plasmar\u00e1 en el a\u00f1o 2022 con la puesta en marcha del citado parque arqueol\u00f3gico, con un car\u00e1cter did\u00e1ctico y divulgativo para los visitantes y turistas. Formar\u00e1 parte de las visitas guiada que, actualmente, se ofrecen como reclamo y que se reparte a lo largo del casco urbano y el resto del t\u00e9rmino municipal. En el interior de este parque se instalar\u00e1n paneles explicativos en cada una de sus estancias.&nbsp;<\/p>\n\n\n\n<p>El alcalde de Riba-roja de T\u00faria, Robert Raga, ha alabado la labor \u201cde los arque\u00f3logos y los participantes en las excavaciones de este importante yacimiento de Val\u00e8ncia la Vella, cuya misi\u00f3n pasa por poner en valor las funciones que se desarrollaron durante tantos a\u00f1os en esta zona en la \u00e9poca visigoda, por ello es necesario continuar en la misma l\u00ednea de investigaci\u00f3n y trabajo para que se pueda conocer todo el patrimonio arqueol\u00f3gico existente en nuestro municipio\u201d.&nbsp;<\/p>\n","protected":false},"excerpt":{"rendered":"<div class=\"mh-excerpt\">El ayuntamiento convertir\u00e1 la zona en parque cient\u00edfico, educativo y tur\u00edstico El Ayuntamiento de Riba-roja de T\u00faria convertir\u00e1 el yacimiento visigodo de Val\u00e8ncia la Vella en un parque de car\u00e1cter cient\u00edfico, educativo y tur\u00edstico con <a class=\"mh-excerpt-more\" href=\"https:\/\/www.tucomarca.com\/wordpress\/segunda\/riba-roja-abrira-al-publico-en-2022-el-yacimiento-de-valencia-la-vella-para-difundir-el-legado-visigodo-en-los-50-000-m2-del-asentamiento-arqueologico\/\" title=\"Riba-roja abrir\u00e1 al p\u00fablico en 2022 el yacimiento de Val\u00e8ncia la Vella para difundir el legado visigodo en los 50.000 m2 del asentamiento arqueol\u00f3gico\">[+] <\/a><\/div>\n","protected":false},"author":12,"featured_media":141100,"comment_status":"open","ping_status":"open","sticky":false,"template":"","format":"gallery","meta":{"footnotes":""},"categories":[46,128,8,7,142,182,3,45],"tags":[10395,15023,12573,15483],"class_list":{"0":"post-141098","1":"post","2":"type-post","3":"status-publish","4":"format-gallery","5":"has-post-thumbnail","7":"category-camp-de-turia","8":"category-infraestructuras","9":"category-la-comarca","10":"category-ocio-y-cultura","11":"category-politica-la-comarca","12":"category-riba-roja","13":"category-seccion","14":"category-ventana","15":"tag-camp-de-turia","16":"tag-riba-roja-de-turia","17":"tag-valencia-la-vella-2","18":"tag-yacimiento-visigodo","19":"post_format-post-format-gallery"},"_links":{"self":[{"href":"https:\/\/www.tucomarca.com\/wordpress\/segunda\/wp-json\/wp\/v2\/posts\/141098","targetHints":{"allow":["GET"]}}],"collection":[{"href":"https:\/\/www.tucomarca.com\/wordpress\/segunda\/wp-json\/wp\/v2\/posts"}],"about":[{"href":"https:\/\/www.tucomarca.com\/wordpress\/segunda\/wp-json\/wp\/v2\/types\/post"}],"author":[{"embeddable":true,"href":"https:\/\/www.tucomarca.com\/wordpress\/segunda\/wp-json\/wp\/v2\/users\/12"}],"replies":[{"embeddable":true,"href":"https:\/\/www.tucomarca.com\/wordpress\/segunda\/wp-json\/wp\/v2\/comments?post=141098"}],"version-history":[{"count":0,"href":"https:\/\/www.tucomarca.com\/wordpress\/segunda\/wp-json\/wp\/v2\/posts\/141098\/revisions"}],"wp:featuredmedia":[{"embeddable":true,"href":"https:\/\/www.tucomarca.com\/wordpress\/segunda\/wp-json\/wp\/v2\/media\/141100"}],"wp:attachment":[{"href":"https:\/\/www.tucomarca.com\/wordpress\/segunda\/wp-json\/wp\/v2\/media?parent=141098"}],"wp:term":[{"taxonomy":"category","embeddable":true,"href":"https:\/\/www.tucomarca.com\/wordpress\/segunda\/wp-json\/wp\/v2\/categories?post=141098"},{"taxonomy":"post_tag","embeddable":true,"href":"https:\/\/www.tucomarca.com\/wordpress\/segunda\/wp-json\/wp\/v2\/tags?post=141098"}],"curies":[{"name":"wp","href":"https:\/\/api.w.org\/{rel}","templated":true}]}}