{"id":141120,"date":"2021-09-16T15:00:00","date_gmt":"2021-09-16T14:00:00","guid":{"rendered":"http:\/\/www.tucomarca.com\/wordpress\/segunda\/?p=141120"},"modified":"2021-09-16T21:37:29","modified_gmt":"2021-09-16T20:37:29","slug":"agricultura-crea-la-marca-molt-de-gust-para-promocionar-los-productos-agroalimentarios-de-calidad","status":"publish","type":"post","link":"https:\/\/www.tucomarca.com\/wordpress\/segunda\/agricultura-crea-la-marca-molt-de-gust-para-promocionar-los-productos-agroalimentarios-de-calidad\/","title":{"rendered":"Agricultura crea la marca &#8216;Molt de Gust&#8217; para promocionar los productos agroalimentarios de calidad"},"content":{"rendered":"\n<p>La Conselleria de Agricultura y Desarrollo Rural impulsa la promoci\u00f3n, el posicionamiento comercial y el consumo de los productos de calidad diferenciada y ecol\u00f3gicos de la Comunitat Valenciana a trav\u00e9s de la marca &#8216;Molt de Gust&#8217;.<br>Se trata de un sello que agrupa a las 18 figuras de calidad -entre Denominaciones de Origen (DO), Denominaciones de Origen Protegida (DOP) e Indicaciones Geogr\u00e1ficas Protegidas (IGP)- y a los productos ecol\u00f3gicos.<br>La consellera de Agricultura, Desarrollo Rural, Emergencia Clim\u00e1tica y Transici\u00f3n Ecol\u00f3gica, Mireia Moll\u00e0, que ha participado en la presentaci\u00f3n de la marca, ha explicado el reconocimiento merecido y necesario al origen, la producci\u00f3n sostenible y la dedicaci\u00f3n hacia el mejor producto posible.<br>\u00ab&#8216;Molt de Gust &#8216;es un distintivo de calidad conseguido a base del poco a poco y del dar pasos adelante. Todas las personas que form\u00e1is parte de las diferentes figuras de calidad luch\u00e1is por la calidad, la proximidad y el saber hacer. Sois elemento clave del sector agroalimentario valenciano\u00bb, ha afirmado. Informa, <strong>Luis Ib\u00e1\u00f1ez.<\/strong><\/p>\n","protected":false},"excerpt":{"rendered":"<div class=\"mh-excerpt\">La Conselleria de Agricultura y Desarrollo Rural impulsa la promoci\u00f3n, el posicionamiento comercial y el consumo de los productos de calidad diferenciada y ecol\u00f3gicos de la Comunitat Valenciana a trav\u00e9s de la marca &#8216;Molt de <a class=\"mh-excerpt-more\" href=\"https:\/\/www.tucomarca.com\/wordpress\/segunda\/agricultura-crea-la-marca-molt-de-gust-para-promocionar-los-productos-agroalimentarios-de-calidad\/\" title=\"Agricultura crea la marca &#8216;Molt de Gust&#8217; para promocionar los productos agroalimentarios de calidad\">[+] <\/a><\/div>\n","protected":false},"author":12,"featured_media":141123,"comment_status":"open","ping_status":"open","sticky":false,"template":"","format":"standard","meta":{"footnotes":""},"categories":[169,128,8,72,142,27,3],"tags":[12855,15487],"class_list":{"0":"post-141120","1":"post","2":"type-post","3":"status-publish","4":"format-standard","5":"has-post-thumbnail","7":"category-agricultura-la-comarca","8":"category-infraestructuras","9":"category-la-comarca","10":"category-sin-categorizar","11":"category-politica-la-comarca","12":"category-requena-utiel","13":"category-seccion","14":"tag-conselleria-de-agricultura","15":"tag-molt-de-gust"},"_links":{"self":[{"href":"https:\/\/www.tucomarca.com\/wordpress\/segunda\/wp-json\/wp\/v2\/posts\/141120","targetHints":{"allow":["GET"]}}],"collection":[{"href":"https:\/\/www.tucomarca.com\/wordpress\/segunda\/wp-json\/wp\/v2\/posts"}],"about":[{"href":"https:\/\/www.tucomarca.com\/wordpress\/segunda\/wp-json\/wp\/v2\/types\/post"}],"author":[{"embeddable":true,"href":"https:\/\/www.tucomarca.com\/wordpress\/segunda\/wp-json\/wp\/v2\/users\/12"}],"replies":[{"embeddable":true,"href":"https:\/\/www.tucomarca.com\/wordpress\/segunda\/wp-json\/wp\/v2\/comments?post=141120"}],"version-history":[{"count":0,"href":"https:\/\/www.tucomarca.com\/wordpress\/segunda\/wp-json\/wp\/v2\/posts\/141120\/revisions"}],"wp:featuredmedia":[{"embeddable":true,"href":"https:\/\/www.tucomarca.com\/wordpress\/segunda\/wp-json\/wp\/v2\/media\/141123"}],"wp:attachment":[{"href":"https:\/\/www.tucomarca.com\/wordpress\/segunda\/wp-json\/wp\/v2\/media?parent=141120"}],"wp:term":[{"taxonomy":"category","embeddable":true,"href":"https:\/\/www.tucomarca.com\/wordpress\/segunda\/wp-json\/wp\/v2\/categories?post=141120"},{"taxonomy":"post_tag","embeddable":true,"href":"https:\/\/www.tucomarca.com\/wordpress\/segunda\/wp-json\/wp\/v2\/tags?post=141120"}],"curies":[{"name":"wp","href":"https:\/\/api.w.org\/{rel}","templated":true}]}}