{"id":141279,"date":"2021-09-20T19:05:00","date_gmt":"2021-09-20T18:05:00","guid":{"rendered":"http:\/\/www.tucomarca.com\/wordpress\/segunda\/?p=141279"},"modified":"2021-09-21T10:20:57","modified_gmt":"2021-09-21T09:20:57","slug":"un-espacio-redondo-para-la-fp-en-el-complejo-educativo-de-cheste","status":"publish","type":"post","link":"https:\/\/www.tucomarca.com\/wordpress\/segunda\/un-espacio-redondo-para-la-fp-en-el-complejo-educativo-de-cheste\/","title":{"rendered":"Un espacio redondo para la FP en el Complejo Educativo de Cheste"},"content":{"rendered":"\n<p><strong>La antigua laboral sigue apostando por la formaci\u00f3n profesional y acondiciona nuevas aulas en uno de sus dos enormes edificios circulares. &nbsp;<\/strong><\/p>\n\n\n\n<p>Lo que anta\u00f1o fue un comedor de planta circular&nbsp; con capacidad para 1500 comensales&nbsp; albergar\u00e1 desde este curso las nuevas aulas destinadas a Inform\u00e1tica y Comunicaciones de Grado Medio y Superior que se imparte en el Centro Integrado P\u00fablico de Formaci\u00f3n Profesional. La ampliaci\u00f3n de su oferta formativa requiere nuevos espacios, y <em>\u201ctenemos la voluntad de recuperar la totalidad del espacio del que disponemos, que no es poco. La Formaci\u00f3n Profesional de calidad es una prioridad\u201d<\/em> ha explicado Lucas Ferrando Zapater Director-Gerente del Cech.&nbsp;<\/p>\n\n\n\n<p>Las edificaciones del complejo datan de 1969 y adaptarlas a las actuales exigencias de seguridad y utilizaci\u00f3n requiere un esfuerzo significativo, as\u00ed desde la direcci\u00f3n del CIP-FP y la gerencia, se viene trabajando desde finales de mayo para que todo estuviera listo para el inicio de curso.&nbsp; <em>\u201cEl trabajo ha sido intenso, pero hoy contamos con instalaciones m\u00e1s modernas y mejor adaptadas a las necesidades del alumnado de estos ciclos\u201d<\/em> nos comenta el director del instituto Jos\u00e9 Pascual Jimenez.<\/p>\n\n\n\n<p>El comedor circular vuelve a mostrar siluetas en sus barandillas, mochilas, risas, bullicio de juventud. Los caracter\u00edsticos ventanales reflejan la nueva funci\u00f3n del hormig\u00f3n hecho escultura, impartir conocimiento, nuevas ilusiones o el esfuerzo, en definitiva la oportunidad de un futuro m\u00e1s esperanzador. Se trata pues de una apuesta decidida por recuperar y&nbsp; preservar espacios que den respuesta a las nuevas necesidades educativas.<\/p>\n\n\n\n<p>Al completarse el proyecto m\u00e1s de&nbsp; 260&nbsp; chicas y chicos se formar\u00e1n, entre bits,&nbsp; en las nuevas aulas de este entorno singular. Por su parte el profesorado cuenta con mayores y mejores dotaciones en su funci\u00f3n departamental y docente.&nbsp;<\/p>\n\n\n\n<p>Las cifras respaldan la voluntad, los 1300 m\u00b2 del anillo albergar\u00e1n a esta Familia Profesional. Cerca de 6 Km. De cables el\u00e9ctricos y red dan servicio a 800 puntos de corriente e internet. Y todo ello iluminado naturalmente por m\u00e1s de 660m<sup>2<\/sup> de ventanales. Oscar Espert administrador del CIP-FP ha se\u00f1alado que \u201c<em>l&#8217;esfor\u00e7 ha sigut quanti\u00f3s i sobretot un marejol, per\u00f2 val la pena mamprender-lo<\/em>\u201d.<\/p>\n\n\n\n<figure class=\"wp-block-gallery columns-3 is-cropped wp-block-gallery-1 is-layout-flex wp-block-gallery-is-layout-flex\"><ul class=\"blocks-gallery-grid\"><li class=\"blocks-gallery-item\"><figure><img loading=\"lazy\" decoding=\"async\" width=\"301\" height=\"187\" src=\"https:\/\/www.tucomarca.com\/wordpress\/segunda\/wp-content\/uploads\/2021\/09\/aulas_fp_redondo8.jpg\" alt=\"\" data-id=\"141350\" data-full-url=\"https:\/\/www.tucomarca.com\/wordpress\/segunda\/wp-content\/uploads\/2021\/09\/aulas_fp_redondo8.jpg\" data-link=\"https:\/\/www.tucomarca.com\/wordpress\/segunda\/un-espacio-redondo-para-la-fp-en-el-complejo-educativo-de-cheste\/aulas_fp_redondo8\/\" class=\"wp-image-141350\"\/><\/figure><\/li><li class=\"blocks-gallery-item\"><figure><img loading=\"lazy\" decoding=\"async\" width=\"217\" height=\"180\" src=\"https:\/\/www.tucomarca.com\/wordpress\/segunda\/wp-content\/uploads\/2021\/09\/aulas_fp_redondo7.jpg\" alt=\"\" data-id=\"141348\" data-full-url=\"https:\/\/www.tucomarca.com\/wordpress\/segunda\/wp-content\/uploads\/2021\/09\/aulas_fp_redondo7.jpg\" data-link=\"https:\/\/www.tucomarca.com\/wordpress\/segunda\/un-espacio-redondo-para-la-fp-en-el-complejo-educativo-de-cheste\/aulas_fp_redondo7\/\" class=\"wp-image-141348\"\/><\/figure><\/li><li class=\"blocks-gallery-item\"><figure><img loading=\"lazy\" decoding=\"async\" width=\"250\" height=\"193\" src=\"https:\/\/www.tucomarca.com\/wordpress\/segunda\/wp-content\/uploads\/2021\/09\/aulas_fp_redondo6.jpg\" alt=\"\" data-id=\"141345\" data-full-url=\"https:\/\/www.tucomarca.com\/wordpress\/segunda\/wp-content\/uploads\/2021\/09\/aulas_fp_redondo6.jpg\" data-link=\"https:\/\/www.tucomarca.com\/wordpress\/segunda\/un-espacio-redondo-para-la-fp-en-el-complejo-educativo-de-cheste\/aulas_fp_redondo6\/\" class=\"wp-image-141345\"\/><\/figure><\/li><li class=\"blocks-gallery-item\"><figure><img loading=\"lazy\" decoding=\"async\" width=\"229\" height=\"176\" src=\"https:\/\/www.tucomarca.com\/wordpress\/segunda\/wp-content\/uploads\/2021\/09\/aulas_fp_redondo4.jpg\" alt=\"\" data-id=\"141343\" data-full-url=\"https:\/\/www.tucomarca.com\/wordpress\/segunda\/wp-content\/uploads\/2021\/09\/aulas_fp_redondo4.jpg\" data-link=\"https:\/\/www.tucomarca.com\/wordpress\/segunda\/un-espacio-redondo-para-la-fp-en-el-complejo-educativo-de-cheste\/aulas_fp_redondo4\/\" class=\"wp-image-141343\" srcset=\"https:\/\/www.tucomarca.com\/wordpress\/segunda\/wp-content\/uploads\/2021\/09\/aulas_fp_redondo4.jpg 229w, https:\/\/www.tucomarca.com\/wordpress\/segunda\/wp-content\/uploads\/2021\/09\/aulas_fp_redondo4-80x60.jpg 80w\" sizes=\"auto, (max-width: 229px) 100vw, 229px\" \/><\/figure><\/li><\/ul><\/figure>\n","protected":false},"excerpt":{"rendered":"<div class=\"mh-excerpt\">La antigua laboral sigue apostando por la formaci\u00f3n profesional y acondiciona nuevas aulas en uno de sus dos enormes edificios circulares. &nbsp; Lo que anta\u00f1o fue un comedor de planta circular&nbsp; con capacidad para 1500 <a class=\"mh-excerpt-more\" href=\"https:\/\/www.tucomarca.com\/wordpress\/segunda\/un-espacio-redondo-para-la-fp-en-el-complejo-educativo-de-cheste\/\" title=\"Un espacio redondo para la FP en el Complejo Educativo de Cheste\">[+] <\/a><\/div>\n","protected":false},"author":1,"featured_media":115878,"comment_status":"open","ping_status":"open","sticky":false,"template":"","format":"gallery","meta":{"footnotes":""},"categories":[17,10543,128,8,10,3],"tags":[339,5952],"class_list":{"0":"post-141279","1":"post","2":"type-post","3":"status-publish","4":"format-gallery","5":"has-post-thumbnail","7":"category-cheste","8":"category-educacion-seccion","9":"category-infraestructuras","10":"category-la-comarca","11":"category-la-hoya","12":"category-seccion","13":"tag-cheste-2","14":"tag-la-hoya-de-bunol-chiva","15":"post_format-post-format-gallery"},"_links":{"self":[{"href":"https:\/\/www.tucomarca.com\/wordpress\/segunda\/wp-json\/wp\/v2\/posts\/141279","targetHints":{"allow":["GET"]}}],"collection":[{"href":"https:\/\/www.tucomarca.com\/wordpress\/segunda\/wp-json\/wp\/v2\/posts"}],"about":[{"href":"https:\/\/www.tucomarca.com\/wordpress\/segunda\/wp-json\/wp\/v2\/types\/post"}],"author":[{"embeddable":true,"href":"https:\/\/www.tucomarca.com\/wordpress\/segunda\/wp-json\/wp\/v2\/users\/1"}],"replies":[{"embeddable":true,"href":"https:\/\/www.tucomarca.com\/wordpress\/segunda\/wp-json\/wp\/v2\/comments?post=141279"}],"version-history":[{"count":0,"href":"https:\/\/www.tucomarca.com\/wordpress\/segunda\/wp-json\/wp\/v2\/posts\/141279\/revisions"}],"wp:featuredmedia":[{"embeddable":true,"href":"https:\/\/www.tucomarca.com\/wordpress\/segunda\/wp-json\/wp\/v2\/media\/115878"}],"wp:attachment":[{"href":"https:\/\/www.tucomarca.com\/wordpress\/segunda\/wp-json\/wp\/v2\/media?parent=141279"}],"wp:term":[{"taxonomy":"category","embeddable":true,"href":"https:\/\/www.tucomarca.com\/wordpress\/segunda\/wp-json\/wp\/v2\/categories?post=141279"},{"taxonomy":"post_tag","embeddable":true,"href":"https:\/\/www.tucomarca.com\/wordpress\/segunda\/wp-json\/wp\/v2\/tags?post=141279"}],"curies":[{"name":"wp","href":"https:\/\/api.w.org\/{rel}","templated":true}]}}