{"id":141470,"date":"2021-09-22T19:30:00","date_gmt":"2021-09-22T18:30:00","guid":{"rendered":"http:\/\/www.tucomarca.com\/wordpress\/segunda\/?p=141470"},"modified":"2021-09-24T00:33:06","modified_gmt":"2021-09-23T23:33:06","slug":"comienza-la-recoleccion-de-la-bobal","status":"publish","type":"post","link":"https:\/\/www.tucomarca.com\/wordpress\/segunda\/comienza-la-recoleccion-de-la-bobal\/","title":{"rendered":"Comienza la recolecci\u00f3n de la Bobal"},"content":{"rendered":"\n<p>La vendimia de la variedad de uva Bobal que ocupa en torno al 70% de la superficie total de vi\u00f1edo que hay en Requena-Utiel,&nbsp; ha comenzado esta semana, en casi todas las poblaciones del sur y centro de la comarca. Los pron\u00f3sticos del sector productor es que, la producci\u00f3n global de la comarca ser\u00e1 de, al menos, un 30% menor comparada con la obtenida el pasado a\u00f1o.<\/p>\n\n\n\n<p>Un 60% de la superficie de vi\u00f1edo se vendimia con m\u00e1quinas,&nbsp; por lo que, la contrataci\u00f3n de trabajadores se ha reducido en la misma proporci\u00f3n.<\/p>\n\n\n\n<p>La menor producci\u00f3n que habr\u00e1 en el \u00e1mbito europeo provocar\u00e1 una revalorizaci\u00f3n de las cotizaciones de los vinos,&nbsp; por la ca\u00edda de la oferta,&nbsp; afirman expertos en mercados vin\u00edcolas. Informa, <strong>Luis Ib\u00e1\u00f1ez<\/strong>.<\/p>\n","protected":false},"excerpt":{"rendered":"<div class=\"mh-excerpt\">La vendimia de la variedad de uva Bobal que ocupa en torno al 70% de la superficie total de vi\u00f1edo que hay en Requena-Utiel,&nbsp; ha comenzado esta semana, en casi todas las poblaciones del sur <a class=\"mh-excerpt-more\" href=\"https:\/\/www.tucomarca.com\/wordpress\/segunda\/comienza-la-recoleccion-de-la-bobal\/\" title=\"Comienza la recolecci\u00f3n de la Bobal\">[+] <\/a><\/div>\n","protected":false},"author":1,"featured_media":141471,"comment_status":"open","ping_status":"open","sticky":false,"template":"","format":"standard","meta":{"footnotes":""},"categories":[169,113,8,27,3],"tags":[10387],"class_list":{"0":"post-141470","1":"post","2":"type-post","3":"status-publish","4":"format-standard","5":"has-post-thumbnail","7":"category-agricultura-la-comarca","8":"category-vinos","9":"category-la-comarca","10":"category-requena-utiel","11":"category-seccion","12":"tag-requena-utiel"},"_links":{"self":[{"href":"https:\/\/www.tucomarca.com\/wordpress\/segunda\/wp-json\/wp\/v2\/posts\/141470","targetHints":{"allow":["GET"]}}],"collection":[{"href":"https:\/\/www.tucomarca.com\/wordpress\/segunda\/wp-json\/wp\/v2\/posts"}],"about":[{"href":"https:\/\/www.tucomarca.com\/wordpress\/segunda\/wp-json\/wp\/v2\/types\/post"}],"author":[{"embeddable":true,"href":"https:\/\/www.tucomarca.com\/wordpress\/segunda\/wp-json\/wp\/v2\/users\/1"}],"replies":[{"embeddable":true,"href":"https:\/\/www.tucomarca.com\/wordpress\/segunda\/wp-json\/wp\/v2\/comments?post=141470"}],"version-history":[{"count":0,"href":"https:\/\/www.tucomarca.com\/wordpress\/segunda\/wp-json\/wp\/v2\/posts\/141470\/revisions"}],"wp:featuredmedia":[{"embeddable":true,"href":"https:\/\/www.tucomarca.com\/wordpress\/segunda\/wp-json\/wp\/v2\/media\/141471"}],"wp:attachment":[{"href":"https:\/\/www.tucomarca.com\/wordpress\/segunda\/wp-json\/wp\/v2\/media?parent=141470"}],"wp:term":[{"taxonomy":"category","embeddable":true,"href":"https:\/\/www.tucomarca.com\/wordpress\/segunda\/wp-json\/wp\/v2\/categories?post=141470"},{"taxonomy":"post_tag","embeddable":true,"href":"https:\/\/www.tucomarca.com\/wordpress\/segunda\/wp-json\/wp\/v2\/tags?post=141470"}],"curies":[{"name":"wp","href":"https:\/\/api.w.org\/{rel}","templated":true}]}}