{"id":141592,"date":"2021-09-27T12:09:00","date_gmt":"2021-09-27T11:09:00","guid":{"rendered":"http:\/\/www.tucomarca.com\/wordpress\/segunda\/?p=141592"},"modified":"2021-09-30T20:16:58","modified_gmt":"2021-09-30T19:16:58","slug":"la-presentacion-de-la-reina-abre-la-fiesta-de-la-vendimia-2021","status":"publish","type":"post","link":"https:\/\/www.tucomarca.com\/wordpress\/segunda\/la-presentacion-de-la-reina-abre-la-fiesta-de-la-vendimia-2021\/","title":{"rendered":"La presentaci\u00f3n de la reina abre la Fiesta de la Vendimia 2021"},"content":{"rendered":"\n<p>El pasado s\u00e1bado, 25 de septiembre, la plaza Doctor Cajal se visti\u00f3 de gala para acoger la esperada Presentaci\u00f3n de la Reina de la XLVIII Fiesta de la Vendimia, Ruth Ortiz S\u00e1nchez, y de su corte honor.<\/p>\n\n\n\n<p>El tel\u00f3n se abr\u00eda cerca de las nueve de la noche, cuando las lluvias daban tregua, para descubrir un impresionante trono, obra de los artistas falleros Jos\u00e9 Luis Ceballos y Francisco Sanabria, que luc\u00eda entre los llamativos arreglos florales de la chestana D\u00e9bora Rodrigo.<\/p>\n\n\n\n<p>Las 15 parejas de la corte de honor, el rey de la Vendimia, Hugo L\u00f3pez Montaner, y los y las representantes de las fallas locales desfilaron y ocuparon sus asientos en el escenario, junto al alcalde de Cheste, Jos\u00e9 Morell, la mantenedora, Mar\u00eda Luisa Nieto Cabrera y el concejal de Fiestas, Ra\u00fal Mota. Todos y todas se pusieron en pie para recibir a Ruth Ortiz Salazar, que desfil\u00f3 del brazo del alcalde hasta el trono y fue proclamada, ente aplausos y fuegos artificiales, Reina de la Vendimia 2021. Debido a la ausencia de su antecesora, que le dedic\u00f3 unas emotivas palabras desde la distancia, la corona y la banda fueron colocadas por el alcalde y el concejal. La nueva reina tambi\u00e9n recibi\u00f3 la insignia de oro por parte del Ayuntamiento y un detalle.<\/p>\n\n\n\n<p>Despu\u00e9s se dio paso al reconocimiento de algunas de las reinas de la historia de la Fiesta de la Vendimia, recordando los momentos destacados de su a\u00f1o.<\/p>\n\n\n\n<p>Dentro del ejercicio de su reinado, Ruth impuso las bandas a las falleras mayores chestanas y recibi\u00f3 ramos de parte de las fallas locales y la Junta Local; del presidente de la Cooperativa Cheste Agraria, Alejandro Monz\u00f3n, y de sus compa\u00f1eros y compa\u00f1eras. As\u00ed, la ofrenda floral fue la antesala de uno de los momentos \u00e1lgidos de la gala, las dedicatorias a la reina por parte de una de sus amigas y de su prima, que consiguieron emocionarla.<\/p>\n\n\n\n<p>El acto se cerr\u00f3 con los discursos del alcalde y la mantenedora, la neum\u00f3loga Mar\u00eda Luisa Nieto, quien comparti\u00f3 sus vivencias en el ejercicio de su trabajo durante la etapa m\u00e1s dura de la pandemia y reconoci\u00f3 a Cheste por saber reinventarse en tiempos dif\u00edciles y ser una poblaci\u00f3n solidaria.&nbsp;<\/p>\n\n\n\n<p>\u201cNo nac\u00ed en Cheste pero soy chestana, porque mi arraigo es muy fuerte aqu\u00ed; mi padre era Don Justino, m\u00e9dico que muchos recordar\u00e9is. De \u00e9l aprend\u00ed el arte, la ciencia y la humanidad de la Medicina\u201d, anunciaba Nieto. \u201cCuando el virus lleg\u00f3 para cambiarlo todo, los neum\u00f3logos junto con otros compa\u00f1eros nos pusimos al frente para montar las unidades covid, un trabajo muy duro. A trav\u00e9s de esta experiencia tan complicada hemos aprendido y hemos crecido; esta pandemia nos ha mostrado la solidaridad de las personas. Quiero incidir en el caso de los ancianos, que han sabido afrontar la situaci\u00f3n con estoicismo y heroicidad pese a la gravedad, d\u00e1ndonos lecciones de vida, preocupados m\u00e1s por los dem\u00e1s que por ellos mismos\u201d.<\/p>\n\n\n\n<p>El alcalde, Jos\u00e9 Morell, comenz\u00f3 su discurso con agradecimientos a todos y todas los que hacen posible la celebraci\u00f3n de las fiestas y prosigui\u00f3 reconociendo a las familias m\u00e1s afectadas por la pandemia, lanzando un mensaje de alegr\u00eda y responsabilidad. \u201cEn Cheste se han infectado 956 personas, m\u00e1s de los que nos encontramos hoy aqu\u00ed reunidos, y han fallecido 19; nunca vamos a olvidar su dolor y les vamos a tener muy presentes. Durante estos tiempos tan dif\u00edciles ha habido muchos colectivos que se han dado a los dem\u00e1s y para poner en valor esta respuesta colectiva vamos a brindarles un gran homenaje en el marco de esta fiestas, el pr\u00f3ximo 9 de octubre\u201d, manifestada el alcalde. \u201cEstas fiestas van a ser seguras, de reencuentros y de homenaje a los nuestros. Debemos conjurarnos para que estos d\u00edas resulten inolvidables en una edici\u00f3n de la vendimia excepcional\u201d.<\/p>\n\n\n\n<p>El alcalde cerr\u00f3 su discurso dedicando el poema an\u00f3nimo <em>Ahora<\/em> a los chicos y chicas de la Vendimia y dedic\u00e1ndoles unas palabras: \u201cVais a vivir unas fiestas muy especiales, siendo ejemplo de adaptaci\u00f3n, de responsabilidad y de alegr\u00eda, hab\u00e9is sido valientes. Una y mil veces gracias. \u00a1Viva la Vendimia, viva la reina y viva Cheste!\u201d<\/p>\n\n\n\n<p>Como colof\u00f3n final, el cantante local Mario Corber\u00e1n interpret\u00f3 el himno regional, con todo el p\u00fablico puesto en pie.<\/p>\n\n\n\n<figure class=\"wp-block-gallery columns-2 is-cropped wp-block-gallery-1 is-layout-flex wp-block-gallery-is-layout-flex\"><ul class=\"blocks-gallery-grid\"><li class=\"blocks-gallery-item\"><figure><img loading=\"lazy\" decoding=\"async\" width=\"1024\" height=\"682\" src=\"https:\/\/www.tucomarca.com\/wordpress\/segunda\/wp-content\/uploads\/2021\/09\/PresenVendimia03-1024x682.jpg\" alt=\"\" data-id=\"141789\" data-full-url=\"https:\/\/www.tucomarca.com\/wordpress\/segunda\/wp-content\/uploads\/2021\/09\/PresenVendimia03.jpg\" data-link=\"https:\/\/www.tucomarca.com\/wordpress\/segunda\/?attachment_id=141789\" class=\"wp-image-141789\" srcset=\"https:\/\/www.tucomarca.com\/wordpress\/segunda\/wp-content\/uploads\/2021\/09\/PresenVendimia03-1024x682.jpg 1024w, https:\/\/www.tucomarca.com\/wordpress\/segunda\/wp-content\/uploads\/2021\/09\/PresenVendimia03-300x200.jpg 300w, https:\/\/www.tucomarca.com\/wordpress\/segunda\/wp-content\/uploads\/2021\/09\/PresenVendimia03-768x512.jpg 768w, https:\/\/www.tucomarca.com\/wordpress\/segunda\/wp-content\/uploads\/2021\/09\/PresenVendimia03.jpg 1181w\" sizes=\"auto, (max-width: 1024px) 100vw, 1024px\" \/><\/figure><\/li><li class=\"blocks-gallery-item\"><figure><img loading=\"lazy\" decoding=\"async\" width=\"1024\" height=\"682\" src=\"https:\/\/www.tucomarca.com\/wordpress\/segunda\/wp-content\/uploads\/2021\/09\/PresenVendimia02-1024x682.jpg\" alt=\"\" data-id=\"141787\" data-full-url=\"https:\/\/www.tucomarca.com\/wordpress\/segunda\/wp-content\/uploads\/2021\/09\/PresenVendimia02.jpg\" data-link=\"https:\/\/www.tucomarca.com\/wordpress\/segunda\/?attachment_id=141787\" class=\"wp-image-141787\" srcset=\"https:\/\/www.tucomarca.com\/wordpress\/segunda\/wp-content\/uploads\/2021\/09\/PresenVendimia02-1024x682.jpg 1024w, https:\/\/www.tucomarca.com\/wordpress\/segunda\/wp-content\/uploads\/2021\/09\/PresenVendimia02-300x200.jpg 300w, https:\/\/www.tucomarca.com\/wordpress\/segunda\/wp-content\/uploads\/2021\/09\/PresenVendimia02-768x512.jpg 768w, https:\/\/www.tucomarca.com\/wordpress\/segunda\/wp-content\/uploads\/2021\/09\/PresenVendimia02.jpg 1181w\" sizes=\"auto, (max-width: 1024px) 100vw, 1024px\" \/><\/figure><\/li><li class=\"blocks-gallery-item\"><figure><img loading=\"lazy\" decoding=\"async\" width=\"1024\" height=\"682\" src=\"https:\/\/www.tucomarca.com\/wordpress\/segunda\/wp-content\/uploads\/2021\/09\/PresenVendimia16-1024x682.jpg\" alt=\"\" data-id=\"141799\" data-full-url=\"https:\/\/www.tucomarca.com\/wordpress\/segunda\/wp-content\/uploads\/2021\/09\/PresenVendimia16.jpg\" data-link=\"https:\/\/www.tucomarca.com\/wordpress\/segunda\/?attachment_id=141799\" class=\"wp-image-141799\" srcset=\"https:\/\/www.tucomarca.com\/wordpress\/segunda\/wp-content\/uploads\/2021\/09\/PresenVendimia16-1024x682.jpg 1024w, https:\/\/www.tucomarca.com\/wordpress\/segunda\/wp-content\/uploads\/2021\/09\/PresenVendimia16-300x200.jpg 300w, https:\/\/www.tucomarca.com\/wordpress\/segunda\/wp-content\/uploads\/2021\/09\/PresenVendimia16-768x512.jpg 768w, https:\/\/www.tucomarca.com\/wordpress\/segunda\/wp-content\/uploads\/2021\/09\/PresenVendimia16.jpg 1181w\" sizes=\"auto, (max-width: 1024px) 100vw, 1024px\" \/><\/figure><\/li><li class=\"blocks-gallery-item\"><figure><img loading=\"lazy\" decoding=\"async\" width=\"1024\" height=\"682\" src=\"https:\/\/www.tucomarca.com\/wordpress\/segunda\/wp-content\/uploads\/2021\/09\/PresenVendimia08-1024x682.jpg\" alt=\"\" data-id=\"141791\" data-full-url=\"https:\/\/www.tucomarca.com\/wordpress\/segunda\/wp-content\/uploads\/2021\/09\/PresenVendimia08.jpg\" data-link=\"https:\/\/www.tucomarca.com\/wordpress\/segunda\/?attachment_id=141791\" class=\"wp-image-141791\" srcset=\"https:\/\/www.tucomarca.com\/wordpress\/segunda\/wp-content\/uploads\/2021\/09\/PresenVendimia08-1024x682.jpg 1024w, https:\/\/www.tucomarca.com\/wordpress\/segunda\/wp-content\/uploads\/2021\/09\/PresenVendimia08-300x200.jpg 300w, https:\/\/www.tucomarca.com\/wordpress\/segunda\/wp-content\/uploads\/2021\/09\/PresenVendimia08-768x512.jpg 768w, https:\/\/www.tucomarca.com\/wordpress\/segunda\/wp-content\/uploads\/2021\/09\/PresenVendimia08.jpg 1181w\" sizes=\"auto, (max-width: 1024px) 100vw, 1024px\" \/><\/figure><\/li><li class=\"blocks-gallery-item\"><figure><img loading=\"lazy\" decoding=\"async\" width=\"1024\" height=\"682\" src=\"https:\/\/www.tucomarca.com\/wordpress\/segunda\/wp-content\/uploads\/2021\/09\/PresenVendimia17-1024x682.jpg\" alt=\"\" data-id=\"141802\" data-full-url=\"https:\/\/www.tucomarca.com\/wordpress\/segunda\/wp-content\/uploads\/2021\/09\/PresenVendimia17.jpg\" data-link=\"https:\/\/www.tucomarca.com\/wordpress\/segunda\/?attachment_id=141802\" class=\"wp-image-141802\" srcset=\"https:\/\/www.tucomarca.com\/wordpress\/segunda\/wp-content\/uploads\/2021\/09\/PresenVendimia17-1024x682.jpg 1024w, https:\/\/www.tucomarca.com\/wordpress\/segunda\/wp-content\/uploads\/2021\/09\/PresenVendimia17-300x200.jpg 300w, https:\/\/www.tucomarca.com\/wordpress\/segunda\/wp-content\/uploads\/2021\/09\/PresenVendimia17-768x512.jpg 768w, https:\/\/www.tucomarca.com\/wordpress\/segunda\/wp-content\/uploads\/2021\/09\/PresenVendimia17.jpg 1181w\" sizes=\"auto, (max-width: 1024px) 100vw, 1024px\" \/><\/figure><\/li><li class=\"blocks-gallery-item\"><figure><img loading=\"lazy\" decoding=\"async\" width=\"1024\" height=\"682\" src=\"https:\/\/www.tucomarca.com\/wordpress\/segunda\/wp-content\/uploads\/2021\/09\/PresenVendimia21-1024x682.jpg\" alt=\"\" data-id=\"141808\" data-full-url=\"https:\/\/www.tucomarca.com\/wordpress\/segunda\/wp-content\/uploads\/2021\/09\/PresenVendimia21.jpg\" data-link=\"https:\/\/www.tucomarca.com\/wordpress\/segunda\/?attachment_id=141808\" class=\"wp-image-141808\" srcset=\"https:\/\/www.tucomarca.com\/wordpress\/segunda\/wp-content\/uploads\/2021\/09\/PresenVendimia21-1024x682.jpg 1024w, https:\/\/www.tucomarca.com\/wordpress\/segunda\/wp-content\/uploads\/2021\/09\/PresenVendimia21-300x200.jpg 300w, https:\/\/www.tucomarca.com\/wordpress\/segunda\/wp-content\/uploads\/2021\/09\/PresenVendimia21-768x512.jpg 768w, https:\/\/www.tucomarca.com\/wordpress\/segunda\/wp-content\/uploads\/2021\/09\/PresenVendimia21.jpg 1181w\" sizes=\"auto, (max-width: 1024px) 100vw, 1024px\" \/><\/figure><\/li><li class=\"blocks-gallery-item\"><figure><img loading=\"lazy\" decoding=\"async\" width=\"1024\" height=\"682\" src=\"https:\/\/www.tucomarca.com\/wordpress\/segunda\/wp-content\/uploads\/2021\/09\/PresenVendimia20-1024x682.jpg\" alt=\"\" data-id=\"141806\" data-full-url=\"https:\/\/www.tucomarca.com\/wordpress\/segunda\/wp-content\/uploads\/2021\/09\/PresenVendimia20.jpg\" data-link=\"https:\/\/www.tucomarca.com\/wordpress\/segunda\/?attachment_id=141806\" class=\"wp-image-141806\" srcset=\"https:\/\/www.tucomarca.com\/wordpress\/segunda\/wp-content\/uploads\/2021\/09\/PresenVendimia20-1024x682.jpg 1024w, https:\/\/www.tucomarca.com\/wordpress\/segunda\/wp-content\/uploads\/2021\/09\/PresenVendimia20-300x200.jpg 300w, https:\/\/www.tucomarca.com\/wordpress\/segunda\/wp-content\/uploads\/2021\/09\/PresenVendimia20-768x512.jpg 768w, https:\/\/www.tucomarca.com\/wordpress\/segunda\/wp-content\/uploads\/2021\/09\/PresenVendimia20.jpg 1181w\" sizes=\"auto, (max-width: 1024px) 100vw, 1024px\" \/><\/figure><\/li><li class=\"blocks-gallery-item\"><figure><img loading=\"lazy\" decoding=\"async\" width=\"1024\" height=\"682\" src=\"https:\/\/www.tucomarca.com\/wordpress\/segunda\/wp-content\/uploads\/2021\/09\/PresenVendimia11-1024x682.jpg\" alt=\"\" data-id=\"141793\" data-full-url=\"https:\/\/www.tucomarca.com\/wordpress\/segunda\/wp-content\/uploads\/2021\/09\/PresenVendimia11.jpg\" data-link=\"https:\/\/www.tucomarca.com\/wordpress\/segunda\/?attachment_id=141793\" class=\"wp-image-141793\" srcset=\"https:\/\/www.tucomarca.com\/wordpress\/segunda\/wp-content\/uploads\/2021\/09\/PresenVendimia11-1024x682.jpg 1024w, https:\/\/www.tucomarca.com\/wordpress\/segunda\/wp-content\/uploads\/2021\/09\/PresenVendimia11-300x200.jpg 300w, https:\/\/www.tucomarca.com\/wordpress\/segunda\/wp-content\/uploads\/2021\/09\/PresenVendimia11-768x512.jpg 768w, https:\/\/www.tucomarca.com\/wordpress\/segunda\/wp-content\/uploads\/2021\/09\/PresenVendimia11.jpg 1181w\" sizes=\"auto, (max-width: 1024px) 100vw, 1024px\" \/><\/figure><\/li><li class=\"blocks-gallery-item\"><figure><img loading=\"lazy\" decoding=\"async\" width=\"1024\" height=\"682\" src=\"https:\/\/www.tucomarca.com\/wordpress\/segunda\/wp-content\/uploads\/2021\/09\/PresenVendimia13-1024x682.jpg\" alt=\"\" data-id=\"141795\" data-full-url=\"https:\/\/www.tucomarca.com\/wordpress\/segunda\/wp-content\/uploads\/2021\/09\/PresenVendimia13.jpg\" data-link=\"https:\/\/www.tucomarca.com\/wordpress\/segunda\/?attachment_id=141795\" class=\"wp-image-141795\" srcset=\"https:\/\/www.tucomarca.com\/wordpress\/segunda\/wp-content\/uploads\/2021\/09\/PresenVendimia13-1024x682.jpg 1024w, https:\/\/www.tucomarca.com\/wordpress\/segunda\/wp-content\/uploads\/2021\/09\/PresenVendimia13-300x200.jpg 300w, https:\/\/www.tucomarca.com\/wordpress\/segunda\/wp-content\/uploads\/2021\/09\/PresenVendimia13-768x512.jpg 768w, https:\/\/www.tucomarca.com\/wordpress\/segunda\/wp-content\/uploads\/2021\/09\/PresenVendimia13.jpg 1181w\" sizes=\"auto, (max-width: 1024px) 100vw, 1024px\" \/><\/figure><\/li><li class=\"blocks-gallery-item\"><figure><img loading=\"lazy\" decoding=\"async\" width=\"1024\" height=\"682\" src=\"https:\/\/www.tucomarca.com\/wordpress\/segunda\/wp-content\/uploads\/2021\/09\/PresenVendimia14-1024x682.jpg\" alt=\"\" data-id=\"141797\" data-full-url=\"https:\/\/www.tucomarca.com\/wordpress\/segunda\/wp-content\/uploads\/2021\/09\/PresenVendimia14.jpg\" data-link=\"https:\/\/www.tucomarca.com\/wordpress\/segunda\/?attachment_id=141797\" class=\"wp-image-141797\" srcset=\"https:\/\/www.tucomarca.com\/wordpress\/segunda\/wp-content\/uploads\/2021\/09\/PresenVendimia14-1024x682.jpg 1024w, https:\/\/www.tucomarca.com\/wordpress\/segunda\/wp-content\/uploads\/2021\/09\/PresenVendimia14-300x200.jpg 300w, https:\/\/www.tucomarca.com\/wordpress\/segunda\/wp-content\/uploads\/2021\/09\/PresenVendimia14-768x512.jpg 768w, https:\/\/www.tucomarca.com\/wordpress\/segunda\/wp-content\/uploads\/2021\/09\/PresenVendimia14.jpg 1181w\" sizes=\"auto, (max-width: 1024px) 100vw, 1024px\" \/><\/figure><\/li><li class=\"blocks-gallery-item\"><figure><img loading=\"lazy\" decoding=\"async\" width=\"1024\" height=\"682\" src=\"https:\/\/www.tucomarca.com\/wordpress\/segunda\/wp-content\/uploads\/2021\/09\/PresenVendimia18-1024x682.jpg\" alt=\"\" data-id=\"141804\" data-full-url=\"https:\/\/www.tucomarca.com\/wordpress\/segunda\/wp-content\/uploads\/2021\/09\/PresenVendimia18.jpg\" data-link=\"https:\/\/www.tucomarca.com\/wordpress\/segunda\/?attachment_id=141804\" class=\"wp-image-141804\" srcset=\"https:\/\/www.tucomarca.com\/wordpress\/segunda\/wp-content\/uploads\/2021\/09\/PresenVendimia18-1024x682.jpg 1024w, https:\/\/www.tucomarca.com\/wordpress\/segunda\/wp-content\/uploads\/2021\/09\/PresenVendimia18-300x200.jpg 300w, https:\/\/www.tucomarca.com\/wordpress\/segunda\/wp-content\/uploads\/2021\/09\/PresenVendimia18-768x512.jpg 768w, https:\/\/www.tucomarca.com\/wordpress\/segunda\/wp-content\/uploads\/2021\/09\/PresenVendimia18.jpg 1181w\" sizes=\"auto, (max-width: 1024px) 100vw, 1024px\" \/><\/figure><\/li><\/ul><\/figure>\n\n\n\n<p><\/p>\n","protected":false},"excerpt":{"rendered":"<div class=\"mh-excerpt\">El pasado s\u00e1bado, 25 de septiembre, la plaza Doctor Cajal se visti\u00f3 de gala para acoger la esperada Presentaci\u00f3n de la Reina de la XLVIII Fiesta de la Vendimia, Ruth Ortiz S\u00e1nchez, y de su <a class=\"mh-excerpt-more\" href=\"https:\/\/www.tucomarca.com\/wordpress\/segunda\/la-presentacion-de-la-reina-abre-la-fiesta-de-la-vendimia-2021\/\" title=\"La presentaci\u00f3n de la reina abre la Fiesta de la Vendimia 2021\">[+] <\/a><\/div>\n","protected":false},"author":1,"featured_media":141784,"comment_status":"open","ping_status":"open","sticky":false,"template":"","format":"gallery","meta":{"footnotes":""},"categories":[17,8,10,5,7,383,3],"tags":[339,10629,5952],"class_list":{"0":"post-141592","1":"post","2":"type-post","3":"status-publish","4":"format-gallery","5":"has-post-thumbnail","7":"category-cheste","8":"category-la-comarca","9":"category-la-hoya","10":"category-la-semana-en-imagenes","11":"category-ocio-y-cultura","12":"category-pueblos-en-fiestas","13":"category-seccion","14":"tag-cheste-2","15":"tag-fiestas-de-la-vendimia-de-cheste","16":"tag-la-hoya-de-bunol-chiva","17":"post_format-post-format-gallery"},"_links":{"self":[{"href":"https:\/\/www.tucomarca.com\/wordpress\/segunda\/wp-json\/wp\/v2\/posts\/141592","targetHints":{"allow":["GET"]}}],"collection":[{"href":"https:\/\/www.tucomarca.com\/wordpress\/segunda\/wp-json\/wp\/v2\/posts"}],"about":[{"href":"https:\/\/www.tucomarca.com\/wordpress\/segunda\/wp-json\/wp\/v2\/types\/post"}],"author":[{"embeddable":true,"href":"https:\/\/www.tucomarca.com\/wordpress\/segunda\/wp-json\/wp\/v2\/users\/1"}],"replies":[{"embeddable":true,"href":"https:\/\/www.tucomarca.com\/wordpress\/segunda\/wp-json\/wp\/v2\/comments?post=141592"}],"version-history":[{"count":0,"href":"https:\/\/www.tucomarca.com\/wordpress\/segunda\/wp-json\/wp\/v2\/posts\/141592\/revisions"}],"wp:featuredmedia":[{"embeddable":true,"href":"https:\/\/www.tucomarca.com\/wordpress\/segunda\/wp-json\/wp\/v2\/media\/141784"}],"wp:attachment":[{"href":"https:\/\/www.tucomarca.com\/wordpress\/segunda\/wp-json\/wp\/v2\/media?parent=141592"}],"wp:term":[{"taxonomy":"category","embeddable":true,"href":"https:\/\/www.tucomarca.com\/wordpress\/segunda\/wp-json\/wp\/v2\/categories?post=141592"},{"taxonomy":"post_tag","embeddable":true,"href":"https:\/\/www.tucomarca.com\/wordpress\/segunda\/wp-json\/wp\/v2\/tags?post=141592"}],"curies":[{"name":"wp","href":"https:\/\/api.w.org\/{rel}","templated":true}]}}