{"id":141648,"date":"2021-09-28T09:48:00","date_gmt":"2021-09-28T08:48:00","guid":{"rendered":"http:\/\/www.tucomarca.com\/wordpress\/segunda\/?p=141648"},"modified":"2021-09-29T14:14:03","modified_gmt":"2021-09-29T13:14:03","slug":"el-director-y-compositor-saul-gomez-se-muestra-inmensamente-feliz-por-el-homenaje-recibido-el-pasado-sabado-en-lliria","status":"publish","type":"post","link":"https:\/\/www.tucomarca.com\/wordpress\/segunda\/el-director-y-compositor-saul-gomez-se-muestra-inmensamente-feliz-por-el-homenaje-recibido-el-pasado-sabado-en-lliria\/","title":{"rendered":"El director y compositor Sa\u00fcl G\u00f3mez se muestra \u201cinmensamente feliz\u201d por el homenaje recibido el pasado s\u00e1bado en Ll\u00edria"},"content":{"rendered":"\n<h4 class=\"wp-block-heading\">Seg\u00fan el valenciano \u201ctodos los que amamos la m\u00fasica siempre hemos tenido como referente a Ll\u00edria y a sus sociedades musicales\u201d<\/h4>\n\n\n\n<h4 class=\"wp-block-heading\">La Orquesta del Principado de Asturias y la Banda Municipal de Vitoria estrenan esta semana obras del compositor de Ontinyent<\/h4>\n\n\n\n<figure class=\"wp-block-image size-large\"><img loading=\"lazy\" decoding=\"async\" width=\"1024\" height=\"683\" src=\"https:\/\/www.tucomarca.com\/wordpress\/segunda\/wp-content\/uploads\/2021\/09\/SaulGomez02-1024x683.jpg\" alt=\"\" class=\"wp-image-141650\" srcset=\"https:\/\/www.tucomarca.com\/wordpress\/segunda\/wp-content\/uploads\/2021\/09\/SaulGomez02-1024x683.jpg 1024w, https:\/\/www.tucomarca.com\/wordpress\/segunda\/wp-content\/uploads\/2021\/09\/SaulGomez02-300x200.jpg 300w, https:\/\/www.tucomarca.com\/wordpress\/segunda\/wp-content\/uploads\/2021\/09\/SaulGomez02-768x512.jpg 768w, https:\/\/www.tucomarca.com\/wordpress\/segunda\/wp-content\/uploads\/2021\/09\/SaulGomez02-1536x1024.jpg 1536w, https:\/\/www.tucomarca.com\/wordpress\/segunda\/wp-content\/uploads\/2021\/09\/SaulGomez02-2048x1365.jpg 2048w\" sizes=\"auto, (max-width: 1024px) 100vw, 1024px\" \/><\/figure>\n\n\n\n<p>La temporada 2021-2022 no pod\u00eda comenzar mejor para Sa\u00fcl G\u00f3mez Soler. El compositor y director valenciano recib\u00eda el pasado s\u00e1bado 25 de septiembre un homenaje en Ll\u00edria coincidiendo con una nueva edici\u00f3n del \u2018Concert de les Bandes\u2019, evento que cont\u00f3 con la presencia del compositor Fran\u00e7ois Boulanger como presidente de honor y quien tambi\u00e9n recibi\u00f3 el reconocimiento de la Ciudad Creativa de la M\u00fasica por la UNESCO.<\/p>\n\n\n\n<p>Para Sa\u00fcl \u201ces un gran honor recibir este reconocimiento por parte del Ayuntamiento de Ll\u00edria. Todos los que amamos la m\u00fasica hemos tenido siempre como referente a Ll\u00edria y a sus sociedades musicales. Por este motivo, este homenaje me ha llenado de orgullo y me hace inmensamente feliz\u201d.<\/p>\n\n\n\n<p>Y con gran felicidad vivi\u00f3 esta velada el compositor y director de Ontinyent. Un Concert de les Bandes en el que, un a\u00f1o m\u00e1s, la Banda Sinf\u00f3nica Uni\u00f3 Musical y la Banda Primitiva deleitaron al p\u00fablico que asisti\u00f3 a la plaza Mayor con interesantes programas que incluyeron, cada uno de ellos, una obra del compositor homenajeado. As\u00ed, la Uni\u00f3 Musical de Ll\u00edria, bajo la batuta de Pablo Marqu\u00e9s, eligi\u00f3 <em>Leonardo Dreams<\/em>, mientras que la Banda Primitiva, dirigida por Javier Engu\u00eddanos, interpret\u00f3 su obra <em>Stones and Sea<\/em>.&nbsp;<\/p>\n\n\n\n<p>Adem\u00e1s, el director, que horas antes hab\u00eda firmado en el Libro de Oro de la ciudad acompa\u00f1ado por una representaci\u00f3n de las autoridades municipales, tuvo la oportunidad de ponerse al frente de la Primitiva para dirigir el <em>Himno de Ll\u00edria<\/em>, lo que hizo el evento a\u00fan m\u00e1s especial.&nbsp;<\/p>\n\n\n\n<p><strong>Estrenos con la OSPA y la Banda Municipal de Vitoria<\/strong><\/p>\n\n\n\n<p>Tras el homenaje en Ll\u00edria, Sa\u00fcl se dispone a disfrutar de dos estrenos de su m\u00fasica que tendr\u00e1n lugar esta misma semana de la mano de la Orquesta Sinf\u00f3nica del Principado de Asturias y la Banda Municipal de Vitoria.<\/p>\n\n\n\n<p>El pr\u00f3ximo s\u00e1bado 2 de octubre a las 20.30h, la Orquesta Sinf\u00f3nica del Principado de Asturias (OSPA) estrenar\u00e1 la versi\u00f3n orquestal de <em>Breath<\/em> bajo la direcci\u00f3n de Carlos Garc\u00e9s, director con el que Sa\u00fcl ha trabajado ya en numerosas ocasiones. De hecho fue Garc\u00e9s al frente de la banda de la Sociedad Musical Instructiva Santa Cecilia de Cullera quien estren\u00f3 esta obra original para banda hace tan solo unos meses, concretamente el pasado 23 de mayo.&nbsp;<\/p>\n\n\n\n<p>Por el contrario, s\u00ed que es la primera vez que el compositor valenciano colabora con la agrupaci\u00f3n asturiana, lo que le hace una gran ilusi\u00f3n al igual que compartir programa \u201ccon compositores de la talla de Samuel Barber, Sibelius y Tchaikovsky\u201d. La obra es una reflexi\u00f3n sobre la pandemia, dividida en dos partes est\u00e9ticamente opuestas y con la que G\u00f3mez Soler ha querido mostrar su \u201cagradecimiento a toda la gente que ha luchado y lucha para que todo esto acabe\u201d.&nbsp;<\/p>\n\n\n\n<p>Por su parte, d\u00edas antes, concretamente este jueves 29 de septiembre, la Banda Municipal de Vitoria estrenar\u00e1 <em>Gioia<\/em>, una obra original para ensemble de metales, cuya instrumentaci\u00f3n para banda es un encargo del titular de la formaci\u00f3n Luis Ordu\u00f1a. Ser\u00e1 durante el primer concierto de la Banda Municipal de M\u00fasica de la temporada 2021-2022 en el Teatro Principal Antzokia y el programa se completar\u00e1 con obras de Sara Galiana, Bert Appermont y Jacob de Haan.<\/p>\n\n\n\n<p>No ser\u00e1 esta la \u00fanica ocasi\u00f3n en la que los m\u00fasicos de Vitoria interpreten las composiciones de Sa\u00fcl G\u00f3mez. Su director, Luis Ordu\u00f1a, prepara ya un macro concierto para 2022 en el que tiene previsto el estreno en Espa\u00f1a de <em>Breathing Bits<\/em>. Se trata la primera sinfon\u00eda del compositor de Ontinyent, obra estrenada en marzo de 2020 en B\u00e9lgica por la banda Harmonie De Kunstvrienden de Sint-Eloois-Winkel que dirige Dimitri Bracke. Ser\u00e1 entonces cuando la obra, que recibi\u00f3 una excelente cr\u00edtica, se escuche por primera vez en nuestro pa\u00eds.<\/p>\n\n\n\n<p>La Sinfon\u00eda, que gira en torno a la tecnolog\u00eda y al papel que esta juega en nuestras vidas, se estructura en distintas partes con t\u00edtulos tan descriptivos como: <em>No signal; Breathing bits; Planned obsolescence; conected lives; digital slaves; digital natives; deshumanization <\/em>y, para finalizar, <em>Building new feelings.<\/em><\/p>\n\n\n\n<p><strong>Sa\u00fcl G\u00f3mez Soler<\/strong><\/p>\n\n\n\n<p>Sa\u00fcl G\u00f3mez Soler nace en Ontinyent (Valencia) en 1982. Es Profesor Superior de M\u00fasica Licenciado en Percusi\u00f3n y Composici\u00f3n por el Conservatorio Superior de M\u00fasica Joaqu\u00edn Rodrigo de Valencia. Lo es tambi\u00e9n en Direcci\u00f3n de Orquesta por el Conservatorio Superior de M\u00fasica del Liceo de Barcelona.<\/p>\n\n\n\n<p>Ha estudiado direcci\u00f3n de banda en la ISEB en Trento (Italia) con Jan Cober, Felix Hauswirth, Carlo Pirola y Franco Cesarini.<\/p>\n\n\n\n<p>Ha dirigido varias formaciones band\u00edsticas, tanto en Espa\u00f1a como en diferentes partes de Europa (Salzburgo, Innsbruck, Praga, Berl\u00edn, M\u00fanich\u2026). Actualmente es director de la Primitiva de X\u00e0tiva, la Vella, y de la Orquesta Sinf\u00f3nica Caixa Ontinyent.&nbsp;<\/p>\n\n\n\n<p>Ha tenido la oportunidad de dirigir a prestigiosos solistas internacionales como Vasko Vasilev, Pacho Flores, Jos\u00e9 Franch, Francesca Calero, Lu\u00eds Gonz\u00e1lez, Roberto Turlo, Juan Lago o Pablo Zinger.<\/p>\n\n\n\n<p>Durante 2018 fue el titular de la Joven Banda Sinf\u00f3nica de la Federaci\u00f3n de Sociedades Musicales de la Comunidad Valenciana (FSMCV) con la que estren\u00f3 varias obras y ofreci\u00f3 conciertos en la Comunidad, Madrid y Francia.<\/p>\n\n\n\n<p>En el campo de la composici\u00f3n, podemos encontrar sus obras editadas en Piles y Molenaar. Posee adem\u00e1s su propio sello editorial.<\/p>\n\n\n\n<p>Participa regularmente como jurado en diferentes cert\u00e1menes y su m\u00fasica se puede encontrar en diferentes cds.<\/p>\n\n\n\n<p>Ha recibido diferentes encargos de entidades como la Orquesta Sinf\u00f3nica de RTVE, la composici\u00f3n de la obra obligada en el Certamen Internacional de Valencia de 2015, del Certamen Internacional de Altea 2021, m\u00fasica de c\u00e1mara para la Orquesta de RTVE, la obra obligada para el Festival Internacional de Percusi\u00f3n Percute 2016 as\u00ed como encargos para solistas internacionales como Jos\u00e9 Franch Ballester, Jos\u00e9 Ch\u00e1fer, Javier Llopis o M\u00aa Jos\u00e9 Montiel.&nbsp;<\/p>\n\n\n\n<p>Ha sido galardonado con diferentes premios y distinciones como la Menci\u00f3n Honor\u00edfica de la Excelent\u00edsimo Ayuntamiento de Ontinyent. Desde el 2013 es miembro de la Academia de la M\u00fasica de Valencia as\u00ed como de la Asociaci\u00f3n de Compositores COSICOVA de la cual es miembro de su junta. Tambi\u00e9n pertenece a la Academia de los Grammy.<\/p>\n\n\n\n<p>Actualmente, centra su carrera en la composici\u00f3n de m\u00fasica sinf\u00f3nica y m\u00fasica para el sector audiovisual. En este \u00e1mbito, ha recibido tres nominaciones a los Hollywood Music in Media Awards de Los \u00c1ngeles y una para los premios Jerry Goldsmith.<\/p>\n\n\n\n<p>Ha estrenado obras en Vancouver (Canad\u00e1), Texas (EEUU) y Madrid (Espa\u00f1a) y sus composiciones han sido interpretadas en B\u00e9lgica, Portugal, Italia, Jap\u00f3n, Canad\u00e1, Alemania, Suiza, Taiw\u00e1n, Colombia\u2026<\/p>\n","protected":false},"excerpt":{"rendered":"<div class=\"mh-excerpt\">Seg\u00fan el valenciano \u201ctodos los que amamos la m\u00fasica siempre hemos tenido como referente a Ll\u00edria y a sus sociedades musicales\u201d La Orquesta del Principado de Asturias y la Banda Municipal de Vitoria estrenan esta <a class=\"mh-excerpt-more\" href=\"https:\/\/www.tucomarca.com\/wordpress\/segunda\/el-director-y-compositor-saul-gomez-se-muestra-inmensamente-feliz-por-el-homenaje-recibido-el-pasado-sabado-en-lliria\/\" title=\"El director y compositor Sa\u00fcl G\u00f3mez se muestra \u201cinmensamente feliz\u201d por el homenaje recibido el pasado s\u00e1bado en Ll\u00edria\">[+] <\/a><\/div>\n","protected":false},"author":12,"featured_media":141652,"comment_status":"open","ping_status":"open","sticky":false,"template":"","format":"standard","meta":{"footnotes":""},"categories":[46,66,8,47,7,3],"tags":[15531,10395,10396,15090],"class_list":{"0":"post-141648","1":"post","2":"type-post","3":"status-publish","4":"format-standard","5":"has-post-thumbnail","7":"category-camp-de-turia","8":"category-musica","9":"category-la-comarca","10":"category-lliria","11":"category-ocio-y-cultura","12":"category-seccion","13":"tag-ayuntamiento-de-lliria","14":"tag-camp-de-turia","15":"tag-lliria","16":"tag-saul-gomez-soler"},"_links":{"self":[{"href":"https:\/\/www.tucomarca.com\/wordpress\/segunda\/wp-json\/wp\/v2\/posts\/141648","targetHints":{"allow":["GET"]}}],"collection":[{"href":"https:\/\/www.tucomarca.com\/wordpress\/segunda\/wp-json\/wp\/v2\/posts"}],"about":[{"href":"https:\/\/www.tucomarca.com\/wordpress\/segunda\/wp-json\/wp\/v2\/types\/post"}],"author":[{"embeddable":true,"href":"https:\/\/www.tucomarca.com\/wordpress\/segunda\/wp-json\/wp\/v2\/users\/12"}],"replies":[{"embeddable":true,"href":"https:\/\/www.tucomarca.com\/wordpress\/segunda\/wp-json\/wp\/v2\/comments?post=141648"}],"version-history":[{"count":0,"href":"https:\/\/www.tucomarca.com\/wordpress\/segunda\/wp-json\/wp\/v2\/posts\/141648\/revisions"}],"wp:featuredmedia":[{"embeddable":true,"href":"https:\/\/www.tucomarca.com\/wordpress\/segunda\/wp-json\/wp\/v2\/media\/141652"}],"wp:attachment":[{"href":"https:\/\/www.tucomarca.com\/wordpress\/segunda\/wp-json\/wp\/v2\/media?parent=141648"}],"wp:term":[{"taxonomy":"category","embeddable":true,"href":"https:\/\/www.tucomarca.com\/wordpress\/segunda\/wp-json\/wp\/v2\/categories?post=141648"},{"taxonomy":"post_tag","embeddable":true,"href":"https:\/\/www.tucomarca.com\/wordpress\/segunda\/wp-json\/wp\/v2\/tags?post=141648"}],"curies":[{"name":"wp","href":"https:\/\/api.w.org\/{rel}","templated":true}]}}