{"id":141657,"date":"2021-09-28T18:00:00","date_gmt":"2021-09-28T17:00:00","guid":{"rendered":"http:\/\/www.tucomarca.com\/wordpress\/segunda\/?p=141657"},"modified":"2021-09-29T14:09:12","modified_gmt":"2021-09-29T13:09:12","slug":"vilamarxant-adquiere-un-equipo-de-medicion-para-vigilar-las-molestias-sonoras-generadas-por-vehiculos-o-viviendas","status":"publish","type":"post","link":"https:\/\/www.tucomarca.com\/wordpress\/segunda\/vilamarxant-adquiere-un-equipo-de-medicion-para-vigilar-las-molestias-sonoras-generadas-por-vehiculos-o-viviendas\/","title":{"rendered":"Vilamarxant adquiere un equipo de medici\u00f3n para vigilar las molestias sonoras generadas por veh\u00edculos o viviendas"},"content":{"rendered":"\n<p>El Ayuntamiento de Vilamarxant, a trav\u00e9s de la concejal\u00eda de Seguridad y Emergencias, ha adquirido un equipo son\u00f3metro para contar con una soluci\u00f3n t\u00e9cnica que permita medir el sonido de veh\u00edculos o viviendas y garantizar el descanso de los vecinos de la localidad del Camp de T\u00faria.<\/p>\n\n\n\n<p>Con esta adquisici\u00f3n, los equipos municipales tendr\u00e1n una herramienta para controlar el sonido que se produce en diferentes situaciones en el municipio y as\u00ed dar respuesta a las quejas vecinales en cuanto al ruido que se genera en situaciones muy concretas.<\/p>\n\n\n\n<p>Los miembros de la Polic\u00eda Local as\u00ed como el personal de las \u00e1reas de medio ambiente, urbano o industrial han recibido formaci\u00f3n para el buen uso de este dispositivo que ayudar\u00e1 a evitar las molestias vecinales.<\/p>\n\n\n\n<p>Ciro Ferrer, concejal de Seguridad y Emergencias, ha explicado la importancia de este nuevo equipo de medici\u00f3n sonora: \u201cEl son\u00f3metro nos permitir\u00e1 medir el ruido generado por vecinos o en viviendas para actuar si es necesario y as\u00ed garantizar el descanso de los vecinos de la zona\u201d.<\/p>\n\n\n\n<p>\u201cQueremos que nuestra ciudadan\u00eda disfrute de un municipio en el que poder descansar, vivir y disfrutar. Por ello, este equipo de medici\u00f3n ser\u00e1 fundamental para el personal de la Polic\u00eda Local y los t\u00e9cnicos municipales para gestionar los posibles problemas generados por los ruidos que se provocan en nuestro d\u00eda a d\u00eda\u201d, ha a\u00f1adido Ferrer.<\/p>\n","protected":false},"excerpt":{"rendered":"<div class=\"mh-excerpt\">El Ayuntamiento de Vilamarxant, a trav\u00e9s de la concejal\u00eda de Seguridad y Emergencias, ha adquirido un equipo son\u00f3metro para contar con una soluci\u00f3n t\u00e9cnica que permita medir el sonido de veh\u00edculos o viviendas y garantizar <a class=\"mh-excerpt-more\" href=\"https:\/\/www.tucomarca.com\/wordpress\/segunda\/vilamarxant-adquiere-un-equipo-de-medicion-para-vigilar-las-molestias-sonoras-generadas-por-vehiculos-o-viviendas\/\" title=\"Vilamarxant adquiere un equipo de medici\u00f3n para vigilar las molestias sonoras generadas por veh\u00edculos o viviendas\">[+] <\/a><\/div>\n","protected":false},"author":1,"featured_media":141658,"comment_status":"open","ping_status":"open","sticky":false,"template":"","format":"standard","meta":{"footnotes":""},"categories":[46,8,117,3,184],"tags":[10395,10439],"class_list":{"0":"post-141657","1":"post","2":"type-post","3":"status-publish","4":"format-standard","5":"has-post-thumbnail","7":"category-camp-de-turia","8":"category-la-comarca","9":"category-medio-ambiente-la-comarca","10":"category-seccion","11":"category-vilamarxant","12":"tag-camp-de-turia","13":"tag-vilamarxant"},"_links":{"self":[{"href":"https:\/\/www.tucomarca.com\/wordpress\/segunda\/wp-json\/wp\/v2\/posts\/141657","targetHints":{"allow":["GET"]}}],"collection":[{"href":"https:\/\/www.tucomarca.com\/wordpress\/segunda\/wp-json\/wp\/v2\/posts"}],"about":[{"href":"https:\/\/www.tucomarca.com\/wordpress\/segunda\/wp-json\/wp\/v2\/types\/post"}],"author":[{"embeddable":true,"href":"https:\/\/www.tucomarca.com\/wordpress\/segunda\/wp-json\/wp\/v2\/users\/1"}],"replies":[{"embeddable":true,"href":"https:\/\/www.tucomarca.com\/wordpress\/segunda\/wp-json\/wp\/v2\/comments?post=141657"}],"version-history":[{"count":0,"href":"https:\/\/www.tucomarca.com\/wordpress\/segunda\/wp-json\/wp\/v2\/posts\/141657\/revisions"}],"wp:featuredmedia":[{"embeddable":true,"href":"https:\/\/www.tucomarca.com\/wordpress\/segunda\/wp-json\/wp\/v2\/media\/141658"}],"wp:attachment":[{"href":"https:\/\/www.tucomarca.com\/wordpress\/segunda\/wp-json\/wp\/v2\/media?parent=141657"}],"wp:term":[{"taxonomy":"category","embeddable":true,"href":"https:\/\/www.tucomarca.com\/wordpress\/segunda\/wp-json\/wp\/v2\/categories?post=141657"},{"taxonomy":"post_tag","embeddable":true,"href":"https:\/\/www.tucomarca.com\/wordpress\/segunda\/wp-json\/wp\/v2\/tags?post=141657"}],"curies":[{"name":"wp","href":"https:\/\/api.w.org\/{rel}","templated":true}]}}