{"id":141669,"date":"2021-09-28T15:00:00","date_gmt":"2021-09-28T14:00:00","guid":{"rendered":"http:\/\/www.tucomarca.com\/wordpress\/segunda\/?p=141669"},"modified":"2021-09-29T10:35:07","modified_gmt":"2021-09-29T09:35:07","slug":"el-pleno-de-bunol-suspende-las-licencias-urbanisticas-para-evitar-la-instalacion-de-grandes-plantas-fotovoltaicas","status":"publish","type":"post","link":"https:\/\/www.tucomarca.com\/wordpress\/segunda\/el-pleno-de-bunol-suspende-las-licencias-urbanisticas-para-evitar-la-instalacion-de-grandes-plantas-fotovoltaicas\/","title":{"rendered":"El pleno de Bu\u00f1ol suspende las licencias urban\u00edsticas para evitar la instalaci\u00f3n de grandes plantas fotovoltaicas"},"content":{"rendered":"\n<p>El Ayuntamiento de Bu\u00f1ol celebr\u00f3 en la tarde de ayer, lunes, el pleno ordinario correspondiente al mes de septiembre en el que se aprob\u00f3 la suspensi\u00f3n de licencias urban\u00edsticas con el fin de evitar la instalaci\u00f3n de grandes plantas fotovoltaicas como la prevista en la zona de Farraj\u00f3n.<\/p>\n\n\n\n<p>La alcaldesa de Bu\u00f1ol, Juncal Carrascosa, propuso que el punto se dejara sobre la mesa para el pleno como m\u00e1ximo un mes para dar voz a todos los vecinos, y en un plazo no superior a un mes volverlo a llevar a pleno, incluso a un extraordinario. Explic\u00f3 que en la \u00faltima semana se hab\u00eda reunido con dos grupos de vecinos que le hab\u00edan trasladado su preocupaci\u00f3n por la desinformaci\u00f3n sobre lo que supondr\u00eda este proceso de paralizaci\u00f3n para sus propiedades, y su intenci\u00f3n de ser escuchados por todos los grupos municipales.<\/p>\n\n\n\n<p>La propuesta no sali\u00f3 adelante al votar en contra de esperar un mes IU, Podemos, PP e IAB, y s\u00f3lo voto a favor el PSOE. As\u00ed, se desarroll\u00f3 un largo debate sobre el tema.<\/p>\n\n\n\n<p>IU, Podemos, IAB y PP coincidieron en que el posicionamiento hace unos meses del pleno en contra de esta macro planta fotovoltaica, y el informe de los t\u00e9cnicos de urbanismo permit\u00eda suspender con efecto inmediato las licencias para las plantas solares fotovoltaicas, exceptuando aquellas que sean de autoconsumo.<\/p>\n\n\n\n<p>IAB pidi\u00f3 incluir una enmienda de adici\u00f3n para que se tuvieran en cuenta las aportaciones que se puedan realizar desde la Plataforma Salvemos Farraj\u00f3n, pero no sali\u00f3 adelante. En la suspensi\u00f3n de las licencias se incluye un proceso de exposici\u00f3n p\u00fablica donde cualquier ciudadano u organizaci\u00f3n puede hacer sus aportaciones.<\/p>\n\n\n\n<p>Finalmente se voto a favor de la suspensi\u00f3n de las licencias urban\u00edsticas con el voto favorable de IU, Podemos, IAB y PP y la abstenci\u00f3n del PSOE.<\/p>\n\n\n\n<p><strong>Otros puntos<\/strong><\/p>\n\n\n\n<p>Por unanimidad se aprob\u00f3 unirse al contrato programa de la Diputaci\u00f3n de Valencia para la colaboraci\u00f3n y coordinaci\u00f3n interadministrativa y financiera en materia de servicios sociales en los ejercicios 2021-2024.<\/p>\n\n\n\n<p>Tambi\u00e9n por unanimidad sali\u00f3 adelante el unirse al convenio entre la Diputaci\u00f3n de Albacete y la de Valencia para la puesta a disposici\u00f3n de la totalidad de aplicaciones y herramientas de administraci\u00f3n electr\u00f3nica que integran la plataforma Sedipualba.<\/p>\n\n\n\n<p>Tras estos puntos se dio cuenta de las resoluciones de alcald\u00eda y de los concejales, las delegaciones de autorizaciones de matrimonio y el informe de tesorer\u00eda del segundo trimestre.<\/p>\n\n\n\n<p><strong>Ruegos y preguntas<\/strong><\/p>\n\n\n\n<p>Jos\u00e9 Luis Carrascosa, de IAB, pidi\u00f3 que se convoque la comisi\u00f3n de nomenclaturas para proponer nombres como el de la sala de estudio Ana Lluch, y que adem\u00e1s se le deba dar validez en el plenario. Pidi\u00f3 respeto para la oposici\u00f3n, y que se retome esa comisi\u00f3n para el consenso en la elecci\u00f3n de nombres.<\/p>\n\n\n\n<p>Desde el PP, David Al\u00eds, pregunt\u00f3 por el deporte femenino en balonmano y f\u00fatbol. Manuel Sierra contest\u00f3 que ha habido intentos de recuperar el equipo en balonmano y crearlo en f\u00fatbol que no han cuajado pero que lo importante es trabajar con la cantera para asegurar que haya equipos femeninos.&nbsp;<\/p>\n","protected":false},"excerpt":{"rendered":"<div class=\"mh-excerpt\">El Ayuntamiento de Bu\u00f1ol celebr\u00f3 en la tarde de ayer, lunes, el pleno ordinario correspondiente al mes de septiembre en el que se aprob\u00f3 la suspensi\u00f3n de licencias urban\u00edsticas con el fin de evitar la <a class=\"mh-excerpt-more\" href=\"https:\/\/www.tucomarca.com\/wordpress\/segunda\/el-pleno-de-bunol-suspende-las-licencias-urbanisticas-para-evitar-la-instalacion-de-grandes-plantas-fotovoltaicas\/\" title=\"El pleno de Bu\u00f1ol suspende las licencias urban\u00edsticas para evitar la instalaci\u00f3n de grandes plantas fotovoltaicas\">[+] <\/a><\/div>\n","protected":false},"author":1,"featured_media":141670,"comment_status":"open","ping_status":"open","sticky":false,"template":"","format":"standard","meta":{"footnotes":""},"categories":[18,128,8,10,142,3],"tags":[10385,5952],"class_list":{"0":"post-141669","1":"post","2":"type-post","3":"status-publish","4":"format-standard","5":"has-post-thumbnail","7":"category-bunol","8":"category-infraestructuras","9":"category-la-comarca","10":"category-la-hoya","11":"category-politica-la-comarca","12":"category-seccion","13":"tag-bunol","14":"tag-la-hoya-de-bunol-chiva"},"_links":{"self":[{"href":"https:\/\/www.tucomarca.com\/wordpress\/segunda\/wp-json\/wp\/v2\/posts\/141669","targetHints":{"allow":["GET"]}}],"collection":[{"href":"https:\/\/www.tucomarca.com\/wordpress\/segunda\/wp-json\/wp\/v2\/posts"}],"about":[{"href":"https:\/\/www.tucomarca.com\/wordpress\/segunda\/wp-json\/wp\/v2\/types\/post"}],"author":[{"embeddable":true,"href":"https:\/\/www.tucomarca.com\/wordpress\/segunda\/wp-json\/wp\/v2\/users\/1"}],"replies":[{"embeddable":true,"href":"https:\/\/www.tucomarca.com\/wordpress\/segunda\/wp-json\/wp\/v2\/comments?post=141669"}],"version-history":[{"count":0,"href":"https:\/\/www.tucomarca.com\/wordpress\/segunda\/wp-json\/wp\/v2\/posts\/141669\/revisions"}],"wp:featuredmedia":[{"embeddable":true,"href":"https:\/\/www.tucomarca.com\/wordpress\/segunda\/wp-json\/wp\/v2\/media\/141670"}],"wp:attachment":[{"href":"https:\/\/www.tucomarca.com\/wordpress\/segunda\/wp-json\/wp\/v2\/media?parent=141669"}],"wp:term":[{"taxonomy":"category","embeddable":true,"href":"https:\/\/www.tucomarca.com\/wordpress\/segunda\/wp-json\/wp\/v2\/categories?post=141669"},{"taxonomy":"post_tag","embeddable":true,"href":"https:\/\/www.tucomarca.com\/wordpress\/segunda\/wp-json\/wp\/v2\/tags?post=141669"}],"curies":[{"name":"wp","href":"https:\/\/api.w.org\/{rel}","templated":true}]}}