{"id":141675,"date":"2021-09-29T07:00:00","date_gmt":"2021-09-29T06:00:00","guid":{"rendered":"http:\/\/www.tucomarca.com\/wordpress\/segunda\/?p=141675"},"modified":"2021-09-29T10:33:40","modified_gmt":"2021-09-29T09:33:40","slug":"la-guardia-civil-localiza-un-nino-de-2-anos-perdido-en-una-urbanizacion-de-la-localidad-de-godelleta","status":"publish","type":"post","link":"https:\/\/www.tucomarca.com\/wordpress\/segunda\/la-guardia-civil-localiza-un-nino-de-2-anos-perdido-en-una-urbanizacion-de-la-localidad-de-godelleta\/","title":{"rendered":"La Guardia Civil localiza un ni\u00f1o de 2 a\u00f1os perdido en una urbanizaci\u00f3n de la localidad de Godelleta"},"content":{"rendered":"\n<h4 class=\"wp-block-heading\">Uno de los agentes hall\u00f3 al ni\u00f1o en el conocido \u201cBarranco del Juncar\u201d, a unos 600 metros del domicilio, estaba pr\u00f3ximo a un zarzal y envuelto en barro<\/h4>\n\n\n\n<h4 class=\"wp-block-heading\">El menor se encontraba de pie, llorando y sin saber d\u00f3nde dirigirse<\/h4>\n\n\n\n<p>La Guardia Civil de Cheste localiz\u00f3 a un ni\u00f1o de 2 a\u00f1os, en una finca de naranjos, que se hab\u00eda perdido tras abandonar un chalet en una urbanizaci\u00f3n perteneciente al t\u00e9rmino municipal de Godelleta.&nbsp;<\/p>\n\n\n\n<p>Los hechos sucedieron la tarde del pasado 26 de septiembre, cuando agentes de seguridad ciudadana de la Guardia Civil de Cheste recibieron un aviso de la Central Operativa de Servicios, inform\u00e1ndoles de la desaparici\u00f3n de un menor de 2 a\u00f1os en una urbanizaci\u00f3n perteneciente al t\u00e9rmino municipal de Godelleta.<\/p>\n\n\n\n<p>Cuando los agentes llegaron al lugar de los hechos, se entrevistaron con la madre del menor, la cual manifest\u00f3 que su hijo hab\u00eda desaparecido hac\u00eda m\u00e1s veinte minutos y tem\u00eda que por la ca\u00edda de la noche fuese mucho m\u00e1s dif\u00edcil su localizaci\u00f3n.<\/p>\n\n\n\n<p>Los agentes observaron que las inmediaciones de la urbanizaci\u00f3n se encontraba rodeada de fincas de naranjos. Una vez que inspeccionaron tanto la parcela exterior como el interior de la vivienda y se aseguraron de que el menor no estaba en el domicilio, uno de los componentes se desplaz\u00f3 a las viviendas colindantes para entrevistarse con los vecinos.<\/p>\n\n\n\n<p>Tras quince minutos de b\u00fasqueda, uno de los agentes hall\u00f3 al ni\u00f1o en el conocido \u201cBarranco del J\u00facar\u201d, a unos 600 metros del domicilio, estaba pr\u00f3ximo a un zarzal y envuelto en barro. El menor fue hallado de pie, llorando y sin saber d\u00f3nde dirigirse. No se precisaron los servicios m\u00e9dicos en el momento, ya que el ni\u00f1o no presentaba ninguna lesi\u00f3n aunque si se encontraba muy nervioso y asustado. &nbsp;<\/p>\n\n\n\n<p>Sin duda, gracias a la r\u00e1pida intervenci\u00f3n de los agentes se pudo evitar un mal mayor.<\/p>\n","protected":false},"excerpt":{"rendered":"<div class=\"mh-excerpt\">Uno de los agentes hall\u00f3 al ni\u00f1o en el conocido \u201cBarranco del Juncar\u201d, a unos 600 metros del domicilio, estaba pr\u00f3ximo a un zarzal y envuelto en barro El menor se encontraba de pie, llorando <a class=\"mh-excerpt-more\" href=\"https:\/\/www.tucomarca.com\/wordpress\/segunda\/la-guardia-civil-localiza-un-nino-de-2-anos-perdido-en-una-urbanizacion-de-la-localidad-de-godelleta\/\" title=\"La Guardia Civil localiza un ni\u00f1o de 2 a\u00f1os perdido en una urbanizaci\u00f3n de la localidad de Godelleta\">[+] <\/a><\/div>\n","protected":false},"author":12,"featured_media":141677,"comment_status":"open","ping_status":"open","sticky":false,"template":"","format":"standard","meta":{"footnotes":""},"categories":[14,8,10,3,116,45],"tags":[10383,15533,5952],"class_list":{"0":"post-141675","1":"post","2":"type-post","3":"status-publish","4":"format-standard","5":"has-post-thumbnail","7":"category-godelleta","8":"category-la-comarca","9":"category-la-hoya","10":"category-seccion","11":"category-sucesos-la-comarca","12":"category-ventana","13":"tag-godelleta","14":"tag-guardia-civil-de-cheste","15":"tag-la-hoya-de-bunol-chiva"},"_links":{"self":[{"href":"https:\/\/www.tucomarca.com\/wordpress\/segunda\/wp-json\/wp\/v2\/posts\/141675","targetHints":{"allow":["GET"]}}],"collection":[{"href":"https:\/\/www.tucomarca.com\/wordpress\/segunda\/wp-json\/wp\/v2\/posts"}],"about":[{"href":"https:\/\/www.tucomarca.com\/wordpress\/segunda\/wp-json\/wp\/v2\/types\/post"}],"author":[{"embeddable":true,"href":"https:\/\/www.tucomarca.com\/wordpress\/segunda\/wp-json\/wp\/v2\/users\/12"}],"replies":[{"embeddable":true,"href":"https:\/\/www.tucomarca.com\/wordpress\/segunda\/wp-json\/wp\/v2\/comments?post=141675"}],"version-history":[{"count":0,"href":"https:\/\/www.tucomarca.com\/wordpress\/segunda\/wp-json\/wp\/v2\/posts\/141675\/revisions"}],"wp:featuredmedia":[{"embeddable":true,"href":"https:\/\/www.tucomarca.com\/wordpress\/segunda\/wp-json\/wp\/v2\/media\/141677"}],"wp:attachment":[{"href":"https:\/\/www.tucomarca.com\/wordpress\/segunda\/wp-json\/wp\/v2\/media?parent=141675"}],"wp:term":[{"taxonomy":"category","embeddable":true,"href":"https:\/\/www.tucomarca.com\/wordpress\/segunda\/wp-json\/wp\/v2\/categories?post=141675"},{"taxonomy":"post_tag","embeddable":true,"href":"https:\/\/www.tucomarca.com\/wordpress\/segunda\/wp-json\/wp\/v2\/tags?post=141675"}],"curies":[{"name":"wp","href":"https:\/\/api.w.org\/{rel}","templated":true}]}}