{"id":141683,"date":"2021-09-28T19:19:00","date_gmt":"2021-09-28T18:19:00","guid":{"rendered":"http:\/\/www.tucomarca.com\/wordpress\/segunda\/?p=141683"},"modified":"2021-09-29T14:29:51","modified_gmt":"2021-09-29T13:29:51","slug":"varias-asociaciones-se-posicionan-contra-la-futura-instalacion-de-plantas-fotovoltaicas-en-unos-parajes-de-alto-valor-ecologico","status":"publish","type":"post","link":"https:\/\/www.tucomarca.com\/wordpress\/segunda\/varias-asociaciones-se-posicionan-contra-la-futura-instalacion-de-plantas-fotovoltaicas-en-unos-parajes-de-alto-valor-ecologico\/","title":{"rendered":"Varias asociaciones se posicionan contra la futura instalaci\u00f3n de plantas fotovoltaicas en unos parajes de alto valor ecol\u00f3gico"},"content":{"rendered":"\n<p>La Societat Valenciana d\u00b4Ornitologia (S.V.O.), la Asociaci\u00f3n Naturalista de Ayora y La Valle (ANAV), la Sociedad Odonatol\u00f3gica de la Comunidad Valenciana (Parotets-S.O.C.V.), y la Plataforma Sierra de Chiva, apoyadas por la Alianza Energ\u00eda y Territorio (ALIENTE), presentaron alegaciones en contra del Plan Especial de ordenaci\u00f3n de infraestructuras de generaci\u00f3n de energ\u00eda solar fotovoltaica en los municipios de Ayora, Zarra, y Jarafuel.<\/p>\n\n\n\n<p>En opini\u00f3n de estas entidades el Plan Especial es un ejemplo del modelo energ\u00e9tico especulativo ligado al mercado de las energ\u00edas renovables que est\u00e1 afectando gravemente al campo valenciano. El Plan permite la instalaci\u00f3n de macroplantas fotovoltaicas sobre La Ca\u00f1ada de Jarafuel, las Vegas de Ayora y otros parajes de elevad\u00edsimo valor medioambiental, con paisajes de gran belleza y singularidad. Estos enclaves, adem\u00e1s de haber mantenido hasta la fecha un aprovechamiento agrario tradicional perfectamente integrado en el entorno, contienen bienes arqueol\u00f3gicos y otros de importancia hist\u00f3rico-cultural, as\u00ed como una elevada biodiversidad, con especies de fauna seriamente amenazadas. Todo ello hace que actualmente el \u00e1rea se encuentre catalogada como <em>Paisaje de Relevancia Regional <\/em>y adem\u00e1s posee sobrados valores naturales para ser declarada como Parque Natural. Informa, <strong>Luis Ib\u00e1\u00f1ez.<\/strong><\/p>\n","protected":false},"excerpt":{"rendered":"<div class=\"mh-excerpt\">La Societat Valenciana d\u00b4Ornitologia (S.V.O.), la Asociaci\u00f3n Naturalista de Ayora y La Valle (ANAV), la Sociedad Odonatol\u00f3gica de la Comunidad Valenciana (Parotets-S.O.C.V.), y la Plataforma Sierra de Chiva, apoyadas por la Alianza Energ\u00eda y Territorio <a class=\"mh-excerpt-more\" href=\"https:\/\/www.tucomarca.com\/wordpress\/segunda\/varias-asociaciones-se-posicionan-contra-la-futura-instalacion-de-plantas-fotovoltaicas-en-unos-parajes-de-alto-valor-ecologico\/\" title=\"Varias asociaciones se posicionan contra la futura instalaci\u00f3n de plantas fotovoltaicas en unos parajes de alto valor ecol\u00f3gico\">[+] <\/a><\/div>\n","protected":false},"author":12,"featured_media":141685,"comment_status":"open","ping_status":"open","sticky":false,"template":"","format":"standard","meta":{"footnotes":""},"categories":[39,38,18,16,128,231,8,10,117,142,3,233],"tags":[10391,10384,10452,5952,12360,11436,10609],"class_list":{"0":"post-141683","1":"post","2":"type-post","3":"status-publish","4":"format-standard","5":"has-post-thumbnail","7":"category-ayora","8":"category-ayora-cofrentes","9":"category-bunol","10":"category-chiva","11":"category-infraestructuras","12":"category-jarafuel","13":"category-la-comarca","14":"category-la-hoya","15":"category-medio-ambiente-la-comarca","16":"category-politica-la-comarca","17":"category-seccion","18":"category-zarra","19":"tag-ayora","20":"tag-chiva","21":"tag-jarafuel","22":"tag-la-hoya-de-bunol-chiva","23":"tag-plantas-fotovoltaicas","24":"tag-valle-de-ayora-cofrentes","25":"tag-zarra"},"_links":{"self":[{"href":"https:\/\/www.tucomarca.com\/wordpress\/segunda\/wp-json\/wp\/v2\/posts\/141683","targetHints":{"allow":["GET"]}}],"collection":[{"href":"https:\/\/www.tucomarca.com\/wordpress\/segunda\/wp-json\/wp\/v2\/posts"}],"about":[{"href":"https:\/\/www.tucomarca.com\/wordpress\/segunda\/wp-json\/wp\/v2\/types\/post"}],"author":[{"embeddable":true,"href":"https:\/\/www.tucomarca.com\/wordpress\/segunda\/wp-json\/wp\/v2\/users\/12"}],"replies":[{"embeddable":true,"href":"https:\/\/www.tucomarca.com\/wordpress\/segunda\/wp-json\/wp\/v2\/comments?post=141683"}],"version-history":[{"count":0,"href":"https:\/\/www.tucomarca.com\/wordpress\/segunda\/wp-json\/wp\/v2\/posts\/141683\/revisions"}],"wp:featuredmedia":[{"embeddable":true,"href":"https:\/\/www.tucomarca.com\/wordpress\/segunda\/wp-json\/wp\/v2\/media\/141685"}],"wp:attachment":[{"href":"https:\/\/www.tucomarca.com\/wordpress\/segunda\/wp-json\/wp\/v2\/media?parent=141683"}],"wp:term":[{"taxonomy":"category","embeddable":true,"href":"https:\/\/www.tucomarca.com\/wordpress\/segunda\/wp-json\/wp\/v2\/categories?post=141683"},{"taxonomy":"post_tag","embeddable":true,"href":"https:\/\/www.tucomarca.com\/wordpress\/segunda\/wp-json\/wp\/v2\/tags?post=141683"}],"curies":[{"name":"wp","href":"https:\/\/api.w.org\/{rel}","templated":true}]}}