{"id":141690,"date":"2021-09-28T19:00:00","date_gmt":"2021-09-28T18:00:00","guid":{"rendered":"http:\/\/www.tucomarca.com\/wordpress\/segunda\/?p=141690"},"modified":"2021-09-29T14:01:27","modified_gmt":"2021-09-29T13:01:27","slug":"cheste-registra-un-brote-en-el-ambito-educativo-mientras-que-sanidad-notifica-185-nuevos-casos-de-coronavirus-y-273-altas-en-la-comunitat-valenciana","status":"publish","type":"post","link":"https:\/\/www.tucomarca.com\/wordpress\/segunda\/cheste-registra-un-brote-en-el-ambito-educativo-mientras-que-sanidad-notifica-185-nuevos-casos-de-coronavirus-y-273-altas-en-la-comunitat-valenciana\/","title":{"rendered":"Cheste registra un brote en el \u00e1mbito educativo mientras que Sanidad notifica 185 nuevos casos de coronavirus y 273 altas en la Comunitat Valenciana"},"content":{"rendered":"\n<h4 class=\"wp-block-heading\">Nuevos casos por provincias: 24 en registrados en Castell\u00f3n, 109 en Alicante y 52 en Valencia<\/h4>\n\n\n\n<h4 class=\"wp-block-heading\">Un total de 3.949.631 personas cuentan ya con la pauta completa de inmunizaci\u00f3n<\/h4>\n\n\n\n<p>Un total de 4.049.211 personas han recibido ya una dosis de la vacuna contra el coronavirus en la Comunitat Valenciana. Adem\u00e1s, en estos momentos, cuentan con la pauta completa de inmunizaci\u00f3n (dos dosis para Pfizer, Moderna y AstraZeneca; la monodosis de Janssen y una dosis de cualquier vacuna en las personas con antecedentes de haber pasado la COVID) 3.949.631 personas.<\/p>\n\n\n\n<p>Por otro lado, la Conselleria ha notificado, desde la \u00faltima actualizaci\u00f3n, 185 casos nuevos de coronavirus confirmados por prueba PCR o a trav\u00e9s de test de ant\u00edgenos. Con estos nuevos casos, la cifra total de positivos se sit\u00faa en 509.609 personas. Los nuevos casos registrados por provincias son 24 en Castell\u00f3n (52.947 en total); 109 en Alicante (186.899 en total) y 52 en Valencia (269.761 en total). Contin\u00faa habiendo 2 casos no asignados.<\/p>\n\n\n\n<p>Adem\u00e1s, se han registrado 273 altas a pacientes con coronavirus. De esta forma, el n\u00famero de personas que han superado la enfermedad desde que comenz\u00f3 la pandemia en la Comunitat Valenciana asciende a 510.754. Por provincias, las altas se distribuyen as\u00ed: 53.316 en Castell\u00f3n, 186.527 en Alicante y 270.854 en Valencia. El total de altas no asignadas se mantiene en 57.<\/p>\n\n\n\n<p>Los hospitales valencianos tienen, actualmente, 184 personas ingresadas, 54 de ellas en la UCI: 25 en la provincia de Castell\u00f3n, 7 en UCI; 72 en la provincia de Alicante, 22 de ellas en la UCI; y 87 en la provincia de Valencia, 25 de ellas en UCI.<\/p>\n\n\n\n<p>Adem\u00e1s, se han registrado 2 fallecimientos en los \u00faltimos 7 d\u00edas, por lo que el total de decesos desde el inicio de la pandemia se sit\u00faa en 7.784: 843 en la provincia de Castell\u00f3n, 2.987 en la de Alicante y 3.954 en la de Valencia.<\/p>\n\n\n\n<p>De acuerdo con los datos registrados, en estos momentos hay 2.523 casos activos, lo que supone un 0,48% del total de positivos.<\/p>\n\n\n\n<p>Desde la \u00faltima actualizaci\u00f3n, se ha registrado un brote con 10 o m\u00e1s casos asociados en la localidad de Cheste, de \u00e1mbito educativo.<\/p>\n","protected":false},"excerpt":{"rendered":"<div class=\"mh-excerpt\">Nuevos casos por provincias: 24 en registrados en Castell\u00f3n, 109 en Alicante y 52 en Valencia Un total de 3.949.631 personas cuentan ya con la pauta completa de inmunizaci\u00f3n Un total de 4.049.211 personas han <a class=\"mh-excerpt-more\" href=\"https:\/\/www.tucomarca.com\/wordpress\/segunda\/cheste-registra-un-brote-en-el-ambito-educativo-mientras-que-sanidad-notifica-185-nuevos-casos-de-coronavirus-y-273-altas-en-la-comunitat-valenciana\/\" title=\"Cheste registra un brote en el \u00e1mbito educativo mientras que Sanidad notifica 185 nuevos casos de coronavirus y 273 altas en la Comunitat Valenciana\">[+] <\/a><\/div>\n","protected":false},"author":12,"featured_media":141692,"comment_status":"open","ping_status":"open","sticky":false,"template":"","format":"standard","meta":{"footnotes":""},"categories":[119,17,12201,128,8,72,10,142,3,116,45],"tags":[15535,339,11937,11938,13475,5952,1973],"class_list":{"0":"post-141690","1":"post","2":"type-post","3":"status-publish","4":"format-standard","5":"has-post-thumbnail","7":"category-sanidad-la-comarca","8":"category-cheste","9":"category-covid-19","10":"category-infraestructuras","11":"category-la-comarca","12":"category-sin-categorizar","13":"category-la-hoya","14":"category-politica-la-comarca","15":"category-seccion","16":"category-sucesos-la-comarca","17":"category-ventana","18":"tag-brote","19":"tag-cheste-2","20":"tag-coronavirus","21":"tag-covid-19","22":"tag-datos-de-contagios","23":"tag-la-hoya-de-bunol-chiva","24":"tag-vacunacion"},"_links":{"self":[{"href":"https:\/\/www.tucomarca.com\/wordpress\/segunda\/wp-json\/wp\/v2\/posts\/141690","targetHints":{"allow":["GET"]}}],"collection":[{"href":"https:\/\/www.tucomarca.com\/wordpress\/segunda\/wp-json\/wp\/v2\/posts"}],"about":[{"href":"https:\/\/www.tucomarca.com\/wordpress\/segunda\/wp-json\/wp\/v2\/types\/post"}],"author":[{"embeddable":true,"href":"https:\/\/www.tucomarca.com\/wordpress\/segunda\/wp-json\/wp\/v2\/users\/12"}],"replies":[{"embeddable":true,"href":"https:\/\/www.tucomarca.com\/wordpress\/segunda\/wp-json\/wp\/v2\/comments?post=141690"}],"version-history":[{"count":0,"href":"https:\/\/www.tucomarca.com\/wordpress\/segunda\/wp-json\/wp\/v2\/posts\/141690\/revisions"}],"wp:featuredmedia":[{"embeddable":true,"href":"https:\/\/www.tucomarca.com\/wordpress\/segunda\/wp-json\/wp\/v2\/media\/141692"}],"wp:attachment":[{"href":"https:\/\/www.tucomarca.com\/wordpress\/segunda\/wp-json\/wp\/v2\/media?parent=141690"}],"wp:term":[{"taxonomy":"category","embeddable":true,"href":"https:\/\/www.tucomarca.com\/wordpress\/segunda\/wp-json\/wp\/v2\/categories?post=141690"},{"taxonomy":"post_tag","embeddable":true,"href":"https:\/\/www.tucomarca.com\/wordpress\/segunda\/wp-json\/wp\/v2\/tags?post=141690"}],"curies":[{"name":"wp","href":"https:\/\/api.w.org\/{rel}","templated":true}]}}