{"id":141697,"date":"2021-09-29T18:18:00","date_gmt":"2021-09-29T17:18:00","guid":{"rendered":"http:\/\/www.tucomarca.com\/wordpress\/segunda\/?p=141697"},"modified":"2021-09-30T09:04:19","modified_gmt":"2021-09-30T08:04:19","slug":"ecovidrio-y-el-consorci-de-residus-v5-cor-ponen-en-marcha-el-reto-mapamundi-para-promover-el-reciclaje-de-envases-de-vidrio-en-93-municipios","status":"publish","type":"post","link":"https:\/\/www.tucomarca.com\/wordpress\/segunda\/ecovidrio-y-el-consorci-de-residus-v5-cor-ponen-en-marcha-el-reto-mapamundi-para-promover-el-reciclaje-de-envases-de-vidrio-en-93-municipios\/","title":{"rendered":"Ecovidrio y el Consorci de Residus V5 (COR) ponen en marcha el \u201cReto Mapamundi\u201d para promover el reciclaje de envases de vidrio en 93 municipios"},"content":{"rendered":"\n<h4 class=\"wp-block-heading\">La iniciativa reta a los 93 municipios que forman parte del consorcio a incrementar las cifras de reciclaje de vidrio respecto al mismo periodo del a\u00f1o anterior<\/h4>\n\n\n\n<h4 class=\"wp-block-heading\">A los municipios premiados por cada una de las tres categor\u00edas se les decorar\u00e1n contenedores de vidrio con la imagen de campa\u00f1a adaptada a su localidad<\/h4>\n\n\n\n<p>Ecovidrio, la entidad sin \u00e1nimo de lucro encargada de la gesti\u00f3n del reciclado de los residuos de envases de vidrio en Espa\u00f1a, y el Consorci de Residus V5 (COR) ponen en marcha la campa\u00f1a \u2018Reto Mapamundi\u2019, una iniciativa para fomentar el compromiso de los ciudadanos de los 93 municipios que forman parte de la entidad con el reciclaje de envases de vidrio.<\/p>\n\n\n\n<p>Al acto de presentaci\u00f3n de la campa\u00f1a, que ha tenido lugar hoy en la sede del consorcio, han asistido el gerente de zona de Ecovidrio, Roberto Fuentes, y el presidente del COR y alcalde de X\u00e0tiva, Roger Cerd\u00e0.<\/p>\n\n\n\n<p>Este reto, que se desarrollar\u00e1 ente el 1 de octubre y el 30 de noviembre, tiene como objetivo superar la tasa de reciclaje de vidrio de las localidades participantes respecto al mismo periodo del a\u00f1o anterior. Para contribuir a conseguir este prop\u00f3sito, Ecovidrio ha instalado en las poblaciones un igl\u00fa decorado con la imagen de campa\u00f1a que recoge elementos t\u00edpicos de cada una de las cinco comarcas a las que presta servicio el COR: La Costera, La Safor, La Vall d\u2019Albaida, La Canal de Navarr\u00e9s y el Valle de Ayora-Cofrentes.<\/p>\n\n\n\n<p>Para el desarrollo del concurso se han establecido tres categor\u00edas en funci\u00f3n del n\u00famero de habitantes de cada municipio.<\/p>\n\n\n\n<ul class=\"wp-block-list\"><li>Categor\u00eda A: Municipios de m\u00e1s de 15.000 habitantes (2 ganadores).<\/li><li>Categor\u00eda B: Municipios de entre 5.000 y 14.999 habitantes (2 ganadores).<\/li><li>Categor\u00eda C. Municipios de menos de 5.000 habitantes (5 ganadores).<\/li><\/ul>\n\n\n\n<p>Los ganadores de cada categor\u00eda ser\u00e1n aquellos que mayor puntuaci\u00f3n obtengan atendiendo a varios criterios como son el incremento de los kg de vidrio respecto al mismo periodo del a\u00f1o anterior, la difusi\u00f3n del kit gr\u00e1fico facilitado a los ayuntamientos y las actividades e iniciativas promovidas desde los municipios para dar a conocer la campa\u00f1a y el reto.<\/p>\n\n\n\n<p>A los municipios premiados se les decorar\u00e1n contenedores de vidrio con la imagen de la campa\u00f1a adaptada con un dise\u00f1o exclusivo de la localidad.<\/p>\n\n\n\n<p>Asimismo, \u2018Reto Mapamundi\u2019 incluye acciones de dinamizaci\u00f3n y sensibilizaci\u00f3n ambiental durante los dos meses de duraci\u00f3n de la campa\u00f1a. De esta forma, los educadores ambientales de Ecovidrio recorrer\u00e1n las cinco comarcas con la \u2018Furgo Recorre Mundi\u2019 y har\u00e1n parada en los 93 municipios del Consorcio COR, entregando bolsas reutilizables para el reciclaje de vidrio a los ciudadanos.<\/p>\n\n\n\n<p>El gerente de zona de Ecovidrio ha destacado que tambi\u00e9n es un reto para Ecovidrio el llegar a tantas poblaciones en esta campa\u00f1a. \u201cEs una iniciativa que entra\u00f1a una complejidad por el abanico de poblaciones que tenemos, pero seguro que vamos a contar con el compromiso de los ayuntamientos con el medio ambiente y la sostenibilidad\u201d. Asimismo, ha a\u00f1adido que los municipios que forman parte del Consorci de Residus COR tienen unos \u201cresultados muy buenos\u201d respecto al reciclaje de vidrio, \u201cpor encima de la media de la Comunidad Valenciana\u201d.<\/p>\n\n\n\n<p>Por su parte, el alcalde de X\u00e0tiva y presidente del COR ha agradecido a Ecovidrio la realizaci\u00f3n de esta campa\u00f1a. \u201cQue se incrementen las cifras de reciclaje de vidrio es muy positivo. Todo lo que sean iniciativas de este tipo las agradecemos desde el consorcio as\u00ed como el esfuerzo de Ecovidrio por llegar a todos los municipios, desde el m\u00e1s grande al m\u00e1s peque\u00f1o. El vidrio es una de las fracciones que mejor se recicla pero seg\u00fan la \u00faltima caracterizaci\u00f3n a\u00fan queda un 3% en la bolsa de resto y es una buena ocasi\u00f3n para seguir concienciando a la ciudadan\u00eda mediante una sana competici\u00f3n\u201d.<\/p>\n\n\n\n<p><strong>Beneficios medioambientales del reciclado de vidrio<\/strong><\/p>\n\n\n\n<p>El vidrio que se deposita en los contenedores se recicla al 100% y se utiliza para la fabricaci\u00f3n de nuevos envases, de forma indefinida y sin perder las propiedades originales.&nbsp; Reciclando vidrio evitamos el crecimiento de los vertederos.<\/p>\n\n\n\n<p>Reciclar vidrio es un elemento clave en la lucha contra el cambio clim\u00e1tico. Al usar calc\u00edn \u2013 vidrio reciclado \u2013 en la fabricaci\u00f3n de nuevos envases se evita la extracci\u00f3n de materias primas de la naturaleza, evitando la erosi\u00f3n de los suelos y la deforestaci\u00f3n de nuestro entorno.<\/p>\n\n\n\n<p>&nbsp;Adem\u00e1s, se minimiza la emisi\u00f3n de CO2 en el proceso de fabricaci\u00f3n y se ahorra energ\u00eda.<\/p>\n","protected":false},"excerpt":{"rendered":"<div class=\"mh-excerpt\">La iniciativa reta a los 93 municipios que forman parte del consorcio a incrementar las cifras de reciclaje de vidrio respecto al mismo periodo del a\u00f1o anterior A los municipios premiados por cada una de <a class=\"mh-excerpt-more\" href=\"https:\/\/www.tucomarca.com\/wordpress\/segunda\/ecovidrio-y-el-consorci-de-residus-v5-cor-ponen-en-marcha-el-reto-mapamundi-para-promover-el-reciclaje-de-envases-de-vidrio-en-93-municipios\/\" title=\"Ecovidrio y el Consorci de Residus V5 (COR) ponen en marcha el \u201cReto Mapamundi\u201d para promover el reciclaje de envases de vidrio en 93 municipios\">[+] <\/a><\/div>\n","protected":false},"author":1,"featured_media":141698,"comment_status":"open","ping_status":"open","sticky":false,"template":"","format":"standard","meta":{"footnotes":""},"categories":[78,39,38,338,376,249,257,41,40,79,128,230,231,70,8,117,71,270,142,164,3,232,233],"tags":[15537,6896,1452,11436],"class_list":{"0":"post-141697","1":"post","2":"type-post","3":"status-publish","4":"format-standard","5":"has-post-thumbnail","7":"category-anna","8":"category-ayora","9":"category-ayora-cofrentes","10":"category-bicorp","11":"category-bolbaite","12":"category-canals","13":"category-chella","14":"category-cofrentes","15":"category-cortes-de-pallas","16":"category-enguera","17":"category-infraestructuras","18":"category-jalance","19":"category-jarafuel","20":"category-la-canal-de-navarres","21":"category-la-comarca","22":"category-medio-ambiente-la-comarca","23":"category-millares","24":"category-navarres","25":"category-politica-la-comarca","26":"category-quesa","27":"category-seccion","28":"category-teresa-de-cofrentes","29":"category-zarra","30":"tag-consorci-de-residus-v5-cor","31":"tag-ecovidrio","32":"tag-la-canal-de-navarres-2","33":"tag-valle-de-ayora-cofrentes"},"_links":{"self":[{"href":"https:\/\/www.tucomarca.com\/wordpress\/segunda\/wp-json\/wp\/v2\/posts\/141697","targetHints":{"allow":["GET"]}}],"collection":[{"href":"https:\/\/www.tucomarca.com\/wordpress\/segunda\/wp-json\/wp\/v2\/posts"}],"about":[{"href":"https:\/\/www.tucomarca.com\/wordpress\/segunda\/wp-json\/wp\/v2\/types\/post"}],"author":[{"embeddable":true,"href":"https:\/\/www.tucomarca.com\/wordpress\/segunda\/wp-json\/wp\/v2\/users\/1"}],"replies":[{"embeddable":true,"href":"https:\/\/www.tucomarca.com\/wordpress\/segunda\/wp-json\/wp\/v2\/comments?post=141697"}],"version-history":[{"count":0,"href":"https:\/\/www.tucomarca.com\/wordpress\/segunda\/wp-json\/wp\/v2\/posts\/141697\/revisions"}],"wp:featuredmedia":[{"embeddable":true,"href":"https:\/\/www.tucomarca.com\/wordpress\/segunda\/wp-json\/wp\/v2\/media\/141698"}],"wp:attachment":[{"href":"https:\/\/www.tucomarca.com\/wordpress\/segunda\/wp-json\/wp\/v2\/media?parent=141697"}],"wp:term":[{"taxonomy":"category","embeddable":true,"href":"https:\/\/www.tucomarca.com\/wordpress\/segunda\/wp-json\/wp\/v2\/categories?post=141697"},{"taxonomy":"post_tag","embeddable":true,"href":"https:\/\/www.tucomarca.com\/wordpress\/segunda\/wp-json\/wp\/v2\/tags?post=141697"}],"curies":[{"name":"wp","href":"https:\/\/api.w.org\/{rel}","templated":true}]}}