{"id":141706,"date":"2021-09-27T09:09:00","date_gmt":"2021-09-27T08:09:00","guid":{"rendered":"http:\/\/www.tucomarca.com\/wordpress\/segunda\/?p=141706"},"modified":"2021-09-30T20:15:28","modified_gmt":"2021-09-30T19:15:28","slug":"el-cd-bunol-suma-otros-tres-puntos-tras-su-victoria-frente-al-san-antonio-de-benageber-1-0","status":"publish","type":"post","link":"https:\/\/www.tucomarca.com\/wordpress\/segunda\/el-cd-bunol-suma-otros-tres-puntos-tras-su-victoria-frente-al-san-antonio-de-benageber-1-0\/","title":{"rendered":"El CD Bu\u00f1ol suma otros tres puntos tras su victoria frente al San Antonio de Benag\u00e9ber (1-0)"},"content":{"rendered":"\n<p>El Club Deportivo Bu\u00f1ol sigue presidiendo la clasificaci\u00f3n tras ganar al San Antonio de Benageber CF en el Campo Beltr\u00e1n B\u00e1guena este domingo por la tarde.&nbsp;<\/p>\n\n\n\n<p>El gol que concedi\u00f3 la victoria a los blancos lleg\u00f3  en el minuto 64 por parte de Pozo.<\/p>\n\n\n\n<p>El equipo visitante acab\u00f3 el partido con un total de tres amonestaciones, una de las cuales supuso la expulsi\u00f3n de uno de los jugadores, mientras que el local obtuvo tan solo una a lo largo del encuentro.&nbsp;<\/p>\n\n\n\n<p>Con los tres puntos ganados este domingo, el CD Bu\u00f1ol contin\u00faa primero en la clasificaci\u00f3n, mientras que esta vez su oponente, se sit\u00faa en s\u00e9ptima posici\u00f3n.<\/p>\n","protected":false},"excerpt":{"rendered":"<div class=\"mh-excerpt\">El Club Deportivo Bu\u00f1ol sigue presidiendo la clasificaci\u00f3n tras ganar al San Antonio de Benageber CF en el Campo Beltr\u00e1n B\u00e1guena este domingo por la tarde.&nbsp; El gol que concedi\u00f3 la victoria a los blancos <a class=\"mh-excerpt-more\" href=\"https:\/\/www.tucomarca.com\/wordpress\/segunda\/el-cd-bunol-suma-otros-tres-puntos-tras-su-victoria-frente-al-san-antonio-de-benageber-1-0\/\" title=\"El CD Bu\u00f1ol suma otros tres puntos tras su victoria frente al San Antonio de Benag\u00e9ber (1-0)\">[+] <\/a><\/div>\n","protected":false},"author":12,"featured_media":140356,"comment_status":"open","ping_status":"open","sticky":false,"template":"","format":"standard","meta":{"footnotes":""},"categories":[18,46,50,6,10,183,3],"tags":[10395,10379,2802,5952],"class_list":{"0":"post-141706","1":"post","2":"type-post","3":"status-publish","4":"format-standard","5":"has-post-thumbnail","7":"category-bunol","8":"category-camp-de-turia","9":"category-futbol-deportes","10":"category-deportes","11":"category-la-hoya","12":"category-san-antonio-de-benageber","13":"category-seccion","14":"tag-camp-de-turia","15":"tag-deportes","16":"tag-esport","17":"tag-la-hoya-de-bunol-chiva"},"_links":{"self":[{"href":"https:\/\/www.tucomarca.com\/wordpress\/segunda\/wp-json\/wp\/v2\/posts\/141706","targetHints":{"allow":["GET"]}}],"collection":[{"href":"https:\/\/www.tucomarca.com\/wordpress\/segunda\/wp-json\/wp\/v2\/posts"}],"about":[{"href":"https:\/\/www.tucomarca.com\/wordpress\/segunda\/wp-json\/wp\/v2\/types\/post"}],"author":[{"embeddable":true,"href":"https:\/\/www.tucomarca.com\/wordpress\/segunda\/wp-json\/wp\/v2\/users\/12"}],"replies":[{"embeddable":true,"href":"https:\/\/www.tucomarca.com\/wordpress\/segunda\/wp-json\/wp\/v2\/comments?post=141706"}],"version-history":[{"count":0,"href":"https:\/\/www.tucomarca.com\/wordpress\/segunda\/wp-json\/wp\/v2\/posts\/141706\/revisions"}],"wp:featuredmedia":[{"embeddable":true,"href":"https:\/\/www.tucomarca.com\/wordpress\/segunda\/wp-json\/wp\/v2\/media\/140356"}],"wp:attachment":[{"href":"https:\/\/www.tucomarca.com\/wordpress\/segunda\/wp-json\/wp\/v2\/media?parent=141706"}],"wp:term":[{"taxonomy":"category","embeddable":true,"href":"https:\/\/www.tucomarca.com\/wordpress\/segunda\/wp-json\/wp\/v2\/categories?post=141706"},{"taxonomy":"post_tag","embeddable":true,"href":"https:\/\/www.tucomarca.com\/wordpress\/segunda\/wp-json\/wp\/v2\/tags?post=141706"}],"curies":[{"name":"wp","href":"https:\/\/api.w.org\/{rel}","templated":true}]}}