{"id":141730,"date":"2021-09-29T10:20:00","date_gmt":"2021-09-29T09:20:00","guid":{"rendered":"http:\/\/www.tucomarca.com\/wordpress\/segunda\/?p=141730"},"modified":"2021-09-30T09:06:00","modified_gmt":"2021-09-30T08:06:00","slug":"el-ayuntamiento-de-riba-roja-deplora-que-el-valencia-cf-opte-por-la-via-judicial-al-recurrir-al-tsj-la-sentencia-que-rechaza-una-indemnizacion-de-25-millones-por-porxinos","status":"publish","type":"post","link":"https:\/\/www.tucomarca.com\/wordpress\/segunda\/el-ayuntamiento-de-riba-roja-deplora-que-el-valencia-cf-opte-por-la-via-judicial-al-recurrir-al-tsj-la-sentencia-que-rechaza-una-indemnizacion-de-25-millones-por-porxinos\/","title":{"rendered":"El Ayuntamiento de Riba-roja deplora que el Val\u00e8ncia CF opte por la v\u00eda judicial al recurrir al TSJ la sentencia que rechaza una indemnizaci\u00f3n de 25 millones por Porxinos"},"content":{"rendered":"\n<h4 class=\"wp-block-heading\">Litoral del Este recurre el fallo de finales del pasado mes de julio&nbsp;<\/h4>\n\n\n\n<p>El Ayuntamiento de Riba-roja de T\u00faria ha lamentado la actitud del Val\u00e8ncia CF, a trav\u00e9s de la mercantil Litoral del Este, al recurrir en apelaci\u00f3n ante el Tribunal Superior de Justicia de la Comunitat Valenciana (TSJ) la sentencia emitida a finales de julio pasado en la que se rechaza una indemnizaci\u00f3n de 25 millones de euros por la anulaci\u00f3n del programa de actuaci\u00f3n integrada (PAI) de Porxinos.&nbsp;<\/p>\n\n\n\n<p>Litoral del Este, la empresa creada por el Valencia para llevar a cabo un programa urban\u00edstico en Riba-roja de T\u00faria, ha presentado un recurso en apelaci\u00f3n ante el m\u00e1ximo \u00f3rgano jur\u00eddico de la Comunitat Valenciana tras el varapalo del juzgado de lo contencioso-administrativo n\u00famero 2 de Val\u00e8ncia que ratificaba la postura del Ayuntamiento de Riba-roja a negarse a devolver los 25 millones de euros tras la anulaci\u00f3n del plan urban\u00edstico.&nbsp;<\/p>\n\n\n\n<p>El Ayuntamiento de Riba-roja de T\u00faria ha lamentado que los actuales dirigentes del Val\u00e8ncia hayan optado por una actitud \u201cbeligerante\u201d y \u201ccombativa\u201d en lugar de aceptar el fallo judicial que a finales de julio supon\u00eda una ratificaci\u00f3n de la actitud que a lo largo de todo el proceso ha mantenido la administraci\u00f3n local en lugar del di\u00e1logo y el consenso con las administraciones.&nbsp;<\/p>\n\n\n\n<p>El equipo de gobierno de Riba-roja de T\u00faria considera que los actuales dirigentes del Valencia CF \u201cse empe\u00f1an en recurrir por todas las v\u00edas legales a su alcance un programa urban\u00edstico que pretend\u00eda en su d\u00eda una especulaci\u00f3n inmobiliaria y econ\u00f3mica \u00fanicamente y para ello utilizaban un espacio verde y de gran valor ecol\u00f3gico y ambiental como el \u00e1rea de Porxinos\u201d.&nbsp;<\/p>\n\n\n\n<p>El Ayuntamiento de Riba-roja de T\u00faria recuerda que este PAI ha servido, hasta el momento, para que el Valencia, a trav\u00e9s de la empresa creada, haya obtenido \u201cun pelotazo\u201d de 141\u20192 millones de euros en plusval\u00edas, como as\u00ed se acredita en la \u00faltima sentencia, a costa de todos los vecinos de la localidad con el pretexto del citado plan urban\u00edstico y antes de haber llevado a cabo ning\u00fan tipo de obra concreta.&nbsp;<\/p>\n\n\n\n<p>El PAI de Porxinos en Riba-roja de T\u00faria se inici\u00f3 en el a\u00f1o 2005 con la firma de un convenio entre Litoral del Este y el Ayuntamiento de Riba-roja de T\u00faria, entonces gobernado por el ex alcalde Francisco Tarazona, del Partido Popular, la construcci\u00f3n de una ciudad deportiva, un campo de golf y hasta 2.700 viviendas en aquel momento en la citada \u00e1rea ambiental de la localidad.&nbsp;<\/p>\n\n\n\n<p>Sin embargo, primero una sentencia del Tribunal Superior de Justicia de abril de 2013 y una posterior del Supremo de junio de 2015 declararon nulo el plan parcial y la homologaci\u00f3n del proyecto urban\u00edstico al considerar que no exist\u00edan suficientes recursos h\u00eddricos como pon\u00eda de manifiesto un informe de la Confederaci\u00f3n Hidrogr\u00e1fica del J\u00facar (CHJ), adem\u00e1s de que no se respetaron las condiciones que impon\u00eda la declaraci\u00f3n de impacto ambiental respecto del paraje colindante de les Rodanes y, por \u00faltimo, la adjudicaci\u00f3n de la urbanizaci\u00f3n se realiz\u00f3 <em>\u00aba dedo\u00bb<\/em> y <em>\u00absin la necesaria oferta p\u00fablica\u00bb.<\/em>&nbsp;<\/p>\n\n\n\n<p>A pesar del rev\u00e9s judicial, Litoral del Este volvi\u00f3 a tramitar un nuevo plan que present\u00f3 en el Ayuntamiento de Riba-roja de T\u00faria en marzo de 2016 quien a su vez traslad\u00f3 a la Generalitat Valenciana como administraci\u00f3n p\u00fablica competente para dictaminar sobre este nuevo tipo de proyecto urban\u00edstico. &nbsp;<\/p>\n\n\n\n<p>La Comisi\u00f3n de Evaluaci\u00f3n Ambiental de la Generalitat rechaz\u00f3 en abril pasado la tramitaci\u00f3n del nuevo plan porque \u00e9ste triplicaba los l\u00edmites de crecimientos previstos en Riba-roja de T\u00faria. Adem\u00e1s, en septiembre la Conselleria de Medio Ambiente ha ampliado el \u00e1rea de protecci\u00f3n del plan de Ordenaci\u00f3n de Recursos Naturales (PORN) del T\u00faria en el que el paraje de Porxinos quedar\u00e1 incluido en la denominada interfase 1 como zona forestal y agr\u00edcola no urbanizable, por tanto, el PAI es inviable.&nbsp;<\/p>\n\n\n\n<p>A estas sentencias se uni\u00f3 posteriormente la del pasado julio en la que se rechazaba la pretensi\u00f3n de Litoral del Este de recibir 25 millones de euros en concepto de intereses e indemnizaci\u00f3n por la anulaci\u00f3n del plan urban\u00edstico, a pesar de que les report\u00f3 141 millones de euros en plusval\u00edas.&nbsp;<\/p>\n","protected":false},"excerpt":{"rendered":"<div class=\"mh-excerpt\">Litoral del Este recurre el fallo de finales del pasado mes de julio&nbsp; El Ayuntamiento de Riba-roja de T\u00faria ha lamentado la actitud del Val\u00e8ncia CF, a trav\u00e9s de la mercantil Litoral del Este, al <a class=\"mh-excerpt-more\" href=\"https:\/\/www.tucomarca.com\/wordpress\/segunda\/el-ayuntamiento-de-riba-roja-deplora-que-el-valencia-cf-opte-por-la-via-judicial-al-recurrir-al-tsj-la-sentencia-que-rechaza-una-indemnizacion-de-25-millones-por-porxinos\/\" title=\"El Ayuntamiento de Riba-roja deplora que el Val\u00e8ncia CF opte por la v\u00eda judicial al recurrir al TSJ la sentencia que rechaza una indemnizaci\u00f3n de 25 millones por Porxinos\">[+] <\/a><\/div>\n","protected":false},"author":12,"featured_media":53279,"comment_status":"open","ping_status":"open","sticky":false,"template":"","format":"standard","meta":{"footnotes":""},"categories":[46,128,8,142,182,3,116],"tags":[10395,5227,15023,1810],"class_list":{"0":"post-141730","1":"post","2":"type-post","3":"status-publish","4":"format-standard","5":"has-post-thumbnail","7":"category-camp-de-turia","8":"category-infraestructuras","9":"category-la-comarca","10":"category-politica-la-comarca","11":"category-riba-roja","12":"category-seccion","13":"category-sucesos-la-comarca","14":"tag-camp-de-turia","15":"tag-porxinos","16":"tag-riba-roja-de-turia","17":"tag-valencia-cf"},"_links":{"self":[{"href":"https:\/\/www.tucomarca.com\/wordpress\/segunda\/wp-json\/wp\/v2\/posts\/141730","targetHints":{"allow":["GET"]}}],"collection":[{"href":"https:\/\/www.tucomarca.com\/wordpress\/segunda\/wp-json\/wp\/v2\/posts"}],"about":[{"href":"https:\/\/www.tucomarca.com\/wordpress\/segunda\/wp-json\/wp\/v2\/types\/post"}],"author":[{"embeddable":true,"href":"https:\/\/www.tucomarca.com\/wordpress\/segunda\/wp-json\/wp\/v2\/users\/12"}],"replies":[{"embeddable":true,"href":"https:\/\/www.tucomarca.com\/wordpress\/segunda\/wp-json\/wp\/v2\/comments?post=141730"}],"version-history":[{"count":0,"href":"https:\/\/www.tucomarca.com\/wordpress\/segunda\/wp-json\/wp\/v2\/posts\/141730\/revisions"}],"wp:featuredmedia":[{"embeddable":true,"href":"https:\/\/www.tucomarca.com\/wordpress\/segunda\/wp-json\/wp\/v2\/media\/53279"}],"wp:attachment":[{"href":"https:\/\/www.tucomarca.com\/wordpress\/segunda\/wp-json\/wp\/v2\/media?parent=141730"}],"wp:term":[{"taxonomy":"category","embeddable":true,"href":"https:\/\/www.tucomarca.com\/wordpress\/segunda\/wp-json\/wp\/v2\/categories?post=141730"},{"taxonomy":"post_tag","embeddable":true,"href":"https:\/\/www.tucomarca.com\/wordpress\/segunda\/wp-json\/wp\/v2\/tags?post=141730"}],"curies":[{"name":"wp","href":"https:\/\/api.w.org\/{rel}","templated":true}]}}