{"id":141748,"date":"2021-09-29T17:00:00","date_gmt":"2021-09-29T16:00:00","guid":{"rendered":"http:\/\/www.tucomarca.com\/wordpress\/segunda\/?p=141748"},"modified":"2021-09-30T08:40:51","modified_gmt":"2021-09-30T07:40:51","slug":"continua-en-cheste-la-reparacion-de-caminos-tras-las-ultimas-lluvias","status":"publish","type":"post","link":"https:\/\/www.tucomarca.com\/wordpress\/segunda\/continua-en-cheste-la-reparacion-de-caminos-tras-las-ultimas-lluvias\/","title":{"rendered":"Contin\u00faa en Cheste la reparaci\u00f3n de caminos tras las \u00faltimas lluvias"},"content":{"rendered":"\n<p>Desde la concejal\u00eda de Agricultura se est\u00e1 trabajando en el arreglar los caminos rurales afectados por las \u00faltimas lluvias para asegurar el acceso a las parcelas agr\u00edcolas en plena campa\u00f1a de recogida de la uva. Adem\u00e1s, se est\u00e1n reparando caminos que conectan con viviendas para que sus vecinos y vecinas puedan usar sus veh\u00edculos de manera segura.<\/p>\n\n\n\n<p>\u201cEstamos d\u00e1ndole prioridad a los caminos agr\u00edcolas para facilitar la recogida de las cosechas, ya que el estado de la moscatel es muy delicado en estos momentos. Tambi\u00e9n estamos atendiendo las peticiones de las personas que han presentado las solicitudes en el ayuntamiento, ya que pretendemos mantener en buen estado los caminos del t\u00e9rmino municipal\u201d, ha declarado Francisco Llorens, concejal de Agricultura.<\/p>\n","protected":false},"excerpt":{"rendered":"<div class=\"mh-excerpt\">Desde la concejal\u00eda de Agricultura se est\u00e1 trabajando en el arreglar los caminos rurales afectados por las \u00faltimas lluvias para asegurar el acceso a las parcelas agr\u00edcolas en plena campa\u00f1a de recogida de la uva. <a class=\"mh-excerpt-more\" href=\"https:\/\/www.tucomarca.com\/wordpress\/segunda\/continua-en-cheste-la-reparacion-de-caminos-tras-las-ultimas-lluvias\/\" title=\"Contin\u00faa en Cheste la reparaci\u00f3n de caminos tras las \u00faltimas lluvias\">[+] <\/a><\/div>\n","protected":false},"author":12,"featured_media":141750,"comment_status":"open","ping_status":"open","sticky":false,"template":"","format":"standard","meta":{"footnotes":""},"categories":[169,17,128,8,10,142,3],"tags":[339,5952,15540],"class_list":{"0":"post-141748","1":"post","2":"type-post","3":"status-publish","4":"format-standard","5":"has-post-thumbnail","7":"category-agricultura-la-comarca","8":"category-cheste","9":"category-infraestructuras","10":"category-la-comarca","11":"category-la-hoya","12":"category-politica-la-comarca","13":"category-seccion","14":"tag-cheste-2","15":"tag-la-hoya-de-bunol-chiva","16":"tag-reparacion-de-caminos"},"_links":{"self":[{"href":"https:\/\/www.tucomarca.com\/wordpress\/segunda\/wp-json\/wp\/v2\/posts\/141748","targetHints":{"allow":["GET"]}}],"collection":[{"href":"https:\/\/www.tucomarca.com\/wordpress\/segunda\/wp-json\/wp\/v2\/posts"}],"about":[{"href":"https:\/\/www.tucomarca.com\/wordpress\/segunda\/wp-json\/wp\/v2\/types\/post"}],"author":[{"embeddable":true,"href":"https:\/\/www.tucomarca.com\/wordpress\/segunda\/wp-json\/wp\/v2\/users\/12"}],"replies":[{"embeddable":true,"href":"https:\/\/www.tucomarca.com\/wordpress\/segunda\/wp-json\/wp\/v2\/comments?post=141748"}],"version-history":[{"count":0,"href":"https:\/\/www.tucomarca.com\/wordpress\/segunda\/wp-json\/wp\/v2\/posts\/141748\/revisions"}],"wp:featuredmedia":[{"embeddable":true,"href":"https:\/\/www.tucomarca.com\/wordpress\/segunda\/wp-json\/wp\/v2\/media\/141750"}],"wp:attachment":[{"href":"https:\/\/www.tucomarca.com\/wordpress\/segunda\/wp-json\/wp\/v2\/media?parent=141748"}],"wp:term":[{"taxonomy":"category","embeddable":true,"href":"https:\/\/www.tucomarca.com\/wordpress\/segunda\/wp-json\/wp\/v2\/categories?post=141748"},{"taxonomy":"post_tag","embeddable":true,"href":"https:\/\/www.tucomarca.com\/wordpress\/segunda\/wp-json\/wp\/v2\/tags?post=141748"}],"curies":[{"name":"wp","href":"https:\/\/api.w.org\/{rel}","templated":true}]}}