{"id":141818,"date":"2021-09-30T14:08:00","date_gmt":"2021-09-30T13:08:00","guid":{"rendered":"http:\/\/www.tucomarca.com\/wordpress\/segunda\/?p=141818"},"modified":"2021-09-30T19:51:12","modified_gmt":"2021-09-30T18:51:12","slug":"las-escuelas-de-iniciacion-deportiva-de-bunol-arrancan-el-curso-con-diferentes-horarios-y-niveles-adaptados-desde-los-4-anos","status":"publish","type":"post","link":"https:\/\/www.tucomarca.com\/wordpress\/segunda\/las-escuelas-de-iniciacion-deportiva-de-bunol-arrancan-el-curso-con-diferentes-horarios-y-niveles-adaptados-desde-los-4-anos\/","title":{"rendered":"Las Escuelas de Iniciaci\u00f3n Deportiva de Bu\u00f1ol arrancan el curso con diferentes horarios y niveles adaptados desde los 4 a\u00f1os"},"content":{"rendered":"\n<h4 class=\"wp-block-heading\">Las disciplinas que se van a practicar son Balonmano, Ciclismo, Atletismo, F\u00fatbol Sala, Patinaje, Escalada, P\u00e1del, Gimnasia R\u00edtmica, Ciclismo, Chiquiritmo, Frontenis y Tenis.&nbsp;<\/h4>\n\n\n\n<figure class=\"wp-block-image size-large\"><img loading=\"lazy\" decoding=\"async\" width=\"1024\" height=\"723\" src=\"https:\/\/www.tucomarca.com\/wordpress\/segunda\/wp-content\/uploads\/2021\/09\/BunolHorariosEID-2021-22-1024x723.png\" alt=\"\" class=\"wp-image-141822\" srcset=\"https:\/\/www.tucomarca.com\/wordpress\/segunda\/wp-content\/uploads\/2021\/09\/BunolHorariosEID-2021-22-1024x723.png 1024w, https:\/\/www.tucomarca.com\/wordpress\/segunda\/wp-content\/uploads\/2021\/09\/BunolHorariosEID-2021-22-300x212.png 300w, https:\/\/www.tucomarca.com\/wordpress\/segunda\/wp-content\/uploads\/2021\/09\/BunolHorariosEID-2021-22-768x542.png 768w, https:\/\/www.tucomarca.com\/wordpress\/segunda\/wp-content\/uploads\/2021\/09\/BunolHorariosEID-2021-22.png 1120w\" sizes=\"auto, (max-width: 1024px) 100vw, 1024px\" \/><\/figure>\n\n\n\n<p>Este curso 2021-2022 se prev\u00e9 m\u00e1s tranquilo que el anterior. Por ello las Escuelas Deportivas Municipales de Bu\u00f1ol esperan contar con mayor n\u00famero de alumnos interesados en hacer deporte, conocer otras disciplinas y pasar un rato divertido con amigos de su misma edad.<\/p>\n\n\n\n<p>Las disciplinas que se van a practicar son Balonmano, Ciclismo, Atletismo, F\u00fatbol Sala, Patinaje, P\u00e1del, Gimnasia R\u00edtmica, Escalada, Ciclismo, Chiquiritmo, Frontenis y Tenis. A partir de cuatro a\u00f1os se pueden apuntar. Debe consultarse el horario y los grupos. El enlace para acceder a la inscripci\u00f3n formal y a toda la informaci\u00f3n sobre los grupos y horas propuestas es:&nbsp;<a href=\"https:\/\/forms.gle\/FwU2Vfy8nGL4VJGL7\">https:\/\/forms.gle\/FwU2Vfy8nGL4VJGL7<\/a><\/p>\n\n\n\n<p>Se pondr\u00e1n en marcha el 1 de octubre todos aquellos grupos que hayan llegado al m\u00ednimo de alumnos\/as (8 en todos los grupos, excepto Tenis y P\u00e1del que el m\u00ednimo es 3). Una vez confirmado el grupo, se solicitar\u00e1 la cumplimentaci\u00f3n de la inscripci\u00f3n por mail.&nbsp;<\/p>\n\n\n\n<p>V\u00edctor S\u00e1nchez, coordinador de Bu\u00f1ol Es Deporte, confirma que si se necesita m\u00e1s informaci\u00f3n pueden enviar un mail a <a href=\"mailto:bunolesdeporte@gmail.com\">bunolesdeporte@gmail.com<\/a> o consultar la web <a href=\"http:\/\/www.bunyolesdeporte.com\">www.bunyolesdeporte.com<\/a><\/p>\n\n\n\n<p>Estas actividades est\u00e1n organizadas por Bu\u00f1ol Es Deporte y la Concejal\u00eda de Deportes del Ayuntamiento de Bu\u00f1ol. Durante este curso la oferta se ha ampliado y se espera que las familias vuelvan a confiar de este servicio, de lo necesario que es realizar deporte fuera del centro escolar y as\u00ed tambi\u00e9n conocer a otros ni\u00f1os fuera de su aula y de su misma edad. La calidad de todos los clubes deportivos de la localidad es muy grande, y todos est\u00e1n deseando contar con una amplia cantera y especialmente femenina para la supervivencia de numerosos deportes.&nbsp;<\/p>\n","protected":false},"excerpt":{"rendered":"<div class=\"mh-excerpt\">Las disciplinas que se van a practicar son Balonmano, Ciclismo, Atletismo, F\u00fatbol Sala, Patinaje, Escalada, P\u00e1del, Gimnasia R\u00edtmica, Ciclismo, Chiquiritmo, Frontenis y Tenis.&nbsp; Este curso 2021-2022 se prev\u00e9 m\u00e1s tranquilo que el anterior. Por ello <a class=\"mh-excerpt-more\" href=\"https:\/\/www.tucomarca.com\/wordpress\/segunda\/las-escuelas-de-iniciacion-deportiva-de-bunol-arrancan-el-curso-con-diferentes-horarios-y-niveles-adaptados-desde-los-4-anos\/\" title=\"Las Escuelas de Iniciaci\u00f3n Deportiva de Bu\u00f1ol arrancan el curso con diferentes horarios y niveles adaptados desde los 4 a\u00f1os\">[+] <\/a><\/div>\n","protected":false},"author":12,"featured_media":141820,"comment_status":"open","ping_status":"open","sticky":false,"template":"","format":"standard","meta":{"footnotes":""},"categories":[98,118,18,50,173,6,222,8,10,199,3],"tags":[10385,10556,10571,15547,5952],"class_list":{"0":"post-141818","1":"post","2":"type-post","3":"status-publish","4":"format-standard","5":"has-post-thumbnail","7":"category-atletismo","8":"category-baloncesto","9":"category-bunol","10":"category-futbol-deportes","11":"category-ciclismo","12":"category-deportes","13":"category-futbol-sala","14":"category-la-comarca","15":"category-la-hoya","16":"category-polideportivo","17":"category-seccion","18":"tag-bunol","19":"tag-bunol-es-deporte","20":"tag-concejalia-de-deportes-de-bunol","21":"tag-escuelas-de-iniciacion-deportiva","22":"tag-la-hoya-de-bunol-chiva"},"_links":{"self":[{"href":"https:\/\/www.tucomarca.com\/wordpress\/segunda\/wp-json\/wp\/v2\/posts\/141818","targetHints":{"allow":["GET"]}}],"collection":[{"href":"https:\/\/www.tucomarca.com\/wordpress\/segunda\/wp-json\/wp\/v2\/posts"}],"about":[{"href":"https:\/\/www.tucomarca.com\/wordpress\/segunda\/wp-json\/wp\/v2\/types\/post"}],"author":[{"embeddable":true,"href":"https:\/\/www.tucomarca.com\/wordpress\/segunda\/wp-json\/wp\/v2\/users\/12"}],"replies":[{"embeddable":true,"href":"https:\/\/www.tucomarca.com\/wordpress\/segunda\/wp-json\/wp\/v2\/comments?post=141818"}],"version-history":[{"count":0,"href":"https:\/\/www.tucomarca.com\/wordpress\/segunda\/wp-json\/wp\/v2\/posts\/141818\/revisions"}],"wp:featuredmedia":[{"embeddable":true,"href":"https:\/\/www.tucomarca.com\/wordpress\/segunda\/wp-json\/wp\/v2\/media\/141820"}],"wp:attachment":[{"href":"https:\/\/www.tucomarca.com\/wordpress\/segunda\/wp-json\/wp\/v2\/media?parent=141818"}],"wp:term":[{"taxonomy":"category","embeddable":true,"href":"https:\/\/www.tucomarca.com\/wordpress\/segunda\/wp-json\/wp\/v2\/categories?post=141818"},{"taxonomy":"post_tag","embeddable":true,"href":"https:\/\/www.tucomarca.com\/wordpress\/segunda\/wp-json\/wp\/v2\/tags?post=141818"}],"curies":[{"name":"wp","href":"https:\/\/api.w.org\/{rel}","templated":true}]}}