{"id":141828,"date":"2021-09-30T12:50:00","date_gmt":"2021-09-30T11:50:00","guid":{"rendered":"http:\/\/www.tucomarca.com\/wordpress\/segunda\/?p=141828"},"modified":"2021-09-30T19:49:41","modified_gmt":"2021-09-30T18:49:41","slug":"requena-acogera-el-ii-congreso-de-la-naturaleza-de-la-meseta-de-requena-utiel","status":"publish","type":"post","link":"https:\/\/www.tucomarca.com\/wordpress\/segunda\/requena-acogera-el-ii-congreso-de-la-naturaleza-de-la-meseta-de-requena-utiel\/","title":{"rendered":"Requena acoger\u00e1 el II Congreso de la Naturaleza de la Meseta de Requena-Utiel"},"content":{"rendered":"\n<p>El II Congreso de la Naturaleza de la Meseta de Requena-Utiel ya cuenta con una nueva fecha para su celebraci\u00f3n. Tras haber tenido que aplazarse durante un a\u00f1o por la situaci\u00f3n originada por la enfermedad COVID-19, ya est\u00e1 todo preparado para que se lleve a cabo durante el fin de semana del 22 al 24 de octubre en el Teatro Principal de Requena. <\/p>\n\n\n\n<p>De este modo, se ha confeccionado un completo programa de actividades entre las que destacan conferencias plenarias, comunicaciones orales y en forma de p\u00f3sters, exposiciones, una mesa redonda y una salida al campo. En el evento, participar\u00e1n distintos investigadores que han desarrollado sus estudios sobre biodiversidad y medio ambiente en la comarca de Requena-Utiel o en los municipios aleda\u00f1os. Informa, <strong>Luis Ib\u00e1\u00f1ez.<\/strong><\/p>\n","protected":false},"excerpt":{"rendered":"<div class=\"mh-excerpt\">El II Congreso de la Naturaleza de la Meseta de Requena-Utiel ya cuenta con una nueva fecha para su celebraci\u00f3n. Tras haber tenido que aplazarse durante un a\u00f1o por la situaci\u00f3n originada por la enfermedad <a class=\"mh-excerpt-more\" href=\"https:\/\/www.tucomarca.com\/wordpress\/segunda\/requena-acogera-el-ii-congreso-de-la-naturaleza-de-la-meseta-de-requena-utiel\/\" title=\"Requena acoger\u00e1 el II Congreso de la Naturaleza de la Meseta de Requena-Utiel\">[+] <\/a><\/div>\n","protected":false},"author":12,"featured_media":141829,"comment_status":"open","ping_status":"open","sticky":false,"template":"","format":"standard","meta":{"footnotes":""},"categories":[4,8,117,28,27,3],"tags":[],"class_list":{"0":"post-141828","1":"post","2":"type-post","3":"status-publish","4":"format-standard","5":"has-post-thumbnail","7":"category-agenda","8":"category-la-comarca","9":"category-medio-ambiente-la-comarca","10":"category-requena","11":"category-requena-utiel","12":"category-seccion"},"_links":{"self":[{"href":"https:\/\/www.tucomarca.com\/wordpress\/segunda\/wp-json\/wp\/v2\/posts\/141828","targetHints":{"allow":["GET"]}}],"collection":[{"href":"https:\/\/www.tucomarca.com\/wordpress\/segunda\/wp-json\/wp\/v2\/posts"}],"about":[{"href":"https:\/\/www.tucomarca.com\/wordpress\/segunda\/wp-json\/wp\/v2\/types\/post"}],"author":[{"embeddable":true,"href":"https:\/\/www.tucomarca.com\/wordpress\/segunda\/wp-json\/wp\/v2\/users\/12"}],"replies":[{"embeddable":true,"href":"https:\/\/www.tucomarca.com\/wordpress\/segunda\/wp-json\/wp\/v2\/comments?post=141828"}],"version-history":[{"count":0,"href":"https:\/\/www.tucomarca.com\/wordpress\/segunda\/wp-json\/wp\/v2\/posts\/141828\/revisions"}],"wp:featuredmedia":[{"embeddable":true,"href":"https:\/\/www.tucomarca.com\/wordpress\/segunda\/wp-json\/wp\/v2\/media\/141829"}],"wp:attachment":[{"href":"https:\/\/www.tucomarca.com\/wordpress\/segunda\/wp-json\/wp\/v2\/media?parent=141828"}],"wp:term":[{"taxonomy":"category","embeddable":true,"href":"https:\/\/www.tucomarca.com\/wordpress\/segunda\/wp-json\/wp\/v2\/categories?post=141828"},{"taxonomy":"post_tag","embeddable":true,"href":"https:\/\/www.tucomarca.com\/wordpress\/segunda\/wp-json\/wp\/v2\/tags?post=141828"}],"curies":[{"name":"wp","href":"https:\/\/api.w.org\/{rel}","templated":true}]}}