{"id":141835,"date":"2021-09-30T13:00:00","date_gmt":"2021-09-30T12:00:00","guid":{"rendered":"http:\/\/www.tucomarca.com\/wordpress\/segunda\/?p=141835"},"modified":"2021-09-30T19:47:31","modified_gmt":"2021-09-30T18:47:31","slug":"cortes-de-pallas-celebra-este-viernes-1-de-octubre-el-dia-del-mayor","status":"publish","type":"post","link":"https:\/\/www.tucomarca.com\/wordpress\/segunda\/cortes-de-pallas-celebra-este-viernes-1-de-octubre-el-dia-del-mayor\/","title":{"rendered":"Cortes de Pall\u00e1s celebra este viernes, 1 de octubre, el \u00abD\u00eda del Mayor\u00bb"},"content":{"rendered":"\n<p>El Ayuntamiento de Cortes de Pall\u00e1s, a trav\u00e9s del \u00c1rea de Bienestar Social, organiza e invita a todos los vecinos a la celebraci\u00f3n del&nbsp;<strong>\u00abD\u00eda del Mayor\u00bb<\/strong>. La actividad est\u00e1 parcialmente subvencionada por la Diputaci\u00f3n Provincial de Valencia.<\/p>\n\n\n\n<p>El acto tendr\u00e1 lugar el d\u00eda&nbsp;<strong>1 de octubre<\/strong>&nbsp;a partir de las&nbsp;<strong>17:30h<\/strong>&nbsp;en la&nbsp;<strong>Plaza de la Iglesia<\/strong>&nbsp;de la localidad y contar\u00e1 con estas&nbsp;<strong>actividades:<\/strong><\/p>\n\n\n\n<ul class=\"wp-block-list\"><li>Homenaje a la persona m\u00e1s mayor del municipio, con entrega de una placa conmemorativa.<\/li><li>Espect\u00e1culo de magia titulado \u00abMagig Experience\u00bb.<\/li><li>Pasodobles en directo.<\/li><li>Photocall, donde podremos tomar y llevar a casa divertidas fotos,<\/li><li>Exposici\u00f3n comparativa de objetos antiguos y actuales.<\/li><li>Exposici\u00f3n de distintos tipos de hierbas medicinales y arom\u00e1ticas de la zona y sus propiedades.<\/li><li>Stand donde podr\u00e1s recoger un recuerdo de este d\u00eda.<\/li><li>Mesa dulce para nuestros mayores y nuestros ni\u00f1os.<\/li><\/ul>\n\n\n\n<p>El uso de mascarilla y gel hidroalcoh\u00f3lico y el respeto de la distancia social ser\u00e1n obligatorios durante la actividad.<\/p>\n","protected":false},"excerpt":{"rendered":"<div class=\"mh-excerpt\">El Ayuntamiento de Cortes de Pall\u00e1s, a trav\u00e9s del \u00c1rea de Bienestar Social, organiza e invita a todos los vecinos a la celebraci\u00f3n del&nbsp;\u00abD\u00eda del Mayor\u00bb. La actividad est\u00e1 parcialmente subvencionada por la Diputaci\u00f3n Provincial <a class=\"mh-excerpt-more\" href=\"https:\/\/www.tucomarca.com\/wordpress\/segunda\/cortes-de-pallas-celebra-este-viernes-1-de-octubre-el-dia-del-mayor\/\" title=\"Cortes de Pall\u00e1s celebra este viernes, 1 de octubre, el \u00abD\u00eda del Mayor\u00bb\">[+] <\/a><\/div>\n","protected":false},"author":12,"featured_media":141837,"comment_status":"open","ping_status":"open","sticky":false,"template":"","format":"standard","meta":{"footnotes":""},"categories":[4,38,40,8,10,7,3],"tags":[10392,15549,11436],"class_list":{"0":"post-141835","1":"post","2":"type-post","3":"status-publish","4":"format-standard","5":"has-post-thumbnail","7":"category-agenda","8":"category-ayora-cofrentes","9":"category-cortes-de-pallas","10":"category-la-comarca","11":"category-la-hoya","12":"category-ocio-y-cultura","13":"category-seccion","14":"tag-cortes-de-pallas","15":"tag-dia-del-mayor","16":"tag-valle-de-ayora-cofrentes"},"_links":{"self":[{"href":"https:\/\/www.tucomarca.com\/wordpress\/segunda\/wp-json\/wp\/v2\/posts\/141835","targetHints":{"allow":["GET"]}}],"collection":[{"href":"https:\/\/www.tucomarca.com\/wordpress\/segunda\/wp-json\/wp\/v2\/posts"}],"about":[{"href":"https:\/\/www.tucomarca.com\/wordpress\/segunda\/wp-json\/wp\/v2\/types\/post"}],"author":[{"embeddable":true,"href":"https:\/\/www.tucomarca.com\/wordpress\/segunda\/wp-json\/wp\/v2\/users\/12"}],"replies":[{"embeddable":true,"href":"https:\/\/www.tucomarca.com\/wordpress\/segunda\/wp-json\/wp\/v2\/comments?post=141835"}],"version-history":[{"count":0,"href":"https:\/\/www.tucomarca.com\/wordpress\/segunda\/wp-json\/wp\/v2\/posts\/141835\/revisions"}],"wp:featuredmedia":[{"embeddable":true,"href":"https:\/\/www.tucomarca.com\/wordpress\/segunda\/wp-json\/wp\/v2\/media\/141837"}],"wp:attachment":[{"href":"https:\/\/www.tucomarca.com\/wordpress\/segunda\/wp-json\/wp\/v2\/media?parent=141835"}],"wp:term":[{"taxonomy":"category","embeddable":true,"href":"https:\/\/www.tucomarca.com\/wordpress\/segunda\/wp-json\/wp\/v2\/categories?post=141835"},{"taxonomy":"post_tag","embeddable":true,"href":"https:\/\/www.tucomarca.com\/wordpress\/segunda\/wp-json\/wp\/v2\/tags?post=141835"}],"curies":[{"name":"wp","href":"https:\/\/api.w.org\/{rel}","templated":true}]}}