{"id":141854,"date":"2021-10-01T09:00:00","date_gmt":"2021-10-01T08:00:00","guid":{"rendered":"http:\/\/www.tucomarca.com\/wordpress\/segunda\/?p=141854"},"modified":"2021-10-02T10:16:24","modified_gmt":"2021-10-02T09:16:24","slug":"el-65-de-la-energia-consumida-en-el-hospital-de-manises-proviene-de-fuentes-renovables","status":"publish","type":"post","link":"https:\/\/www.tucomarca.com\/wordpress\/segunda\/el-65-de-la-energia-consumida-en-el-hospital-de-manises-proviene-de-fuentes-renovables\/","title":{"rendered":"El 65% de la energ\u00eda consumida en el Hospital de Manises proviene de fuentes renovables"},"content":{"rendered":"\n<h4 class=\"wp-block-heading\">Para lograrlo, el centro sanitario ha sustituido el suministro de energ\u00eda el\u00e9ctrica por uno proveniente de fuentes renovables<\/h4>\n\n\n\n<h4 class=\"wp-block-heading\">Adem\u00e1s, en 2020 el consumo que m\u00e1s se ha reducido ha sido el del gas natural, principal foco de energ\u00eda no renovable, que ha bajado en un 13% con respecto al a\u00f1o anterior<\/h4>\n\n\n\n<h4 class=\"wp-block-heading\">Ricardo Trujillo: \u201cLlevamos a\u00f1os realizando actuaciones en todas nuestras \u00e1reas de consumo de energ\u00eda para contribuir a un sistema sanitario sostenible&nbsp;y respetuoso con el medio ambiente, en l\u00ednea a la salud de las personas\u201d<\/h4>\n\n\n\n<p>El Hospital de Manises contin\u00faa apostando por un Programa de Eficiencia Energ\u00e9tica contribuyendo no solo al ahorro sino tambi\u00e9n al cuidando del medioambiente en l\u00ednea con la salud de las personas. Esta l\u00ednea de actuaci\u00f3n se traduce, entre otras cosas, en una disminuci\u00f3n considerable en el consumo de energ\u00eda del centro hospitalario haciendo que un 65% de las energ\u00edas consumidas sean renovables. Para ello, el centro sanitario sustituy\u00f3 el suministro de energ\u00eda el\u00e9ctrica por uno proveniente de fuentes renovables.<\/p>\n\n\n\n<p>Prueba de esto es que durante 2020 el gasto que m\u00e1s se ha reducido ha sido el del gas natural que ha bajado en un 13% con respecto al a\u00f1o anterior.&nbsp;\u201cLlevamos a\u00f1os realizando actuaciones&nbsp;en todas nuestras \u00e1reas de consumo de energ\u00eda para contribuir a un sistema sanitario sostenible y respetuoso con el medio ambiente, en l\u00ednea a la salud de las personas\u201d, explica el doctor Ricardo Trujillo, gerente del Departamento de Salud de Manises.<\/p>\n\n\n\n<p>\u201cLas cifras de reducci\u00f3n de consumo energ\u00e9tico y de generaci\u00f3n de energ\u00edas renovables ha sido posible gracias a una gesti\u00f3n eficiente de las instalaciones de climatizaci\u00f3n, agua caliente sanitaria e iluminaci\u00f3n. Consumir menos es importante, pero en nuestro caso, hacerlo de forma eficiente es clave ya nuestra actividad es continua a cualquier hora, todos los d\u00edas del a\u00f1o\u201d, explica Iv\u00e1n Ruiz, responsable de Infraestructuras del Departamento de Salud de Manises. Adem\u00e1s, Iv\u00e1n afirma que \u201ceste tipo de medidas supone no solo afianzar nuestro compromiso con el medio ambiente, sino tambi\u00e9n con la salud del planeta en l\u00ednea con la salud de las personas\u201d.<\/p>\n","protected":false},"excerpt":{"rendered":"<div class=\"mh-excerpt\">Para lograrlo, el centro sanitario ha sustituido el suministro de energ\u00eda el\u00e9ctrica por uno proveniente de fuentes renovables Adem\u00e1s, en 2020 el consumo que m\u00e1s se ha reducido ha sido el del gas natural, principal <a class=\"mh-excerpt-more\" href=\"https:\/\/www.tucomarca.com\/wordpress\/segunda\/el-65-de-la-energia-consumida-en-el-hospital-de-manises-proviene-de-fuentes-renovables\/\" title=\"El 65% de la energ\u00eda consumida en el Hospital de Manises proviene de fuentes renovables\">[+] <\/a><\/div>\n","protected":false},"author":12,"featured_media":122202,"comment_status":"open","ping_status":"open","sticky":false,"template":"","format":"standard","meta":{"footnotes":""},"categories":[19,18,46,17,16,14,128,8,72,10,42,178,13,182,3,43,45,11],"tags":[11478,136],"class_list":{"0":"post-141854","1":"post","2":"type-post","3":"status-publish","4":"format-standard","5":"has-post-thumbnail","7":"category-alborache","8":"category-bunol","9":"category-camp-de-turia","10":"category-cheste","11":"category-chiva","12":"category-godelleta","13":"category-infraestructuras","14":"category-la-comarca","15":"category-sin-categorizar","16":"category-la-hoya","17":"category-la-ribera","18":"category-loriguilla","19":"category-macastre","20":"category-riba-roja","21":"category-seccion","22":"category-turis","23":"category-ventana","24":"category-yatova","25":"tag-departamento-de-salud-de-manises","26":"tag-hospital-de-manises"},"_links":{"self":[{"href":"https:\/\/www.tucomarca.com\/wordpress\/segunda\/wp-json\/wp\/v2\/posts\/141854","targetHints":{"allow":["GET"]}}],"collection":[{"href":"https:\/\/www.tucomarca.com\/wordpress\/segunda\/wp-json\/wp\/v2\/posts"}],"about":[{"href":"https:\/\/www.tucomarca.com\/wordpress\/segunda\/wp-json\/wp\/v2\/types\/post"}],"author":[{"embeddable":true,"href":"https:\/\/www.tucomarca.com\/wordpress\/segunda\/wp-json\/wp\/v2\/users\/12"}],"replies":[{"embeddable":true,"href":"https:\/\/www.tucomarca.com\/wordpress\/segunda\/wp-json\/wp\/v2\/comments?post=141854"}],"version-history":[{"count":0,"href":"https:\/\/www.tucomarca.com\/wordpress\/segunda\/wp-json\/wp\/v2\/posts\/141854\/revisions"}],"wp:featuredmedia":[{"embeddable":true,"href":"https:\/\/www.tucomarca.com\/wordpress\/segunda\/wp-json\/wp\/v2\/media\/122202"}],"wp:attachment":[{"href":"https:\/\/www.tucomarca.com\/wordpress\/segunda\/wp-json\/wp\/v2\/media?parent=141854"}],"wp:term":[{"taxonomy":"category","embeddable":true,"href":"https:\/\/www.tucomarca.com\/wordpress\/segunda\/wp-json\/wp\/v2\/categories?post=141854"},{"taxonomy":"post_tag","embeddable":true,"href":"https:\/\/www.tucomarca.com\/wordpress\/segunda\/wp-json\/wp\/v2\/tags?post=141854"}],"curies":[{"name":"wp","href":"https:\/\/api.w.org\/{rel}","templated":true}]}}