{"id":141872,"date":"2021-09-30T20:00:00","date_gmt":"2021-09-30T19:00:00","guid":{"rendered":"http:\/\/www.tucomarca.com\/wordpress\/segunda\/?p=141872"},"modified":"2021-10-02T10:03:41","modified_gmt":"2021-10-02T09:03:41","slug":"sanidad-notifica-182-nuevos-casos-de-coronavirus-y-264-altas-en-la-comunitat-valenciana","status":"publish","type":"post","link":"https:\/\/www.tucomarca.com\/wordpress\/segunda\/sanidad-notifica-182-nuevos-casos-de-coronavirus-y-264-altas-en-la-comunitat-valenciana\/","title":{"rendered":"Sanidad notifica 182 nuevos casos de coronavirus y 264 altas en la Comunitat Valenciana"},"content":{"rendered":"\n<h4 class=\"wp-block-heading\"><strong class=\"\">Nuevos casos por provincias: 37 en Castell\u00f3n, 68 en Alicante y 77 en Valencia<\/strong><\/h4>\n\n\n\n<h4 class=\"wp-block-heading\"><strong class=\"\">Un total de 3.997.296 personas cuentan ya con la pauta completa de inmunizaci\u00f3n<\/strong><\/h4>\n\n\n\n<p>Un total de 4.055.432 personas han recibido ya una dosis de la vacuna contra el coronavirus en la Comunitat Valenciana. Adem\u00e1s, en estos momentos, cuentan con la pauta completa de inmunizaci\u00f3n (dos dosis para Pfizer, Moderna y AstraZeneca; la monodosis de Janssen y una dosis de cualquier vacuna en las personas con antecedentes de haber pasado la COVID) 3.997.296 personas.<\/p>\n\n\n\n<p>Por otro lado, la Conselleria ha notificado, desde la \u00faltima actualizaci\u00f3n, 182 casos nuevos de coronavirus confirmados por prueba PCR o a trav\u00e9s de test de ant\u00edgenos. Con estos nuevos casos, la cifra total de positivos se sit\u00faa en 510.018 personas. Los nuevos casos por provincias son 37 en Castell\u00f3n (53.025 en total); 68 en Alicante (187.052 en total) y 77 en Valencia (269.939 en total). Contin\u00faa habiendo 2 casos no asignados.<\/p>\n\n\n\n<p>Adem\u00e1s, se han registrado 264 altas a pacientes con coronavirus. De esta forma, el n\u00famero de personas que han superado la enfermedad desde que comenz\u00f3 la pandemia en la Comunitat Valenciana asciende a 511.299 personas. Por provincias, las altas se distribuyen as\u00ed: 53.394 en Castell\u00f3n, 186.753 en Alicante y 271.095 en Valencia. El total de altas no asignadas se mantiene en 57.<\/p>\n\n\n\n<p>Los hospitales valencianos tienen, actualmente, 174 personas ingresadas, 52 de ellas en la UCI: 26 en la provincia de Castell\u00f3n, 4 en UCI; 69 en la provincia de Alicante, 21 de ellas en la UCI; y 79 en la provincia de Valencia, 27 de ellas en UCI.<\/p>\n\n\n\n<p>Adem\u00e1s, se han registrado 2 fallecimientos, por lo que el total de decesos desde el inicio de la pandemia se sit\u00faa en 7.788: 843 en la provincia de Castell\u00f3n, 2.988 en la de Alicante y 3.957 en la de Valencia.<\/p>\n\n\n\n<p>De acuerdo con los datos registrados, en estos momentos hay 2.383 casos activos, lo que supone un 0,46% del total de positivos.<\/p>\n\n\n\n<p>Desde la \u00faltima actualizaci\u00f3n, no se ha registrado ning\u00fan brote con 10 o m\u00e1s casos asociados.<\/p>\n","protected":false},"excerpt":{"rendered":"<div class=\"mh-excerpt\">Nuevos casos por provincias: 37 en Castell\u00f3n, 68 en Alicante y 77 en Valencia Un total de 3.997.296 personas cuentan ya con la pauta completa de inmunizaci\u00f3n Un total de 4.055.432 personas han recibido ya <a class=\"mh-excerpt-more\" href=\"https:\/\/www.tucomarca.com\/wordpress\/segunda\/sanidad-notifica-182-nuevos-casos-de-coronavirus-y-264-altas-en-la-comunitat-valenciana\/\" title=\"Sanidad notifica 182 nuevos casos de coronavirus y 264 altas en la Comunitat Valenciana\">[+] <\/a><\/div>\n","protected":false},"author":12,"featured_media":141875,"comment_status":"open","ping_status":"open","sticky":false,"template":"","format":"standard","meta":{"footnotes":""},"categories":[119,12201,128,8,72,117,142,3,116,45],"tags":[10635,11937,11938,13475,1973],"class_list":{"0":"post-141872","1":"post","2":"type-post","3":"status-publish","4":"format-standard","5":"has-post-thumbnail","7":"category-sanidad-la-comarca","8":"category-covid-19","9":"category-infraestructuras","10":"category-la-comarca","11":"category-sin-categorizar","12":"category-medio-ambiente-la-comarca","13":"category-politica-la-comarca","14":"category-seccion","15":"category-sucesos-la-comarca","16":"category-ventana","17":"tag-conselleria-de-sanitat","18":"tag-coronavirus","19":"tag-covid-19","20":"tag-datos-de-contagios","21":"tag-vacunacion"},"_links":{"self":[{"href":"https:\/\/www.tucomarca.com\/wordpress\/segunda\/wp-json\/wp\/v2\/posts\/141872","targetHints":{"allow":["GET"]}}],"collection":[{"href":"https:\/\/www.tucomarca.com\/wordpress\/segunda\/wp-json\/wp\/v2\/posts"}],"about":[{"href":"https:\/\/www.tucomarca.com\/wordpress\/segunda\/wp-json\/wp\/v2\/types\/post"}],"author":[{"embeddable":true,"href":"https:\/\/www.tucomarca.com\/wordpress\/segunda\/wp-json\/wp\/v2\/users\/12"}],"replies":[{"embeddable":true,"href":"https:\/\/www.tucomarca.com\/wordpress\/segunda\/wp-json\/wp\/v2\/comments?post=141872"}],"version-history":[{"count":0,"href":"https:\/\/www.tucomarca.com\/wordpress\/segunda\/wp-json\/wp\/v2\/posts\/141872\/revisions"}],"wp:featuredmedia":[{"embeddable":true,"href":"https:\/\/www.tucomarca.com\/wordpress\/segunda\/wp-json\/wp\/v2\/media\/141875"}],"wp:attachment":[{"href":"https:\/\/www.tucomarca.com\/wordpress\/segunda\/wp-json\/wp\/v2\/media?parent=141872"}],"wp:term":[{"taxonomy":"category","embeddable":true,"href":"https:\/\/www.tucomarca.com\/wordpress\/segunda\/wp-json\/wp\/v2\/categories?post=141872"},{"taxonomy":"post_tag","embeddable":true,"href":"https:\/\/www.tucomarca.com\/wordpress\/segunda\/wp-json\/wp\/v2\/tags?post=141872"}],"curies":[{"name":"wp","href":"https:\/\/api.w.org\/{rel}","templated":true}]}}