{"id":141947,"date":"2021-10-02T10:00:00","date_gmt":"2021-10-02T09:00:00","guid":{"rendered":"http:\/\/www.tucomarca.com\/wordpress\/segunda\/?p=141947"},"modified":"2021-10-03T10:41:15","modified_gmt":"2021-10-03T09:41:15","slug":"amparo-santonja-nueva-secretaria-local-de-mes-compromis-benifaio","status":"publish","type":"post","link":"https:\/\/www.tucomarca.com\/wordpress\/segunda\/amparo-santonja-nueva-secretaria-local-de-mes-compromis-benifaio\/","title":{"rendered":"Amparo Santonja nueva secretaria local de M\u00e9s Comprom\u00eds Benifai\u00f3"},"content":{"rendered":"\n<h4 class=\"wp-block-heading\">Amparo Santonja Izquierdo ha sido elegida nueva secretaria del colectivo local de M\u00e9s Comprom\u00eds en la poblaci\u00f3n Benifai\u00f3.<\/h4>\n\n\n\n<p>Los asistentes al Congreso local dieron su apoyo un\u00e1nime a la candidatura encabezada por Amparo Santonja. Adem\u00e1s, la nueva ejecutiva local tambi\u00e9n estar\u00e1 formada por Rosana Celdr\u00e1n, Secretaria de Organizaci\u00f3n y Finanzas; Evarist Vicente, Secretario de Estrategia y Comunicaci\u00f3n; Vicent Duart, Secretario de Acci\u00f3n Pol\u00edtica e Institucional; y Pere Duart, representante de JOVES PV Comprom\u00eds en Benifai\u00f3.<\/p>\n\n\n\n<p>La nueva secretaria local Amparo Santonja, licenciada en Derecho y en Ciencias Pol\u00edticas, y trabajadora del Ayuntamiento de Benifai\u00f3, se ha mostrado agradecida e ilusionada y ha establecido como prioridad la reactivaci\u00f3n del colectivo local que ha visto afectada su actividad como consecuencia de la Pandemia. Tambi\u00e9n ha animado a la militancia a trabajar para fortalecer la agrupaci\u00f3n ante las pr\u00f3ximas elecciones.<\/p>\n\n\n\n<p>Asistieron tambi\u00e9n al acto Marta Grau, regidora de Comprom\u00eds en el Ayuntamiento de Benifai\u00f3 y Eduard G\u00f3mez, Portavoz del Grupo Municipal y secretario de organizaci\u00f3n en la ejecutiva comarcal de M\u00e9s Comprom\u00eds.<\/p>\n\n\n\n<p>El Congreso celebrado en Benifai\u00f3 se enmarca en el proceso congresual de la formaci\u00f3n valencianista que se inici\u00f3 el pasado mes de junio en Val\u00e8ncia con la elecci\u00f3n de la nueva ejecutiva territorial del anterior BLOC refundado como M\u00e9s Comprom\u00eds.<\/p>\n","protected":false},"excerpt":{"rendered":"<div class=\"mh-excerpt\">Amparo Santonja Izquierdo ha sido elegida nueva secretaria del colectivo local de M\u00e9s Comprom\u00eds en la poblaci\u00f3n Benifai\u00f3. Los asistentes al Congreso local dieron su apoyo un\u00e1nime a la candidatura encabezada por Amparo Santonja. Adem\u00e1s, <a class=\"mh-excerpt-more\" href=\"https:\/\/www.tucomarca.com\/wordpress\/segunda\/amparo-santonja-nueva-secretaria-local-de-mes-compromis-benifaio\/\" title=\"Amparo Santonja nueva secretaria local de M\u00e9s Comprom\u00eds Benifai\u00f3\">[+] <\/a><\/div>\n","protected":false},"author":12,"featured_media":141949,"comment_status":"open","ping_status":"open","sticky":false,"template":"","format":"standard","meta":{"footnotes":""},"categories":[267,8,42,142,3],"tags":[15567,10460,15566,1407],"class_list":{"0":"post-141947","1":"post","2":"type-post","3":"status-publish","4":"format-standard","5":"has-post-thumbnail","7":"category-benifaio","8":"category-la-comarca","9":"category-la-ribera","10":"category-politica-la-comarca","11":"category-seccion","12":"tag-amparo-santonja","13":"tag-benifaio","14":"tag-mes-compromis-benifaio","15":"tag-ribera-alta"},"_links":{"self":[{"href":"https:\/\/www.tucomarca.com\/wordpress\/segunda\/wp-json\/wp\/v2\/posts\/141947","targetHints":{"allow":["GET"]}}],"collection":[{"href":"https:\/\/www.tucomarca.com\/wordpress\/segunda\/wp-json\/wp\/v2\/posts"}],"about":[{"href":"https:\/\/www.tucomarca.com\/wordpress\/segunda\/wp-json\/wp\/v2\/types\/post"}],"author":[{"embeddable":true,"href":"https:\/\/www.tucomarca.com\/wordpress\/segunda\/wp-json\/wp\/v2\/users\/12"}],"replies":[{"embeddable":true,"href":"https:\/\/www.tucomarca.com\/wordpress\/segunda\/wp-json\/wp\/v2\/comments?post=141947"}],"version-history":[{"count":0,"href":"https:\/\/www.tucomarca.com\/wordpress\/segunda\/wp-json\/wp\/v2\/posts\/141947\/revisions"}],"wp:featuredmedia":[{"embeddable":true,"href":"https:\/\/www.tucomarca.com\/wordpress\/segunda\/wp-json\/wp\/v2\/media\/141949"}],"wp:attachment":[{"href":"https:\/\/www.tucomarca.com\/wordpress\/segunda\/wp-json\/wp\/v2\/media?parent=141947"}],"wp:term":[{"taxonomy":"category","embeddable":true,"href":"https:\/\/www.tucomarca.com\/wordpress\/segunda\/wp-json\/wp\/v2\/categories?post=141947"},{"taxonomy":"post_tag","embeddable":true,"href":"https:\/\/www.tucomarca.com\/wordpress\/segunda\/wp-json\/wp\/v2\/tags?post=141947"}],"curies":[{"name":"wp","href":"https:\/\/api.w.org\/{rel}","templated":true}]}}