{"id":141961,"date":"2021-10-04T02:30:00","date_gmt":"2021-10-04T01:30:00","guid":{"rendered":"http:\/\/www.tucomarca.com\/wordpress\/segunda\/?p=141961"},"modified":"2021-10-04T02:40:49","modified_gmt":"2021-10-04T01:40:49","slug":"opinion-lo-tengo-muy-claro-por-joseh-larrazabal","status":"publish","type":"post","link":"https:\/\/www.tucomarca.com\/wordpress\/segunda\/opinion-lo-tengo-muy-claro-por-joseh-larrazabal\/","title":{"rendered":"Opini\u00f3n: \u00abLo tengo muy claro\u00bb, por J\u00f3seh Larraz\u00e1bal"},"content":{"rendered":"\n<figure class=\"wp-block-image size-large is-resized\"><img loading=\"lazy\" decoding=\"async\" src=\"https:\/\/www.tucomarca.com\/wordpress\/segunda\/wp-content\/uploads\/2021\/07\/JoseLarrazabal-1024x1024.jpg\" alt=\"\" class=\"wp-image-136627\" width=\"203\" height=\"203\" srcset=\"https:\/\/www.tucomarca.com\/wordpress\/segunda\/wp-content\/uploads\/2021\/07\/JoseLarrazabal-1024x1024.jpg 1024w, https:\/\/www.tucomarca.com\/wordpress\/segunda\/wp-content\/uploads\/2021\/07\/JoseLarrazabal-300x300.jpg 300w, https:\/\/www.tucomarca.com\/wordpress\/segunda\/wp-content\/uploads\/2021\/07\/JoseLarrazabal-290x290.jpg 290w, https:\/\/www.tucomarca.com\/wordpress\/segunda\/wp-content\/uploads\/2021\/07\/JoseLarrazabal-768x768.jpg 768w, https:\/\/www.tucomarca.com\/wordpress\/segunda\/wp-content\/uploads\/2021\/07\/JoseLarrazabal.jpg 1086w\" sizes=\"auto, (max-width: 203px) 100vw, 203px\" \/><\/figure>\n\n\n\n<p>La prensa valenciana salvo alguna excepci\u00f3n es una lacra para la trayectoria hist\u00f3rica del vcf.<\/p>\n\n\n\n<p>&nbsp;Ellos, los periodistas, y no otros, son los responsables del estancamiento y mediocridad eterna del vcf.<\/p>\n\n\n\n<p>&nbsp; Siempre se al\u00edan con el m\u00e1s fuerte y este es el club.<\/p>\n\n\n\n<p>&nbsp;Es dram\u00e1tico para el crecimiento del vcf y lo peor es que van de valencianistas y venden afecci\u00f3n y Sentiment cuando a ellos solo les mueve el beneficio y la rentabilidad.<\/p>\n\n\n\n<p>&nbsp; Es la prensa la que espolea o frena a la afici\u00f3n, la que transmite los mensajes del club a la afici\u00f3n, \u00abarregladitos\u00bb a su manera, y la que manipula a una afici\u00f3n, mayoritariamente conformista e ingenua, que unas veces m\u00e1s y otras menos se traga lo que los voceros del club publican por medio de papel, internet o audiovisuales. De esta forma son ellos los que determinan la actitud mayoritaria de los aficionados y por tanto la presi\u00f3n que estos ejercen o no hac\u00eda el club. As\u00ed que para m\u00ed&#8230; \u00abCulpables.\u00bb<\/p>\n\n\n\n<p>&nbsp; Me hace gracia comprobar como el vcf que empez\u00f3 ganando los 4 primeros partidos de liga, eso s\u00ed a equipos bajos de la tabla, fue motivo de euforia desmesurada para muchos aficionados que ya abogaban por \u00abir a por la liga\u00bb y ahora que en apenas 2-3 semanas ocupan el 10\u00ba lugar de la clasificaci\u00f3n dicen que es pronto y que hay que esperar. \u00bfEn qu\u00e9 quedamos? \u00bfSe pueden sacar conclusiones al cuarto partido pero no al 8\u00ba? que me lo expliquen.<\/p>\n\n\n\n<p>&nbsp; Miren yo lo tengo muy claro desde las 24 horas del 31 de Agosto, fecha en que se cerr\u00f3 el mercado de fichajes, y tengo claro que Bordal\u00e1s solo es entrenador para \u00abun Valencia\u00bb, este \u00abValencia de Lim\u00bb, que no tiene ninguna ambici\u00f3n ni objetivos, y lo tengo todo muy claro porque la plantilla del \u00abValencia de Lim\u00bb no da para mucho m\u00e1s que quedar en la parte media de la tabla, con suerte.<\/p>\n\n\n\n<p>&nbsp; Tampoco entiendo, como me canso de decir, que se critique a Lim y a la gran mayor\u00eda de la prensa valenciana y que no se quiera ver que si el vcf ha bajado de col\u00edder a 3\u00ba y de 3\u00ba a 5\u00ba y de ah\u00ed a 8\u00ba es porque el nivel de la plantilla es mediocre.&nbsp; All\u00e1 cada cual yo lo tengo muy claro y, o se va Lim o acabaremos m\u00e1s hundidos en la miseria de lo que ya estamos.<\/p>\n\n\n\n<p>&nbsp; \u00daltimos en la lista de l\u00edmites salariales con 30 m de euros de presupuesto.<\/p>\n\n\n\n<p>&nbsp; Zor\u00edo quiere comprar las acciones a Lim y este que dice que va a hacer ampliaci\u00f3n de capital para comprar m\u00e1s de las citadas acciones, cuando su desafecci\u00f3n, desapego y desinter\u00e9s por el vcf es total.Ni siquiera vino al partido contra el Real Madrid en Mestalla cuando el vcf tras cuatro partidos era colider con el mism\u00edsimo Madrid.<\/p>\n\n\n\n<p>&nbsp;Sr Lim \u00bfque hace vd en el vcf, porque no se ha ido ya?. Ser propietario de una empresa y no tener ning\u00fan inter\u00e9s por ella es de necios, no se entiende.<\/p>\n\n\n\n<p>&nbsp; V\u00e1yase ya y d\u00e9jenos en paz.<\/p>\n\n\n\n<p>&nbsp; El vcf quiere seguir caminando pero ni vd ni sus medios institucionales y oficialistas le dejan.<\/p>\n\n\n\n<p>&nbsp; V\u00e1yase Sr Lim v\u00e1yase y d\u00e9jenos en paz.<\/p>\n","protected":false},"excerpt":{"rendered":"<div class=\"mh-excerpt\">La prensa valenciana salvo alguna excepci\u00f3n es una lacra para la trayectoria hist\u00f3rica del vcf. &nbsp;Ellos, los periodistas, y no otros, son los responsables del estancamiento y mediocridad eterna del vcf. &nbsp; Siempre se al\u00edan <a class=\"mh-excerpt-more\" href=\"https:\/\/www.tucomarca.com\/wordpress\/segunda\/opinion-lo-tengo-muy-claro-por-joseh-larrazabal\/\" title=\"Opini\u00f3n: \u00abLo tengo muy claro\u00bb, por J\u00f3seh Larraz\u00e1bal\">[+] <\/a><\/div>\n","protected":false},"author":1,"featured_media":136627,"comment_status":"open","ping_status":"open","sticky":false,"template":"","format":"standard","meta":{"footnotes":""},"categories":[18,50,3358,6,72,10,30,90,3],"tags":[10379,2802,55,1810],"class_list":{"0":"post-141961","1":"post","2":"type-post","3":"status-publish","4":"format-standard","5":"has-post-thumbnail","7":"category-bunol","8":"category-futbol-deportes","9":"category-canal-valencia-cf","10":"category-deportes","11":"category-sin-categorizar","12":"category-la-hoya","13":"category-opinion","14":"category-opinion-opinion","15":"category-seccion","16":"tag-deportes","17":"tag-esport","18":"tag-opinion-3","19":"tag-valencia-cf"},"_links":{"self":[{"href":"https:\/\/www.tucomarca.com\/wordpress\/segunda\/wp-json\/wp\/v2\/posts\/141961","targetHints":{"allow":["GET"]}}],"collection":[{"href":"https:\/\/www.tucomarca.com\/wordpress\/segunda\/wp-json\/wp\/v2\/posts"}],"about":[{"href":"https:\/\/www.tucomarca.com\/wordpress\/segunda\/wp-json\/wp\/v2\/types\/post"}],"author":[{"embeddable":true,"href":"https:\/\/www.tucomarca.com\/wordpress\/segunda\/wp-json\/wp\/v2\/users\/1"}],"replies":[{"embeddable":true,"href":"https:\/\/www.tucomarca.com\/wordpress\/segunda\/wp-json\/wp\/v2\/comments?post=141961"}],"version-history":[{"count":0,"href":"https:\/\/www.tucomarca.com\/wordpress\/segunda\/wp-json\/wp\/v2\/posts\/141961\/revisions"}],"wp:featuredmedia":[{"embeddable":true,"href":"https:\/\/www.tucomarca.com\/wordpress\/segunda\/wp-json\/wp\/v2\/media\/136627"}],"wp:attachment":[{"href":"https:\/\/www.tucomarca.com\/wordpress\/segunda\/wp-json\/wp\/v2\/media?parent=141961"}],"wp:term":[{"taxonomy":"category","embeddable":true,"href":"https:\/\/www.tucomarca.com\/wordpress\/segunda\/wp-json\/wp\/v2\/categories?post=141961"},{"taxonomy":"post_tag","embeddable":true,"href":"https:\/\/www.tucomarca.com\/wordpress\/segunda\/wp-json\/wp\/v2\/tags?post=141961"}],"curies":[{"name":"wp","href":"https:\/\/api.w.org\/{rel}","templated":true}]}}