{"id":142138,"date":"2021-10-06T07:00:00","date_gmt":"2021-10-06T06:00:00","guid":{"rendered":"http:\/\/www.tucomarca.com\/wordpress\/segunda\/?p=142138"},"modified":"2021-10-08T01:54:21","modified_gmt":"2021-10-08T00:54:21","slug":"la-mancomunidad-hoya-de-bunol-chiva-promovera-el-turismo-en-la-comarca-con-mas-de-20-acciones","status":"publish","type":"post","link":"https:\/\/www.tucomarca.com\/wordpress\/segunda\/la-mancomunidad-hoya-de-bunol-chiva-promovera-el-turismo-en-la-comarca-con-mas-de-20-acciones\/","title":{"rendered":"La Mancomunidad Hoya de Bu\u00f1ol-Chiva promover\u00e1 el turismo en la comarca con m\u00e1s de 20 acciones"},"content":{"rendered":"\n<h4 class=\"wp-block-heading\">El Plan de Dinamizaci\u00f3n Tur\u00edstica se encuentra en su segundo a\u00f1o de ejecuci\u00f3n y contempla la creaci\u00f3n de una imagen de marca, el dise\u00f1o y se\u00f1alizaci\u00f3n de rutas senderistas y otras acciones promocionales que se est\u00e1n ultimando<\/h4>\n\n\n\n<h4 class=\"wp-block-heading\">El objetivo es aunar esfuerzos de todos los municipios integrantes para promover un turismo integral que potencie los valores conjuntos de la comarca somo son naturaleza, gastronom\u00eda y el patrimonio hist\u00f3rico-cultural<\/h4>\n\n\n\n<figure class=\"wp-block-gallery columns-2 is-cropped wp-block-gallery-1 is-layout-flex wp-block-gallery-is-layout-flex\"><ul class=\"blocks-gallery-grid\"><li class=\"blocks-gallery-item\"><figure><img loading=\"lazy\" decoding=\"async\" width=\"1024\" height=\"767\" src=\"https:\/\/www.tucomarca.com\/wordpress\/segunda\/wp-content\/uploads\/2021\/10\/TurismoHoya4-1024x767.jpg\" alt=\"\" data-id=\"142142\" data-full-url=\"https:\/\/www.tucomarca.com\/wordpress\/segunda\/wp-content\/uploads\/2021\/10\/TurismoHoya4.jpg\" data-link=\"https:\/\/www.tucomarca.com\/wordpress\/segunda\/?attachment_id=142142\" class=\"wp-image-142142\" srcset=\"https:\/\/www.tucomarca.com\/wordpress\/segunda\/wp-content\/uploads\/2021\/10\/TurismoHoya4-1024x767.jpg 1024w, https:\/\/www.tucomarca.com\/wordpress\/segunda\/wp-content\/uploads\/2021\/10\/TurismoHoya4-300x225.jpg 300w, https:\/\/www.tucomarca.com\/wordpress\/segunda\/wp-content\/uploads\/2021\/10\/TurismoHoya4-768x576.jpg 768w, https:\/\/www.tucomarca.com\/wordpress\/segunda\/wp-content\/uploads\/2021\/10\/TurismoHoya4-678x509.jpg 678w, https:\/\/www.tucomarca.com\/wordpress\/segunda\/wp-content\/uploads\/2021\/10\/TurismoHoya4-326x245.jpg 326w, https:\/\/www.tucomarca.com\/wordpress\/segunda\/wp-content\/uploads\/2021\/10\/TurismoHoya4-80x60.jpg 80w, https:\/\/www.tucomarca.com\/wordpress\/segunda\/wp-content\/uploads\/2021\/10\/TurismoHoya4.jpg 1181w\" sizes=\"auto, (max-width: 1024px) 100vw, 1024px\" \/><\/figure><\/li><li class=\"blocks-gallery-item\"><figure><img loading=\"lazy\" decoding=\"async\" width=\"1024\" height=\"511\" src=\"https:\/\/www.tucomarca.com\/wordpress\/segunda\/wp-content\/uploads\/2021\/10\/TurismoHoya5-1024x511.jpg\" alt=\"\" data-id=\"142144\" data-full-url=\"https:\/\/www.tucomarca.com\/wordpress\/segunda\/wp-content\/uploads\/2021\/10\/TurismoHoya5.jpg\" data-link=\"https:\/\/www.tucomarca.com\/wordpress\/segunda\/?attachment_id=142144\" class=\"wp-image-142144\" srcset=\"https:\/\/www.tucomarca.com\/wordpress\/segunda\/wp-content\/uploads\/2021\/10\/TurismoHoya5-1024x511.jpg 1024w, https:\/\/www.tucomarca.com\/wordpress\/segunda\/wp-content\/uploads\/2021\/10\/TurismoHoya5-300x150.jpg 300w, https:\/\/www.tucomarca.com\/wordpress\/segunda\/wp-content\/uploads\/2021\/10\/TurismoHoya5-768x383.jpg 768w, https:\/\/www.tucomarca.com\/wordpress\/segunda\/wp-content\/uploads\/2021\/10\/TurismoHoya5.jpg 1181w\" sizes=\"auto, (max-width: 1024px) 100vw, 1024px\" \/><\/figure><\/li><\/ul><\/figure>\n\n\n\n<p>La Mancomunidad Hoya de Bu\u00f1ol-Chiva, en el marco del Plan de Gobernanza y Dinamizaci\u00f3n Tur\u00edstica, se encuentra ultimando las acciones que servir\u00e1n para promover y revitalizar el turismo en la comarca y crear sinergias entre todos los municipios que conforman la mancomunidad. &nbsp;<\/p>\n\n\n\n<p>Entre las m\u00e1s de 20 acciones que se contemplan destacan, por un lado, la creaci\u00f3n de una imagen de marca tur\u00edstica que represente a todo el territorio a trav\u00e9s de un elemento gr\u00e1fico central. Por otro lado, la adecuaci\u00f3n, mejora y difusi\u00f3n de una red de rutas senderistas que comuniquen los doce municipios en diversos itinerarios, as\u00ed como la creaci\u00f3n de una red de cicloturismo que permita al viajero en bicicleta recorrer la mancomunidad en tres o cuatro d\u00edas visitando los lugares de inter\u00e9s cultural, natural y gastron\u00f3mico. &nbsp;<\/p>\n\n\n\n<p>El pr\u00f3ximo fin de semana, en concreto el 9 de octubre, se va a realizar un \u2018press trip\u2019 o encuentro con los medios, tanto especializados en viajes como blogueros del sector y prensa generalista, que dar\u00e1n difusi\u00f3n y contribuir\u00e1n a dar una mayor visibilidad a todos los atractivos tur\u00edsticos de la zona.<\/p>\n\n\n\n<p>Otra de las iniciativas que se incluyen en el proyecto consiste en la realizaci\u00f3n de una Feria Gastron\u00f3mica o escaparate abierto al p\u00fablico para dar a conocer los productos t\u00edpicos de esta comarca del interior valenciano, y que tendr\u00e1 lugar los d\u00edas 15, 16 y 17 de octubre en Ruzafa Studio, en Val\u00e8ncia.<\/p>\n\n\n\n<p>El presidente de la Mancomunidad Hoya de Bu\u00f1ol-Chiva y alcalde de Y\u00e1tova, Miguel Esteban T\u00f3rtola, se ha mostrado muy satisfecho ante el avance del plan, despu\u00e9s de los retrasos sufridos el \u00faltimo a\u00f1o por la pandemia y ha destacado que \u201ceste plan es la pieza que faltaba para unir a todos los municipios de la comarca y trabajar conjuntamente para revitalizar tur\u00edsticamente un territorio con un inmenso potencial por su proximidad a la ciudad de Valencia\u201d.<\/p>\n\n\n\n<p>El Plan de Gobernanza y Dinamizaci\u00f3n Tur\u00edstica de la Mancomunidad Hoya de Bu\u00f1ol-Chiva est\u00e1 dividido en tres anualidades de ejecuci\u00f3n, siendo la actual la segunda fracci\u00f3n. El pasado a\u00f1o, debido a la situaci\u00f3n sanitaria, \u00fanicamente se pudo desarrollar el 30% del proyecto pero este a\u00f1o, con una mejor situaci\u00f3n, y con todas las dotaciones ya en marcha, se prev\u00e9 el completo desarrollo de todas las iniciativas planteadas.&nbsp;<\/p>\n\n\n\n<p>La Mancomunidad Hoya de Bu\u00f1ol-Chiva comprende los municipios de Alborache, Bu\u00f1ol, Cheste, Chiva, Dos Aguas, Godelleta, Macastre, Millares, Siete Aguas, Tur\u00eds, Y\u00e1tova y Cortes de Pall\u00e1s.&nbsp;<\/p>\n","protected":false},"excerpt":{"rendered":"<div class=\"mh-excerpt\">El Plan de Dinamizaci\u00f3n Tur\u00edstica se encuentra en su segundo a\u00f1o de ejecuci\u00f3n y contempla la creaci\u00f3n de una imagen de marca, el dise\u00f1o y se\u00f1alizaci\u00f3n de rutas senderistas y otras acciones promocionales que se <a class=\"mh-excerpt-more\" href=\"https:\/\/www.tucomarca.com\/wordpress\/segunda\/la-mancomunidad-hoya-de-bunol-chiva-promovera-el-turismo-en-la-comarca-con-mas-de-20-acciones\/\" title=\"La Mancomunidad Hoya de Bu\u00f1ol-Chiva promover\u00e1 el turismo en la comarca con m\u00e1s de 20 acciones\">[+] <\/a><\/div>\n","protected":false},"author":12,"featured_media":142140,"comment_status":"open","ping_status":"open","sticky":false,"template":"","format":"standard","meta":{"footnotes":""},"categories":[19,18,17,16,15,14,128,8,10,13,117,3,12,11],"tags":[5952,11513,15591],"class_list":{"0":"post-142138","1":"post","2":"type-post","3":"status-publish","4":"format-standard","5":"has-post-thumbnail","7":"category-alborache","8":"category-bunol","9":"category-cheste","10":"category-chiva","11":"category-dos-aguas","12":"category-godelleta","13":"category-infraestructuras","14":"category-la-comarca","15":"category-la-hoya","16":"category-macastre","17":"category-medio-ambiente-la-comarca","18":"category-seccion","19":"category-siete-aguas","20":"category-yatova","21":"tag-la-hoya-de-bunol-chiva","22":"tag-mancomunidad-de-la-hoya-de-bunol-chiva","23":"tag-plan-de-dinamizacion-turistica"},"_links":{"self":[{"href":"https:\/\/www.tucomarca.com\/wordpress\/segunda\/wp-json\/wp\/v2\/posts\/142138","targetHints":{"allow":["GET"]}}],"collection":[{"href":"https:\/\/www.tucomarca.com\/wordpress\/segunda\/wp-json\/wp\/v2\/posts"}],"about":[{"href":"https:\/\/www.tucomarca.com\/wordpress\/segunda\/wp-json\/wp\/v2\/types\/post"}],"author":[{"embeddable":true,"href":"https:\/\/www.tucomarca.com\/wordpress\/segunda\/wp-json\/wp\/v2\/users\/12"}],"replies":[{"embeddable":true,"href":"https:\/\/www.tucomarca.com\/wordpress\/segunda\/wp-json\/wp\/v2\/comments?post=142138"}],"version-history":[{"count":0,"href":"https:\/\/www.tucomarca.com\/wordpress\/segunda\/wp-json\/wp\/v2\/posts\/142138\/revisions"}],"wp:featuredmedia":[{"embeddable":true,"href":"https:\/\/www.tucomarca.com\/wordpress\/segunda\/wp-json\/wp\/v2\/media\/142140"}],"wp:attachment":[{"href":"https:\/\/www.tucomarca.com\/wordpress\/segunda\/wp-json\/wp\/v2\/media?parent=142138"}],"wp:term":[{"taxonomy":"category","embeddable":true,"href":"https:\/\/www.tucomarca.com\/wordpress\/segunda\/wp-json\/wp\/v2\/categories?post=142138"},{"taxonomy":"post_tag","embeddable":true,"href":"https:\/\/www.tucomarca.com\/wordpress\/segunda\/wp-json\/wp\/v2\/tags?post=142138"}],"curies":[{"name":"wp","href":"https:\/\/api.w.org\/{rel}","templated":true}]}}