{"id":142187,"date":"2021-10-06T07:04:00","date_gmt":"2021-10-06T06:04:00","guid":{"rendered":"http:\/\/www.tucomarca.com\/wordpress\/segunda\/?p=142187"},"modified":"2021-10-08T02:12:43","modified_gmt":"2021-10-08T01:12:43","slug":"bunol-ofrece-un-interesante-debate-sobre-valencianismo-por-la-festividad-del-9-de-octubre","status":"publish","type":"post","link":"https:\/\/www.tucomarca.com\/wordpress\/segunda\/bunol-ofrece-un-interesante-debate-sobre-valencianismo-por-la-festividad-del-9-de-octubre\/","title":{"rendered":"Bu\u00f1ol ofrece un interesante debate sobre valencianismo por la festividad del 9 de Octubre"},"content":{"rendered":"\n<h4 class=\"wp-block-heading\">El pr\u00f3ximo 9 de octubre a partir de las 12,00 h podr\u00e1n verlo todos los televidentes de la televisi\u00f3n municipal por streaming.<\/h4>\n\n\n\n<p>Radio Bu\u00f1ol TV arranca su nueva programaci\u00f3n el pasado 1 de octubre con horario de ma\u00f1ana y tarde todos los d\u00edas de la semana. Una de las novedades de la pasada temporada fue el programa de debate de nuestra televisi\u00f3n por streaming Espacio Abierto. Ahora llega una nueva edici\u00f3n. Podr\u00e1 verse a partir del pr\u00f3ximo s\u00e1bado 9 de octubre a las 12h a trav\u00e9s del canal de Youtube de Radio Bu\u00f1ol TV.&nbsp;<\/p>\n\n\n\n<p>Manuel Sierra, concejal de Comunicaci\u00f3n del Ayuntamiento de Bu\u00f1ol, confirmaba que este nuevo programa, que cuenta en esta ocasi\u00f3n con nuevo presentador, Juan Jos\u00e9 Ram\u00edrez, trata de la festividad del 9 de octubre en la Comunitat Valenciana. Sus contertulios charlaron de historia y actualidad de esta autonom\u00eda. Intervinieron Manel Pastor, historiador y profesor; Kilian Cuerda, presidente de la Associaci\u00f3 Cultural \u00c9s Pa\u00eds Valenci\u00e0 y profesor de Geograf\u00eda e Historia; y Amadeu Mezquida, polit\u00f3logo y Secretario del grupo municipal de Comprom\u00eds en el Ayuntamiento de Valencia. En esta nueva temporada se alternar\u00e1n las presentaciones a cargo del colaborador de Radio Bu\u00f1ol TV, Crist\u00f3bal Haro, y Juan Jos\u00e9 Ram\u00edrez, que se ha estrenado con este programa especial.&nbsp;<\/p>\n\n\n\n<p>\u201cLa intenci\u00f3n por parte de la concejal\u00eda es realizar un Espacio Abierto mensual como m\u00ednimo y por ello se entendi\u00f3 que, dado que la programaci\u00f3n de invierno comienza en octubre, era un buen tema a tratar el valencianismo, aprovechando que el D\u00eda de la Comunitat Valenciana es el 9 de Octubre. Esperamos que esta nueva temporada sea del agrado de todos los televidentes de nuestra televisi\u00f3n local\u201d, finaliz\u00f3 el edil bu\u00f1olense.<\/p>\n\n\n\n<p>Por su parte, el presentador de este magn\u00edfico programa de una hora de duraci\u00f3n, Juan Jos\u00e9 Ram\u00edrez, afirmaba que este Espacio Abierto acerca este 9 de octubre a los espectadores a trav\u00e9s de un debate donde se pone sobre la mesa la enorme falta de recursos y de representaci\u00f3n del pueblo valenciano. En definitiva, confirma Juan Jos\u00e9 Ram\u00edrez, \u201cuna visi\u00f3n sin colores pero con una gran cr\u00edtica al pasado y al presente de la pol\u00edtica valenciana y con el objetivo de un futuro mejor para el sentimiento valenciano, y sin olvidar nuestra historia con una pizca de humor\u201d.<\/p>\n\n\n\n<p>A pesar de que podr\u00e1 verse a partir del 9 de octubre a las 12h por el canal de Youtube de Radio Bu\u00f1ol TV, tambi\u00e9n podr\u00e1 verse en la web de la televisi\u00f3n, tv.bu\u00f1ol.es, a partir del lunes, y tambi\u00e9n por redes y el canal de difusi\u00f3n de Whatsapp. No faltes a la cita.&nbsp;<\/p>\n","protected":false},"excerpt":{"rendered":"<div class=\"mh-excerpt\">El pr\u00f3ximo 9 de octubre a partir de las 12,00 h podr\u00e1n verlo todos los televidentes de la televisi\u00f3n municipal por streaming. Radio Bu\u00f1ol TV arranca su nueva programaci\u00f3n el pasado 1 de octubre con <a class=\"mh-excerpt-more\" href=\"https:\/\/www.tucomarca.com\/wordpress\/segunda\/bunol-ofrece-un-interesante-debate-sobre-valencianismo-por-la-festividad-del-9-de-octubre\/\" title=\"Bu\u00f1ol ofrece un interesante debate sobre valencianismo por la festividad del 9 de Octubre\">[+] <\/a><\/div>\n","protected":false},"author":12,"featured_media":142189,"comment_status":"open","ping_status":"open","sticky":false,"template":"","format":"standard","meta":{"footnotes":""},"categories":[18,10,3],"tags":[451,10385,5952,12138],"class_list":{"0":"post-142187","1":"post","2":"type-post","3":"status-publish","4":"format-standard","5":"has-post-thumbnail","7":"category-bunol","8":"category-la-hoya","9":"category-seccion","10":"tag-9-de-octubre","11":"tag-bunol","12":"tag-la-hoya-de-bunol-chiva","13":"tag-radio-bunol-tv"},"_links":{"self":[{"href":"https:\/\/www.tucomarca.com\/wordpress\/segunda\/wp-json\/wp\/v2\/posts\/142187","targetHints":{"allow":["GET"]}}],"collection":[{"href":"https:\/\/www.tucomarca.com\/wordpress\/segunda\/wp-json\/wp\/v2\/posts"}],"about":[{"href":"https:\/\/www.tucomarca.com\/wordpress\/segunda\/wp-json\/wp\/v2\/types\/post"}],"author":[{"embeddable":true,"href":"https:\/\/www.tucomarca.com\/wordpress\/segunda\/wp-json\/wp\/v2\/users\/12"}],"replies":[{"embeddable":true,"href":"https:\/\/www.tucomarca.com\/wordpress\/segunda\/wp-json\/wp\/v2\/comments?post=142187"}],"version-history":[{"count":0,"href":"https:\/\/www.tucomarca.com\/wordpress\/segunda\/wp-json\/wp\/v2\/posts\/142187\/revisions"}],"wp:featuredmedia":[{"embeddable":true,"href":"https:\/\/www.tucomarca.com\/wordpress\/segunda\/wp-json\/wp\/v2\/media\/142189"}],"wp:attachment":[{"href":"https:\/\/www.tucomarca.com\/wordpress\/segunda\/wp-json\/wp\/v2\/media?parent=142187"}],"wp:term":[{"taxonomy":"category","embeddable":true,"href":"https:\/\/www.tucomarca.com\/wordpress\/segunda\/wp-json\/wp\/v2\/categories?post=142187"},{"taxonomy":"post_tag","embeddable":true,"href":"https:\/\/www.tucomarca.com\/wordpress\/segunda\/wp-json\/wp\/v2\/tags?post=142187"}],"curies":[{"name":"wp","href":"https:\/\/api.w.org\/{rel}","templated":true}]}}