{"id":142589,"date":"2021-10-14T10:11:00","date_gmt":"2021-10-14T09:11:00","guid":{"rendered":"http:\/\/www.tucomarca.com\/wordpress\/segunda\/?p=142589"},"modified":"2021-10-14T22:13:48","modified_gmt":"2021-10-14T21:13:48","slug":"la-concejalia-de-deportes-del-ayuntamiento-de-bunol-y-la-falla-el-prado-colaboran-en-el-i-campeonato-de-truc-este-sabado-en-la-sala-el-mercado","status":"publish","type":"post","link":"https:\/\/www.tucomarca.com\/wordpress\/segunda\/la-concejalia-de-deportes-del-ayuntamiento-de-bunol-y-la-falla-el-prado-colaboran-en-el-i-campeonato-de-truc-este-sabado-en-la-sala-el-mercado\/","title":{"rendered":"La Concejal\u00eda de Deportes del Ayuntamiento de Bu\u00f1ol y la Falla El Prado colaboran en el I Campeonato de Truc este s\u00e1bado en la Sala El Mercado"},"content":{"rendered":"\n<h4 class=\"wp-block-heading\">Este s\u00e1bado 16 de octubre a partir de las 11,00 h en la Sala El Mercado de Bu\u00f1ol se organiza por primera vez un Campeonato de Truc. La Falla El Prado proporcionar\u00e1 el almuerzo, las bebidas y la comida para todos los asistentes.\u00a0<\/h4>\n\n\n\n<p>Se dan premios en met\u00e1lico seg\u00fan las inscripciones a 1\u00ba, 2\u00ba, 3\u00ba + Trofeo y 4\u00ba Premio cesta cortes\u00eda de La Dorada. El precio de la inscripci\u00f3n es de 40\u20ac por pareja. La comida y el almuerzo corre a cuenta de la Falla El Prado, que con todo lo recaudado ir\u00e1 directamente a esta falla. Deben llamar al 658 882 692 o al 618 981 543 para inscribirse.&nbsp;<\/p>\n\n\n\n<p><br>Paco Llopis, organizador de este evento, recuerda que todos los a\u00f1os se ha organizado tanto en la Falla El Prado como en la Falla Ventas de Bu\u00f1ol, \u201cpero tras coment\u00e1rselo al concejal de Deportes, Manuel Sierra, y dar el visto bueno en que pudiera organizarse en un espacio municipal amplio como es la Sala El Mercado, estamos encantados y muy agradecidos porque est\u00e1 apunt\u00e1ndose parejas procedentes de diversos puntos de la geograf\u00eda valenciana\u201d.<\/p>\n\n\n\n<p>Por su parte el edil del ramo, Manuel Sierra, tambi\u00e9n se ha mostrado muy esperanzado en que este Campeonato se consolide y forme parte del calendario anual de festejos deportivos del municipio.&nbsp;<\/p>\n","protected":false},"excerpt":{"rendered":"<div class=\"mh-excerpt\">Este s\u00e1bado 16 de octubre a partir de las 11,00 h en la Sala El Mercado de Bu\u00f1ol se organiza por primera vez un Campeonato de Truc. La Falla El Prado proporcionar\u00e1 el almuerzo, las <a class=\"mh-excerpt-more\" href=\"https:\/\/www.tucomarca.com\/wordpress\/segunda\/la-concejalia-de-deportes-del-ayuntamiento-de-bunol-y-la-falla-el-prado-colaboran-en-el-i-campeonato-de-truc-este-sabado-en-la-sala-el-mercado\/\" title=\"La Concejal\u00eda de Deportes del Ayuntamiento de Bu\u00f1ol y la Falla El Prado colaboran en el I Campeonato de Truc este s\u00e1bado en la Sala El Mercado\">[+] <\/a><\/div>\n","protected":false},"author":12,"featured_media":142591,"comment_status":"open","ping_status":"open","sticky":false,"template":"","format":"standard","meta":{"footnotes":""},"categories":[4,18,8,10,3],"tags":[10385,15648,15647,5952],"class_list":{"0":"post-142589","1":"post","2":"type-post","3":"status-publish","4":"format-standard","5":"has-post-thumbnail","7":"category-agenda","8":"category-bunol","9":"category-la-comarca","10":"category-la-hoya","11":"category-seccion","12":"tag-bunol","13":"tag-falla-el-prado","14":"tag-i-campeonato-de-truc","15":"tag-la-hoya-de-bunol-chiva"},"_links":{"self":[{"href":"https:\/\/www.tucomarca.com\/wordpress\/segunda\/wp-json\/wp\/v2\/posts\/142589","targetHints":{"allow":["GET"]}}],"collection":[{"href":"https:\/\/www.tucomarca.com\/wordpress\/segunda\/wp-json\/wp\/v2\/posts"}],"about":[{"href":"https:\/\/www.tucomarca.com\/wordpress\/segunda\/wp-json\/wp\/v2\/types\/post"}],"author":[{"embeddable":true,"href":"https:\/\/www.tucomarca.com\/wordpress\/segunda\/wp-json\/wp\/v2\/users\/12"}],"replies":[{"embeddable":true,"href":"https:\/\/www.tucomarca.com\/wordpress\/segunda\/wp-json\/wp\/v2\/comments?post=142589"}],"version-history":[{"count":0,"href":"https:\/\/www.tucomarca.com\/wordpress\/segunda\/wp-json\/wp\/v2\/posts\/142589\/revisions"}],"wp:featuredmedia":[{"embeddable":true,"href":"https:\/\/www.tucomarca.com\/wordpress\/segunda\/wp-json\/wp\/v2\/media\/142591"}],"wp:attachment":[{"href":"https:\/\/www.tucomarca.com\/wordpress\/segunda\/wp-json\/wp\/v2\/media?parent=142589"}],"wp:term":[{"taxonomy":"category","embeddable":true,"href":"https:\/\/www.tucomarca.com\/wordpress\/segunda\/wp-json\/wp\/v2\/categories?post=142589"},{"taxonomy":"post_tag","embeddable":true,"href":"https:\/\/www.tucomarca.com\/wordpress\/segunda\/wp-json\/wp\/v2\/tags?post=142589"}],"curies":[{"name":"wp","href":"https:\/\/api.w.org\/{rel}","templated":true}]}}