{"id":142611,"date":"2021-10-14T12:00:00","date_gmt":"2021-10-14T11:00:00","guid":{"rendered":"http:\/\/www.tucomarca.com\/wordpress\/segunda\/?p=142611"},"modified":"2021-10-14T22:03:53","modified_gmt":"2021-10-14T21:03:53","slug":"las-cooperativas-agroalimentarias-valencianas-siguen-avanzando-en-la-participacion-de-la-mujer-en-sus-organos-de-gestion-y-decision","status":"publish","type":"post","link":"https:\/\/www.tucomarca.com\/wordpress\/segunda\/las-cooperativas-agroalimentarias-valencianas-siguen-avanzando-en-la-participacion-de-la-mujer-en-sus-organos-de-gestion-y-decision\/","title":{"rendered":"Las cooperativas agroalimentarias valencianas siguen avanzando en la participaci\u00f3n de la mujer en sus \u00f3rganos de gesti\u00f3n y decisi\u00f3n"},"content":{"rendered":"\n<p>El sector cooperativo agroalimentario valenciano sigue avanzando en materia de Igualdad de Oportunidades, tal y como se desprende de las cifras de participaci\u00f3n de mujeres en la actividad de las cooperativas asociadas a Federaci\u00f3 y, m\u00e1s concretamente, en la presencia en \u00f3rganos de gesti\u00f3n y decisi\u00f3n.<\/p>\n\n\n\n<p>El \u00faltimo Informe de Participaci\u00f3n de las Mujeres en las Cooperativas Agroalimentarias Valencianas, elaborado por Federaci\u00f3 con datos correspondientes al cierre del ejercicio 2019, indica que 45.684 mujeres est\u00e1n asociadas a cooperativas, lo que supone un 26% de la base social. El mayor volumen de socias se encuentra en la provincia de Castell\u00f3n (22.971), seguida por Valencia (16.943) y Alicante (5.770).<\/p>\n\n\n\n<p>En el \u00e1mbito laboral, 8.607 de las 19.397 personas que trabajan en las cooperativas agroalimentarias valencianas son mujeres, lo que supone alrededor de un 45%, en l\u00ednea con los datos de ejercicios anteriores.<\/p>\n\n\n\n<p>Los avances m\u00e1s relevantes se producen en el \u00e1mbito de gesti\u00f3n y direcci\u00f3n. Un 42% de las cooperativas que proporcionaron informaci\u00f3n de su base social desglosada por g\u00e9nero para la elaboraci\u00f3n del Informe cuentan con al menos una mujer en su consejo rector, frente al 40% del ejercicio anterior. 184 mujeres forman parte de los consejos rectores de las cooperativas agroalimentarias valencianas, lo que supone un 7% del total de integrantes de estos \u00f3rganos de gobernanza. Cabe destacar tambi\u00e9n que 35 mujeres estaban a finales de 2019 al frente de la direcci\u00f3n o gerencia de una cooperativa, una cifra que se increment\u00f3 notablemente respecto al ejercicio anterior (30) y que ha crecido de forma constante durante los \u00faltimos a\u00f1os, pese a la estabilidad propia de estos puestos de trabajo.<\/p>\n\n\n\n<p><strong>Valoraciones<\/strong><\/p>\n\n\n\n<p>Lourdes Falc\u00f3, presidenta de la Cooperativa Agr\u00edcola San Isidro de la Vall d\u2019Uix\u00f3 y representante de Federaci\u00f3 en la Asociaci\u00f3n de Mujeres de Cooperativas Agro-alimentarias de Espa\u00f1a (AMCAE), destaca que \u201clas cifras que presentamos hablan de una evoluci\u00f3n creciente, pero a todas luces insuficiente, de la participaci\u00f3n de mujeres en nuestras cooperativas. Hemos de ser capaces de abrir, entre todos, los espacios de participaci\u00f3n y decisi\u00f3n a un mayor n\u00famero de mujeres. Desde Federaci\u00f3 trabajamos para fomentar entre ellas una mayor capacitaci\u00f3n para el desempe\u00f1o de las labores propias de estos cargos y queremos encontrar en la base social de nuestras cooperativas a mujeres dispuestas a dar ese paso adelante que permita visibilizar nuestra importancia en el sector\u201d.<\/p>\n\n\n\n<p>Falc\u00f3 tambi\u00e9n ha incidido en que \u201cla celebraci\u00f3n del D\u00eda Internacional de la Mujer Rural es una ocasi\u00f3n perfecta para seguir reivindicando el papel de la mujer en la agricultura valenciana, y hacer una llamada al conjunto del sector y a las Administraciones, para que la voluntad y el marco normativo se acompasen de forma efectiva a la hora de fomentar su participaci\u00f3n efectiva en nuestras cooperativas\u201d.<\/p>\n\n\n\n<p>Para cumplir estos objetivos, desde el Departamento de Igualdad de Cooperatives Agro-aliment\u00e0ries de la Comunitat Valenciana se trabaja desde hace a\u00f1os en diferentes l\u00edneas de actuaci\u00f3n en materia de sensibilizaci\u00f3n en consejos rectores, de visibilizaci\u00f3n, de formaci\u00f3n y de transferencia de conocimientos, tanto para cooperativas como para mujeres vinculadas a las mismas. Informa, <strong>Luis Ib\u00e1\u00f1ez.<\/strong><\/p>\n","protected":false},"excerpt":{"rendered":"<div class=\"mh-excerpt\">El sector cooperativo agroalimentario valenciano sigue avanzando en materia de Igualdad de Oportunidades, tal y como se desprende de las cifras de participaci\u00f3n de mujeres en la actividad de las cooperativas asociadas a Federaci\u00f3 y, <a class=\"mh-excerpt-more\" href=\"https:\/\/www.tucomarca.com\/wordpress\/segunda\/las-cooperativas-agroalimentarias-valencianas-siguen-avanzando-en-la-participacion-de-la-mujer-en-sus-organos-de-gestion-y-decision\/\" title=\"Las cooperativas agroalimentarias valencianas siguen avanzando en la participaci\u00f3n de la mujer en sus \u00f3rganos de gesti\u00f3n y decisi\u00f3n\">[+] <\/a><\/div>\n","protected":false},"author":12,"featured_media":142613,"comment_status":"open","ping_status":"open","sticky":false,"template":"","format":"standard","meta":{"footnotes":""},"categories":[169,128,8,72,27,3],"tags":[15652,15651],"class_list":{"0":"post-142611","1":"post","2":"type-post","3":"status-publish","4":"format-standard","5":"has-post-thumbnail","7":"category-agricultura-la-comarca","8":"category-infraestructuras","9":"category-la-comarca","10":"category-sin-categorizar","11":"category-requena-utiel","12":"category-seccion","13":"tag-amcae","14":"tag-federacio-en-la-asociacion-de-mujeres-de-cooperativas-agro-alimentarias-de-espana"},"_links":{"self":[{"href":"https:\/\/www.tucomarca.com\/wordpress\/segunda\/wp-json\/wp\/v2\/posts\/142611","targetHints":{"allow":["GET"]}}],"collection":[{"href":"https:\/\/www.tucomarca.com\/wordpress\/segunda\/wp-json\/wp\/v2\/posts"}],"about":[{"href":"https:\/\/www.tucomarca.com\/wordpress\/segunda\/wp-json\/wp\/v2\/types\/post"}],"author":[{"embeddable":true,"href":"https:\/\/www.tucomarca.com\/wordpress\/segunda\/wp-json\/wp\/v2\/users\/12"}],"replies":[{"embeddable":true,"href":"https:\/\/www.tucomarca.com\/wordpress\/segunda\/wp-json\/wp\/v2\/comments?post=142611"}],"version-history":[{"count":0,"href":"https:\/\/www.tucomarca.com\/wordpress\/segunda\/wp-json\/wp\/v2\/posts\/142611\/revisions"}],"wp:featuredmedia":[{"embeddable":true,"href":"https:\/\/www.tucomarca.com\/wordpress\/segunda\/wp-json\/wp\/v2\/media\/142613"}],"wp:attachment":[{"href":"https:\/\/www.tucomarca.com\/wordpress\/segunda\/wp-json\/wp\/v2\/media?parent=142611"}],"wp:term":[{"taxonomy":"category","embeddable":true,"href":"https:\/\/www.tucomarca.com\/wordpress\/segunda\/wp-json\/wp\/v2\/categories?post=142611"},{"taxonomy":"post_tag","embeddable":true,"href":"https:\/\/www.tucomarca.com\/wordpress\/segunda\/wp-json\/wp\/v2\/tags?post=142611"}],"curies":[{"name":"wp","href":"https:\/\/api.w.org\/{rel}","templated":true}]}}