{"id":142668,"date":"2021-10-15T08:00:00","date_gmt":"2021-10-15T07:00:00","guid":{"rendered":"http:\/\/www.tucomarca.com\/wordpress\/segunda\/?p=142668"},"modified":"2021-10-18T13:28:27","modified_gmt":"2021-10-18T12:28:27","slug":"la-universidad-de-otono-de-bunol-debate-sobre-la-dimension-social-de-la-musica-como-herramienta-de-transformacion-y-cambio","status":"publish","type":"post","link":"https:\/\/www.tucomarca.com\/wordpress\/segunda\/la-universidad-de-otono-de-bunol-debate-sobre-la-dimension-social-de-la-musica-como-herramienta-de-transformacion-y-cambio\/","title":{"rendered":"La Universidad de Oto\u00f1o de Bu\u00f1ol debate sobre la dimensi\u00f3n social de la m\u00fasica como herramienta de transformaci\u00f3n y cambio"},"content":{"rendered":"\n<h4 class=\"wp-block-heading\">La Universidad de Oto\u00f1o de Bu\u00f1ol, abre hoy viernes un debate sobre la m\u00fasica como motor de cambio social. La jornada se inscribe en el programa de Universidades Estacionales, una iniciativa impulsada por la UV que tiene como objetivo analizar los aspectos singulares de cada territorio y abierta a todos los ciudadanos, que pueden asistir a las sesiones en modo <em>on line<\/em> o presencialmente.<\/h4>\n\n\n\n<p>La Universidad de Oto\u00f1o de Bu\u00f1ol celebra durante la ma\u00f1ana de hoy viernes, 15 de octubre, la que ya es su quinta edici\u00f3n, bajo el t\u00edtulo \u2018Bu\u00f1ol. El patrimonio cultural. La m\u00fasica como control de cambio social\u2019. Prosigue as\u00ed la programaci\u00f3n de Universidades Estacionales, una iniciativa de la Universitat de Val\u00e8ncia (UV), organizada a trav\u00e9s del Vicerrectorado de Proyecci\u00f3n Territorial y Sociedad con los ayuntamientos y en colaboraci\u00f3n con la Diputaci\u00f3n de Val\u00e8ncia y Caixa Popular con el objetivo de promover el debate en torno a un tema monogr\u00e1fico ligado a la singularidad de cada \u00e1mbito geogr\u00e1fico, teniendo en cuenta su particular idiosincrasia, historia y cultura, bajo la coordinaci\u00f3n de un especialista en la materia. Esta acci\u00f3n acad\u00e9mica est\u00e1 en todas las comarcas de la provincia, con 20 ediciones en otras tantas localidades.<\/p>\n\n\n\n<p>En 2021, estas jornadas, gratuitas y abiertas a todos los ciudadanos, han recuperado el v\u00ednculo con la estaci\u00f3n del a\u00f1o que les da nombre, tras 2020, un a\u00f1o excepcional por las restricciones debidas a la pandemia. Y mantienen, adem\u00e1s, la distribuci\u00f3n por \u00e1reas tem\u00e1ticas -que reflejan la transversalidad de conocimiento de la UV y la pluralidad de temas estudiados por sus especialistas- y el car\u00e1cter semipresencial, que se impuls\u00f3 el pasado a\u00f1o con la incorporaci\u00f3n del enlace <em>on line<\/em>, que permite el seguimiento de las sesiones por <em>streaming<\/em>, facilitando la asistencia a todas las personas interesadas. La UV facilitar\u00e1 las inscripciones a trav\u00e9s de la web (http:\/\/projeccio.uv.es) y proporcionar\u00e1 el correspondiente certificado de asistencia, tanto si es presencial como <em>on line<\/em>.<\/p>\n\n\n\n<p><strong>Universidad de Oto\u00f1o de Bu\u00f1ol<\/strong><\/p>\n\n\n\n<p>La quinta edici\u00f3n de la Universidad de Oto\u00f1o de Bu\u00f1ol, que se encuadra en el \u00e1rea tem\u00e1tica \u2018Patrimonio Hist\u00f3rico y Cultural\u2019, se desarrollar\u00e1 en el IES Hoya de Bu\u00f1ol (Avenida Rafael Ridaura, 18,) y reunir\u00e1 a profesionales, investigadores, docentes, estudiantes y ciudadanos interesados en el contenido de la jornada, para analizar la dimensi\u00f3n social de la m\u00fasica como herramienta de transformaci\u00f3n y cambio.<\/p>\n\n\n\n<p>El acto inaugural tendr\u00e1 lugar a las 10:00 h, con la participaci\u00f3n de Juncal Carrascosa Alonso, alcaldesa de Bu\u00f1ol; Jorge Hermosilla Pla, vicerrector de Proyecci\u00f3n Territorial y Sociedad de la UV; Ana Mar\u00eda Botella Nicol\u00e1s, coordinadora de la Universidad de Oto\u00f1o de Bu\u00f1ol; Empar Folgado Ros, diputada de Educaci\u00f3n e Inclusi\u00f3n Social de la Diputaci\u00f3n de Val\u00e8ncia; y Juan Colomer, director de la oficina de Caixa Popular de Chiva.&nbsp;<\/p>\n\n\n\n<p>A continuaci\u00f3n, tres conferencias permitir\u00e1n profundizar en el conocimiento del tema de debate. Luis Torres Otero, del Departamento de Did\u00e1ctica de la Expresi\u00f3n Musical, Pl\u00e1stica y Corporal de la UV centrar\u00e1 su intervenci\u00f3n en \u2018La m\u00fasica como herramienta para el cambio en los centros educativos: una visi\u00f3n desde la inspecci\u00f3n educativa\u2019. Juan Vicente Gil Fuentes, del Departamento de Did\u00e1ctica de la Expresi\u00f3n Musical, Pl\u00e1stica y Corporal de la UV, hablar\u00e1 sobre \u2018El concierto did\u00e1ctico como herramienta pedag\u00f3gica\u2019; y Enrique Parre\u00f1o Moratalla, del C.A. EE.PP. Uni\u00f3 Musical d&#8217;Alaqu\u00e0s, sobre \u2018La banda como aglutinador social\u2019.<\/p>\n\n\n\n<p>A las 12:00 se desarrollar\u00e1 un debate, moderado por Rosa Isusi-Fagoaga, del Departamento de Did\u00e1ctica de la Expresi\u00f3n Musical, Pl\u00e1stica y Corporal de la UV, tras el que se clausurar\u00e1 la edici\u00f3n de la Universidad de Oto\u00f1o de Bu\u00f1ol.<\/p>\n\n\n\n<p><strong>20 Universidades Estacionales, 4 estaciones y 3 \u00e1reas tem\u00e1ticas<\/strong><\/p>\n\n\n\n<p>La programaci\u00f3n de Universidades Estacionales integra dos Universidades de Invierno (Cofrentes y Requena); seis Universidades de Primavera (Alzira, Cullera, X\u00e1tiva, Sagunto, la Canal de Navarr\u00e9s y Alto Turia); y cuatro Universidades de Verano (Rinc\u00f3n de Ademuz, Aras de los Olmos, Gandia y Sagunto), que ya han celebrado este a\u00f1o sus correspondientes sesiones.&nbsp;<\/p>\n\n\n\n<p>Las Universidades Estacionales de Oto\u00f1o cerrar\u00e1n la programaci\u00f3n de 2021. Tras las jornada de Alaqu\u00e0s,&nbsp; y Bu\u00f1ol, se celebrar\u00e1n la Universidad Estacional de l\u2019Eliana, el 21 de octubre, que tendr\u00e1 como tema \u2018Smart cities: tecnolog\u00eda y ciudadan\u00eda\u2019; la Universidad Estacional de Oliva, el 27 de octubre, que tratar\u00e1 sobre \u2018Educaci\u00f3n: iguales y diversos\u2019; la Universidad Estacional de Ll\u00edria, el 29 de octubre, sobre \u2018La m\u00fasica como herramienta educativa de transformaci\u00f3n social\u2019; la Universidad Estacional de Ayora, el 4 de noviembre, sobre \u2018Retos y amenazas de la apicultura en el siglo XXI\u2019; la Universidad Estacional de Enguera, a partir del 11 de noviembre, sobre \u2018Profesiones de futuro y vida saludable en un mundo global y sostenible\u2019; y la Universidad Estacional de Ontinyent, a partir del 23 de noviembre, bajo el t\u00edtulo \u2018Tiempos de transformaciones\u2019.<\/p>\n\n\n\n<p>Las Universidades Estacionales debaten este a\u00f1o 2021 sobre m\u00faltiples aspectos vinculados a cada territorio en torno a tres \u00e1reas tem\u00e1ticas: \u2018Patrimonio Hist\u00f3rico y Cultural\u2019 (Cullera, X\u00e0tiva, Sagunto, Alaqu\u00e0s, Bu\u00f1ol y Ayora); \u2018Educaci\u00f3n y Bienestar Social\u2019 (Cofrentes, Sagunto, Ll\u00edria, Oliva, Enguera y Ontinyent); y \u2018Biodiversidad, Desarrollo e Innovaci\u00f3n Territorial\u2019 (Requena, Alzira, la Canal de Navarr\u00e9s, Alto Turia, Rinc\u00f3n de Ademuz, Aras de los Olmos, Gandia y L\u2019Eliana).<\/p>\n","protected":false},"excerpt":{"rendered":"<div class=\"mh-excerpt\">La Universidad de Oto\u00f1o de Bu\u00f1ol, abre hoy viernes un debate sobre la m\u00fasica como motor de cambio social. La jornada se inscribe en el programa de Universidades Estacionales, una iniciativa impulsada por la UV <a class=\"mh-excerpt-more\" href=\"https:\/\/www.tucomarca.com\/wordpress\/segunda\/la-universidad-de-otono-de-bunol-debate-sobre-la-dimension-social-de-la-musica-como-herramienta-de-transformacion-y-cambio\/\" title=\"La Universidad de Oto\u00f1o de Bu\u00f1ol debate sobre la dimensi\u00f3n social de la m\u00fasica como herramienta de transformaci\u00f3n y cambio\">[+] <\/a><\/div>\n","protected":false},"author":12,"featured_media":142672,"comment_status":"open","ping_status":"open","sticky":false,"template":"","format":"standard","meta":{"footnotes":""},"categories":[4,18,8,10,7,3],"tags":[10385,5952,11283],"class_list":{"0":"post-142668","1":"post","2":"type-post","3":"status-publish","4":"format-standard","5":"has-post-thumbnail","7":"category-agenda","8":"category-bunol","9":"category-la-comarca","10":"category-la-hoya","11":"category-ocio-y-cultura","12":"category-seccion","13":"tag-bunol","14":"tag-la-hoya-de-bunol-chiva","15":"tag-universidad-de-otono"},"_links":{"self":[{"href":"https:\/\/www.tucomarca.com\/wordpress\/segunda\/wp-json\/wp\/v2\/posts\/142668","targetHints":{"allow":["GET"]}}],"collection":[{"href":"https:\/\/www.tucomarca.com\/wordpress\/segunda\/wp-json\/wp\/v2\/posts"}],"about":[{"href":"https:\/\/www.tucomarca.com\/wordpress\/segunda\/wp-json\/wp\/v2\/types\/post"}],"author":[{"embeddable":true,"href":"https:\/\/www.tucomarca.com\/wordpress\/segunda\/wp-json\/wp\/v2\/users\/12"}],"replies":[{"embeddable":true,"href":"https:\/\/www.tucomarca.com\/wordpress\/segunda\/wp-json\/wp\/v2\/comments?post=142668"}],"version-history":[{"count":0,"href":"https:\/\/www.tucomarca.com\/wordpress\/segunda\/wp-json\/wp\/v2\/posts\/142668\/revisions"}],"wp:featuredmedia":[{"embeddable":true,"href":"https:\/\/www.tucomarca.com\/wordpress\/segunda\/wp-json\/wp\/v2\/media\/142672"}],"wp:attachment":[{"href":"https:\/\/www.tucomarca.com\/wordpress\/segunda\/wp-json\/wp\/v2\/media?parent=142668"}],"wp:term":[{"taxonomy":"category","embeddable":true,"href":"https:\/\/www.tucomarca.com\/wordpress\/segunda\/wp-json\/wp\/v2\/categories?post=142668"},{"taxonomy":"post_tag","embeddable":true,"href":"https:\/\/www.tucomarca.com\/wordpress\/segunda\/wp-json\/wp\/v2\/tags?post=142668"}],"curies":[{"name":"wp","href":"https:\/\/api.w.org\/{rel}","templated":true}]}}