{"id":142723,"date":"2021-10-16T10:10:00","date_gmt":"2021-10-16T09:10:00","guid":{"rendered":"http:\/\/www.tucomarca.com\/wordpress\/segunda\/?p=142723"},"modified":"2021-10-18T09:16:09","modified_gmt":"2021-10-18T08:16:09","slug":"ecovidrio-y-el-ayuntamiento-de-benaguasil-presentan-la-campana-solidaria-recicla-vidrio-por-ellas-en-colaboracion-con-la-generalitat-y-la-fundacion-sandra-ibarra","status":"publish","type":"post","link":"https:\/\/www.tucomarca.com\/wordpress\/segunda\/ecovidrio-y-el-ayuntamiento-de-benaguasil-presentan-la-campana-solidaria-recicla-vidrio-por-ellas-en-colaboracion-con-la-generalitat-y-la-fundacion-sandra-ibarra\/","title":{"rendered":"Ecovidrio y el Ayuntamiento de Benaguasil presentan la campa\u00f1a solidaria \u2018Recicla Vidrio por ellas\u2019 en colaboraci\u00f3n con la Generalitat y la Fundaci\u00f3n Sandra Ibarra"},"content":{"rendered":"\n<h4 class=\"wp-block-heading\">Ecovidrio ha instalado dos contenedores rosas en el municipio para fomentar el reciclaje de envases de vidrio y la prevenci\u00f3n del c\u00e1ncer de mama<\/h4>\n\n\n\n<h4 class=\"wp-block-heading\">Ecovidrio ha instalado dos contenedores rosas en el municipio para fomentar el reciclaje de envases de vidrio y la prevenci\u00f3n del c\u00e1ncer de mama<\/h4>\n\n\n\n<h4 class=\"wp-block-heading\">Ecovidrio ha instalado dos contenedores rosas en el municipio para fomentar el reciclaje de envases de vidrio y la prevenci\u00f3n del c\u00e1ncer de mama<\/h4>\n\n\n\n<p>Ecovidrio, la entidad sin \u00e1nimo de lucro encargada de la gesti\u00f3n del reciclado de los residuos de envases de vidrio en Espa\u00f1a, pone en marcha por sexto a\u00f1o consecutivo la campa\u00f1a \u201cRecicla vidrio por ellas\u201d. Una iniciativa que tiene como objetivo movilizar a los ciudadanos a reciclar envases de vidrio para cuidar del medioambiente y contribuir as\u00ed con una causa solidaria: la prevenci\u00f3n del c\u00e1ncer de mama.&nbsp;<\/p>\n\n\n\n<p>Desde hoy y durante las pr\u00f3ximas semanas, dos igl\u00fas rosas estar\u00e1n ubicados en la Pla\u00e7a Major. Ecovidrio transformar\u00e1 los envases de vidrio depositados en los contenedores en una donaci\u00f3n a la Fundaci\u00f3n Sandra Ibarra de Solidaridad Frente al C\u00e1ncer.&nbsp;<\/p>\n\n\n\n<p>En esta ocasi\u00f3n, la campa\u00f1a se ha extendido por m\u00e1s de 170 ciudades de todo el territorio nacional como Madrid, Sevilla, Valladolid, Murcia, M\u00e1laga o Logro\u00f1o. As\u00ed pues, Ecovidrio ha instalado 500 contenedores rosas por todo el pa\u00eds. Adem\u00e1s, la entidad ha contado con Sandra Ibarra, Presidenta de la Fundaci\u00f3n que lleva su nombre, como embajadora del proyecto.&nbsp;<\/p>\n\n\n\n<p>Como s\u00edmbolo de la concienciaci\u00f3n y solidaridad con el c\u00e1ncer de mama, Agatha Ruiz de la Prada ha dise\u00f1ado un minigl\u00fa especial para la ocasi\u00f3n, en el que se destaca el lema de la Fundaci\u00f3n Sandra Ibarra: \u201cLlenos de vida\u201d. El minigl\u00fa se podr\u00e1 adquirir a trav\u00e9s de la web <a href=\"http:\/\/miniglu.es\/\">Minigl\u00fa.es<\/a>, y los beneficios se destinar\u00e1n a la Fundaci\u00f3n Sandra Ibarra para contribuir a la prevenci\u00f3n e investigaci\u00f3n del c\u00e1ncer.<\/p>\n\n\n\n<p><strong>Datos de reciclado de vidrio en Benaguasil<\/strong><\/p>\n\n\n\n<p>Seg\u00fan los \u00faltimos datos relativos a 2020, los habitantes de Benaguasil reciclaron un total de 106 toneladas de envases de vidrio, lo que supone que cada habitante recicl\u00f3 de media 9,4 kg.&nbsp;<\/p>\n\n\n\n<p>Respecto a la tasa de contenerizaci\u00f3n, Benaguasil se sit\u00faa con una media de 176 habitantes por contenedor, contando con un total de 64 igl\u00fas para los residuos de envases de vidrio instalados.&nbsp;<\/p>\n\n\n\n<p><strong>Sobre Ecovidrio<\/strong><\/p>\n\n\n\n<p>Ecovidrio es la entidad sin \u00e1nimo de lucro encargada de la gesti\u00f3n del reciclado de residuos de envases de vidrio en Espa\u00f1a. Tras la aprobaci\u00f3n de la Ley de Envases y Residuos de Envases en 1997 y el arranque de sus operaciones en 1998, se convirti\u00f3 en la entidad gestora de un modelo de reciclado que garantiza un servicio completo y al que tienen acceso todos los ciudadanos. En t\u00e9rminos de financiaci\u00f3n, 8.000 compa\u00f1\u00edas envasadoras hacen posible, con su aportaci\u00f3n a trav\u00e9s del punto verde, el sistema de reciclado.<\/p>\n\n\n\n<p>La labor de Ecovidrio destaca por garantizar el reciclado de alta calidad a trav\u00e9s del contenedor, potenciar las infraestructuras de contenerizaci\u00f3n y recogida, invertir en planes y recursos destinados a incrementar el reciclaje de envases de vidrio en la hosteler\u00eda, movilizar a los ciudadanos a trav\u00e9s de campa\u00f1as de sensibilizaci\u00f3n y promover la prevenci\u00f3n y el ecodise\u00f1o de los envases.<\/p>\n\n\n\n<p>En las \u00faltimas dos d\u00e9cadas el sistema de Ecovidrio ha permitido el crecimiento exponencial de la tasa de reciclado pasando de un 31,3% en el a\u00f1o 2000 al 76,8% en 2018, seg\u00fan los \u00faltimos datos oficiales del Ministerio para la Transici\u00f3n Ecol\u00f3gico y Reto Demogr\u00e1fico (MITERD).<\/p>\n\n\n\n<p>El reciclaje de envases de vidrio es un elemento fundamental para contribuir al desarrollo sostenible, fomentar la transici\u00f3n hacia la econom\u00eda circular y luchar contra el cambio clim\u00e1tico. Adem\u00e1s, el reciclaje de envases de vidrio es una actividad apoya el cumplimiento de la Agenda 2030 y los Objetivos de Desarrollo Sostenible, concretamente, redunda sobre los objetivos (11) Ciudades y comunidades sostenibles, (12) Producci\u00f3n y consumo responsables y (13) Acci\u00f3n por el clima.<\/p>\n\n\n\n<p><strong>Sobre la Fundaci\u00f3n Sandra Ibarra<\/strong><\/p>\n\n\n\n<p>La Fundaci\u00f3n Sandra Ibarra es una organizaci\u00f3n sin \u00e1nimo de lucro, con una trayectoria de trece a\u00f1os sumando esfuerzos frente al C\u00e1ncer, una causa de Salud Global.<\/p>\n\n\n\n<p>Desde su inicio, la Fundaci\u00f3n ha impulsado y financiado campa\u00f1as y proyectos de investigaci\u00f3n, sensibilizaci\u00f3n y prevenci\u00f3n frente al c\u00e1ncer, y ha colaborado activamente en el desarrollo de la humanizaci\u00f3n de la Sanidad.<\/p>\n\n\n\n<p>En los \u00faltimos a\u00f1os, tras el aumento de los \u00edndices de supervivencia y la falta de atenci\u00f3n sanitaria espec\u00edfica para el superviviente de c\u00e1ncer, la Fundaci\u00f3n se ha orientado hacia la b\u00fasqueda de soluciones en ese \u00e1mbito.&nbsp;<\/p>\n\n\n\n<p>De la ausencia de planes asistenciales espec\u00edficos y la consideraci\u00f3n de la supervivencia como una fase m\u00e1s del proceso oncol\u00f3gico, nace la Escuela de Vida. Se trata de una escuela de pacientes y supervivientes especializada en hacer frente a las necesidades asistenciales durante el periodo de transici\u00f3n en el que ya no hay tumor ni tratamiento, pero aparecen otras secuelas.&nbsp;<\/p>\n\n\n\n<p>El objetivo es formar e informar a pacientes y supervivientes de c\u00e1ncer, para que se conviertan en protagonistas de su salud y logren el bienestar f\u00edsico y emocional necesario.<\/p>\n","protected":false},"excerpt":{"rendered":"<div class=\"mh-excerpt\">Ecovidrio ha instalado dos contenedores rosas en el municipio para fomentar el reciclaje de envases de vidrio y la prevenci\u00f3n del c\u00e1ncer de mama Ecovidrio ha instalado dos contenedores rosas en el municipio para fomentar <a class=\"mh-excerpt-more\" href=\"https:\/\/www.tucomarca.com\/wordpress\/segunda\/ecovidrio-y-el-ayuntamiento-de-benaguasil-presentan-la-campana-solidaria-recicla-vidrio-por-ellas-en-colaboracion-con-la-generalitat-y-la-fundacion-sandra-ibarra\/\" title=\"Ecovidrio y el Ayuntamiento de Benaguasil presentan la campa\u00f1a solidaria \u2018Recicla Vidrio por ellas\u2019 en colaboraci\u00f3n con la Generalitat y la Fundaci\u00f3n Sandra Ibarra\">[+] <\/a><\/div>\n","protected":false},"author":12,"featured_media":142725,"comment_status":"open","ping_status":"open","sticky":false,"template":"","format":"standard","meta":{"footnotes":""},"categories":[172,46,128,8,117,142,3],"tags":[10429,10395,6896,15667,1924],"class_list":{"0":"post-142723","1":"post","2":"type-post","3":"status-publish","4":"format-standard","5":"has-post-thumbnail","7":"category-benaguasil","8":"category-camp-de-turia","9":"category-infraestructuras","10":"category-la-comarca","11":"category-medio-ambiente-la-comarca","12":"category-politica-la-comarca","13":"category-seccion","14":"tag-benaguasil","15":"tag-camp-de-turia","16":"tag-ecovidrio","17":"tag-fundacion-sandra-ibarra","18":"tag-reciclaje-solidario"},"_links":{"self":[{"href":"https:\/\/www.tucomarca.com\/wordpress\/segunda\/wp-json\/wp\/v2\/posts\/142723","targetHints":{"allow":["GET"]}}],"collection":[{"href":"https:\/\/www.tucomarca.com\/wordpress\/segunda\/wp-json\/wp\/v2\/posts"}],"about":[{"href":"https:\/\/www.tucomarca.com\/wordpress\/segunda\/wp-json\/wp\/v2\/types\/post"}],"author":[{"embeddable":true,"href":"https:\/\/www.tucomarca.com\/wordpress\/segunda\/wp-json\/wp\/v2\/users\/12"}],"replies":[{"embeddable":true,"href":"https:\/\/www.tucomarca.com\/wordpress\/segunda\/wp-json\/wp\/v2\/comments?post=142723"}],"version-history":[{"count":0,"href":"https:\/\/www.tucomarca.com\/wordpress\/segunda\/wp-json\/wp\/v2\/posts\/142723\/revisions"}],"wp:featuredmedia":[{"embeddable":true,"href":"https:\/\/www.tucomarca.com\/wordpress\/segunda\/wp-json\/wp\/v2\/media\/142725"}],"wp:attachment":[{"href":"https:\/\/www.tucomarca.com\/wordpress\/segunda\/wp-json\/wp\/v2\/media?parent=142723"}],"wp:term":[{"taxonomy":"category","embeddable":true,"href":"https:\/\/www.tucomarca.com\/wordpress\/segunda\/wp-json\/wp\/v2\/categories?post=142723"},{"taxonomy":"post_tag","embeddable":true,"href":"https:\/\/www.tucomarca.com\/wordpress\/segunda\/wp-json\/wp\/v2\/tags?post=142723"}],"curies":[{"name":"wp","href":"https:\/\/api.w.org\/{rel}","templated":true}]}}