{"id":143050,"date":"2021-10-22T15:03:00","date_gmt":"2021-10-22T14:03:00","guid":{"rendered":"http:\/\/www.tucomarca.com\/wordpress\/segunda\/?p=143050"},"modified":"2021-10-22T23:46:08","modified_gmt":"2021-10-22T22:46:08","slug":"cheste-pone-en-marcha-la-iniciativa-muros-conscientes-dentro-de-la-programacion-de-graffitea-2021","status":"publish","type":"post","link":"https:\/\/www.tucomarca.com\/wordpress\/segunda\/cheste-pone-en-marcha-la-iniciativa-muros-conscientes-dentro-de-la-programacion-de-graffitea-2021\/","title":{"rendered":"Cheste pone en marcha la iniciativa \u201cMuros conscientes\u201d dentro de la programaci\u00f3n de Graffitea 2021"},"content":{"rendered":"\n<figure class=\"wp-block-image size-large\"><img loading=\"lazy\" decoding=\"async\" width=\"960\" height=\"720\" src=\"https:\/\/www.tucomarca.com\/wordpress\/segunda\/wp-content\/uploads\/2021\/10\/Cheste_MurosConscientes_1.jpg\" alt=\"\" class=\"wp-image-143053\" srcset=\"https:\/\/www.tucomarca.com\/wordpress\/segunda\/wp-content\/uploads\/2021\/10\/Cheste_MurosConscientes_1.jpg 960w, https:\/\/www.tucomarca.com\/wordpress\/segunda\/wp-content\/uploads\/2021\/10\/Cheste_MurosConscientes_1-300x225.jpg 300w, https:\/\/www.tucomarca.com\/wordpress\/segunda\/wp-content\/uploads\/2021\/10\/Cheste_MurosConscientes_1-768x576.jpg 768w, https:\/\/www.tucomarca.com\/wordpress\/segunda\/wp-content\/uploads\/2021\/10\/Cheste_MurosConscientes_1-678x509.jpg 678w, https:\/\/www.tucomarca.com\/wordpress\/segunda\/wp-content\/uploads\/2021\/10\/Cheste_MurosConscientes_1-326x245.jpg 326w, https:\/\/www.tucomarca.com\/wordpress\/segunda\/wp-content\/uploads\/2021\/10\/Cheste_MurosConscientes_1-80x60.jpg 80w\" sizes=\"auto, (max-width: 960px) 100vw, 960px\" \/><\/figure>\n\n\n\n<p>La sexta edici\u00f3n dl Festival de street art Graffitea Cheste incluye como novedad la puesta en marcha de una iniciativa reivindicativa de los derechos fundamentales de las personas. Se trata de la acci\u00f3n \u201cMuros conscientes\u201d, que contempla la creaci\u00f3n de murales que pongan en valor esos derechos, proponiendo una reflexi\u00f3n sobre su importancia y su necesaria reivindicaci\u00f3n.<\/p>\n\n\n\n<p>\u201cEste a\u00f1o el mural estar\u00e1 dedicado a la Sanidad p\u00fablica universal y de calidad y en las pr\u00f3ximas eediciones del festival continuaremos dedicando espacios para crear muros conscientes\u201d, apunta la concejala de Cultura, M\u00aa \u00c1ngeles Llorente.<\/p>\n\n\n\n<p>La primera intervenci\u00f3n de esta iniciativa se encuentra en la calle Acequia y ha corrido a cargo del artista valenciano Jos\u00e9 Antonio Espinar, conocido por contar con una obra comprometida con la cr\u00edtica social.<\/p>\n\n\n\n<p><strong>Homenaje a Josep Renau<\/strong><\/p>\n\n\n\n<p>Tambi\u00e9n se dedicar\u00e1 un espacio al muralista valenciano Josep Renau, ya que la sexta edici\u00f3n de Graffitea Cheste est\u00e1 enmarcada en el homenaje a su trabajo. En este caso, ser\u00e1 el artista Javier Parra el encargado de intervenir en la pared del IES Ricardo Mar\u00edn con un mural dedicado a Renau, que ya ha comenzado a realizar.<\/p>\n\n\n\n<p><strong>Rutas Graffitea Cheste<\/strong><\/p>\n\n\n\n<p>Tanto el primer mural de \u201cMuros conscientes\u201d como el espacio dedicado a Renau en Cheste entrar\u00e1n en el recorrido de las rutas guiadas que se realizar\u00e1n los d\u00edas 30 y 31 de octubre, para dar a conocer las intervenciones realizadas en Graffitea Cheste 2021.<\/p>\n\n\n\n<p>Las reservas para participar en las visitas a los muros intervenidos en 2021 deber\u00e1n realizarse antes del 29 de octubre en el 660 47 42 88, indicando nombre, apellido y tel\u00e9fono de contacto. El aforo est\u00e1 limitado a 30 personas por grupo y la duraci\u00f3n de la ruta ser\u00e1 de 90 minutos.&nbsp;<\/p>\n\n\n\n<p>Horarios:<\/p>\n\n\n\n<p>\u00b7 S\u00e1bado 30 de octubre: de 10:00 a 11:30 \/ de 10:30 a 12:00 \/ de 12:00 a 13:30 \/ de 12:30 a 14:00.<\/p>\n\n\n\n<p>\u00b7 Domingo 31 de octubre: de 10:00 a 11:30 \/ de 10:30 a 12:00 \/ de 12:00 a 13:30 \/ de 12:30 a 14:00 \/ de 16:00 a 17:30 \/ de 16:30 a 18:00.<\/p>\n","protected":false},"excerpt":{"rendered":"<div class=\"mh-excerpt\">La sexta edici\u00f3n dl Festival de street art Graffitea Cheste incluye como novedad la puesta en marcha de una iniciativa reivindicativa de los derechos fundamentales de las personas. Se trata de la acci\u00f3n \u201cMuros conscientes\u201d, <a class=\"mh-excerpt-more\" href=\"https:\/\/www.tucomarca.com\/wordpress\/segunda\/cheste-pone-en-marcha-la-iniciativa-muros-conscientes-dentro-de-la-programacion-de-graffitea-2021\/\" title=\"Cheste pone en marcha la iniciativa \u201cMuros conscientes\u201d dentro de la programaci\u00f3n de Graffitea 2021\">[+] <\/a><\/div>\n","protected":false},"author":12,"featured_media":143051,"comment_status":"open","ping_status":"open","sticky":false,"template":"","format":"standard","meta":{"footnotes":""},"categories":[4,17,128,8,10,7,92,3],"tags":[339,14513,15164,5952],"class_list":{"0":"post-143050","1":"post","2":"type-post","3":"status-publish","4":"format-standard","5":"has-post-thumbnail","7":"category-agenda","8":"category-cheste","9":"category-infraestructuras","10":"category-la-comarca","11":"category-la-hoya","12":"category-ocio-y-cultura","13":"category-pintura","14":"category-seccion","15":"tag-cheste-2","16":"tag-festival-de-street-art-graffitea","17":"tag-graffitea-2021","18":"tag-la-hoya-de-bunol-chiva"},"_links":{"self":[{"href":"https:\/\/www.tucomarca.com\/wordpress\/segunda\/wp-json\/wp\/v2\/posts\/143050","targetHints":{"allow":["GET"]}}],"collection":[{"href":"https:\/\/www.tucomarca.com\/wordpress\/segunda\/wp-json\/wp\/v2\/posts"}],"about":[{"href":"https:\/\/www.tucomarca.com\/wordpress\/segunda\/wp-json\/wp\/v2\/types\/post"}],"author":[{"embeddable":true,"href":"https:\/\/www.tucomarca.com\/wordpress\/segunda\/wp-json\/wp\/v2\/users\/12"}],"replies":[{"embeddable":true,"href":"https:\/\/www.tucomarca.com\/wordpress\/segunda\/wp-json\/wp\/v2\/comments?post=143050"}],"version-history":[{"count":0,"href":"https:\/\/www.tucomarca.com\/wordpress\/segunda\/wp-json\/wp\/v2\/posts\/143050\/revisions"}],"wp:featuredmedia":[{"embeddable":true,"href":"https:\/\/www.tucomarca.com\/wordpress\/segunda\/wp-json\/wp\/v2\/media\/143051"}],"wp:attachment":[{"href":"https:\/\/www.tucomarca.com\/wordpress\/segunda\/wp-json\/wp\/v2\/media?parent=143050"}],"wp:term":[{"taxonomy":"category","embeddable":true,"href":"https:\/\/www.tucomarca.com\/wordpress\/segunda\/wp-json\/wp\/v2\/categories?post=143050"},{"taxonomy":"post_tag","embeddable":true,"href":"https:\/\/www.tucomarca.com\/wordpress\/segunda\/wp-json\/wp\/v2\/tags?post=143050"}],"curies":[{"name":"wp","href":"https:\/\/api.w.org\/{rel}","templated":true}]}}