{"id":143218,"date":"2021-10-27T19:00:00","date_gmt":"2021-10-27T18:00:00","guid":{"rendered":"http:\/\/www.tucomarca.com\/wordpress\/segunda\/?p=143218"},"modified":"2021-10-27T19:48:27","modified_gmt":"2021-10-27T18:48:27","slug":"riba-roja-contrata-el-suministro-de-cesped-para-el-campo-de-futbol-por-235-992-euros-durante-los-proximos-5-anos","status":"publish","type":"post","link":"https:\/\/www.tucomarca.com\/wordpress\/segunda\/riba-roja-contrata-el-suministro-de-cesped-para-el-campo-de-futbol-por-235-992-euros-durante-los-proximos-5-anos\/","title":{"rendered":"Riba-roja contrata el suministro de c\u00e9sped para el campo de f\u00fatbol por 235.992 euros durante los pr\u00f3ximos 5 a\u00f1os"},"content":{"rendered":"\n<p><strong>El pleno faculta la iniciativa del gobierno local para ejecutar el proyecto&nbsp;<\/strong><\/p>\n\n\n\n<p>El pleno del Ayuntamiento de Riba-roja de T\u00faria ha dado luz verde al proyecto del equipo de gobierno del PSPV para llevar adelante el contrato de suministro de c\u00e9sped del campo de f\u00fatbol \u201cFrancisco Soriano\u201d de la localidad a trav\u00e9s de un arrendamiento financiero con opci\u00f3n de compra, por procedimiento abierto, mejor relaci\u00f3n calidad-precio y con varios criterios de adjudicaci\u00f3n.&nbsp;<\/p>\n\n\n\n<p>La decisi\u00f3n plenaria adoptada en Riba-roja de T\u00faria ha contado con el voto favorable, adem\u00e1s del PSPV, de Comprom\u00eds, Ciudadanos y Esquerra Unida, y la abstenci\u00f3n del Partido Popular y Vox y, por \u00faltimo, el voto en contra de Podemos Riba-roja Puede. La inversi\u00f3n en esta infraestructura deportiva de la localidad comprende el periodo de tiempo establecido entre el a\u00f1o 2021 y 2025.&nbsp;<\/p>\n\n\n\n<p>El acuerdo plenario vincula la ejecuci\u00f3n de este contrato con la consecuci\u00f3n de varias mejoras previstas en el objeto principal previsto, y con varias condiciones de car\u00e1cter social y medioambiental, como los Objetivos de Desarrollo Sostenible (ODS) de Riba-roja de T\u00faria con la finalidad \u00faltima de conseguir unas ciudades m\u00e1s sostenibles y m\u00e1s respetuosas con el entorno ambiental.&nbsp;<\/p>\n\n\n\n<p>El proyecto aprobado por la sesi\u00f3n plenaria de Riba-roja de T\u00faria autoriza y dispone de una inversi\u00f3n fijada en un total de 235.992\u201940 euros en total, que se desarrollar\u00e1n y ejecutar\u00e1n en un plazo de los pr\u00f3ximos cinco a\u00f1os. De esta forma, en este mismo a\u00f1o se llevar\u00e1 a cabo una inversi\u00f3n establecida en un total de 9.833 euros mientras que en las anualidades de 2022, 2023 y 2024 se ejecutar\u00e1 una inversi\u00f3n de 58.998\u201910 euros en cada una de ellas y en 2025 se invertir\u00e1n otros 49.165\u201910 euros.&nbsp;<\/p>\n\n\n\n<p>El actual ordenamiento jur\u00eddico faculta al pleno municipal la posibilidad de ampliar las anualidades en las que se pueden llevar a cabo inversiones o gastos para un mismo proyecto. En un principio se se\u00f1ala que los gastos se subordinar\u00e1n al cr\u00e9dito que para cada ejercicio autoricen los respectivos presupuestos econ\u00f3micos durante un periodo m\u00e1ximo de cuatro a\u00f1os, aunque ser\u00e1 el propio pleno el que puede ampliar los plazos de ejecuci\u00f3n de los mismos.&nbsp;<\/p>\n\n\n\n<p>El alcalde de Riba-roja de T\u00faria, Robert Raga, ha destacado la inversi\u00f3n \u201ctan importante\u201d que se llevar\u00e1 a cabo en esta infraestructura municipal de la localidad y que permitir\u00e1 de esta forma \u201cla pr\u00e1ctica deportiva de los j\u00f3venes en un espacio que contar\u00e1 con todas las comodidades y los servicios necesarios, fruto del compromiso riguroso de este gobierno por fomentar el deporte y las pr\u00e1cticas saludables\u201d.&nbsp;<\/p>\n","protected":false},"excerpt":{"rendered":"<div class=\"mh-excerpt\">El pleno faculta la iniciativa del gobierno local para ejecutar el proyecto&nbsp; El pleno del Ayuntamiento de Riba-roja de T\u00faria ha dado luz verde al proyecto del equipo de gobierno del PSPV para llevar adelante <a class=\"mh-excerpt-more\" href=\"https:\/\/www.tucomarca.com\/wordpress\/segunda\/riba-roja-contrata-el-suministro-de-cesped-para-el-campo-de-futbol-por-235-992-euros-durante-los-proximos-5-anos\/\" title=\"Riba-roja contrata el suministro de c\u00e9sped para el campo de f\u00fatbol por 235.992 euros durante los pr\u00f3ximos 5 a\u00f1os\">[+] <\/a><\/div>\n","protected":false},"author":1,"featured_media":143219,"comment_status":"open","ping_status":"open","sticky":false,"template":"","format":"standard","meta":{"footnotes":""},"categories":[46,128,8,182,3],"tags":[15296,8900],"class_list":{"0":"post-143218","1":"post","2":"type-post","3":"status-publish","4":"format-standard","5":"has-post-thumbnail","7":"category-camp-de-turia","8":"category-infraestructuras","9":"category-la-comarca","10":"category-riba-roja","11":"category-seccion","12":"tag-camp-de-turia-2","13":"tag-riba-roja-del-turia"},"_links":{"self":[{"href":"https:\/\/www.tucomarca.com\/wordpress\/segunda\/wp-json\/wp\/v2\/posts\/143218","targetHints":{"allow":["GET"]}}],"collection":[{"href":"https:\/\/www.tucomarca.com\/wordpress\/segunda\/wp-json\/wp\/v2\/posts"}],"about":[{"href":"https:\/\/www.tucomarca.com\/wordpress\/segunda\/wp-json\/wp\/v2\/types\/post"}],"author":[{"embeddable":true,"href":"https:\/\/www.tucomarca.com\/wordpress\/segunda\/wp-json\/wp\/v2\/users\/1"}],"replies":[{"embeddable":true,"href":"https:\/\/www.tucomarca.com\/wordpress\/segunda\/wp-json\/wp\/v2\/comments?post=143218"}],"version-history":[{"count":0,"href":"https:\/\/www.tucomarca.com\/wordpress\/segunda\/wp-json\/wp\/v2\/posts\/143218\/revisions"}],"wp:featuredmedia":[{"embeddable":true,"href":"https:\/\/www.tucomarca.com\/wordpress\/segunda\/wp-json\/wp\/v2\/media\/143219"}],"wp:attachment":[{"href":"https:\/\/www.tucomarca.com\/wordpress\/segunda\/wp-json\/wp\/v2\/media?parent=143218"}],"wp:term":[{"taxonomy":"category","embeddable":true,"href":"https:\/\/www.tucomarca.com\/wordpress\/segunda\/wp-json\/wp\/v2\/categories?post=143218"},{"taxonomy":"post_tag","embeddable":true,"href":"https:\/\/www.tucomarca.com\/wordpress\/segunda\/wp-json\/wp\/v2\/tags?post=143218"}],"curies":[{"name":"wp","href":"https:\/\/api.w.org\/{rel}","templated":true}]}}