{"id":143304,"date":"2021-10-28T08:00:00","date_gmt":"2021-10-28T07:00:00","guid":{"rendered":"http:\/\/www.tucomarca.com\/wordpress\/segunda\/?p=143304"},"modified":"2021-10-29T21:02:47","modified_gmt":"2021-10-29T20:02:47","slug":"el-departamento-de-salud-de-manises-agradece-a-cheste-las-muestras-de-gratitud-a-sus-sanitarios-en-el-municipio","status":"publish","type":"post","link":"https:\/\/www.tucomarca.com\/wordpress\/segunda\/el-departamento-de-salud-de-manises-agradece-a-cheste-las-muestras-de-gratitud-a-sus-sanitarios-en-el-municipio\/","title":{"rendered":"El Departamento de Salud de Manises agradece a Cheste las muestras de gratitud a sus sanitarios en el municipio"},"content":{"rendered":"\n<p>El Ayuntamiento de Cheste ha celebrado un homenaje a los profesionales sanitarios, farmac\u00e9uticos y de limpieza y desinfecci\u00f3n del Centro de Salud de la localidad. Durante el acto se visualiz\u00f3 un reportaje audiovisual elaborado por el consistorio en el que las personas del centro de salud del Departamento de Salud de Manises cuentan la pandemia&nbsp;en primera persona.<s><\/s><\/p>\n\n\n\n<p>\u201cTras los meses tan duros de pandemia, con sucesivas olas, una vacunaci\u00f3n prioritaria y la necesidad de recuperar la asistencia sanitaria presencial, se agradecen estas muestras de reconocimiento. Como muy bien han indicado los representantes locales, la sanidad la protegemos entre todos\u201d, agradece el Coordinador del Centro de Salud, el Dr. Esteban Romero.<\/p>\n\n\n\n<p>\u201cCon este v\u00eddeo tambi\u00e9n se pretende tambi\u00e9n crear lazos de entendimiento y colaboraci\u00f3n entre el centro de salud y la ciudadan\u00eda chestana. Esta pandemia ha puesto de manifiesto la importancia de la atenci\u00f3n primaria y ahora todos y todas somos m\u00e1s conscientes de la necesidad de fortalecer el sistema sanitario y nos hemos de implicar en hacerlo posible\u201d, ha indicado la concejala.<\/p>\n\n\n\n<p>Durante el reconocimiento, el alcalde de la localidad, Jos\u00e9 Morell y la concejala de Cultura y Sanidad, M\u00aa \u00c1ngeles Llorente, han entregado a una representaci\u00f3n de los profesionales sanitarios de la localidad un dibujo original realizado por el artista valenciano Jos\u00e9 Antonio Espinar y regalaron una l\u00e1mina realizada por la ilustradora Eva Cort\u00e9s al Centro de Salud.<\/p>\n\n\n\n<p>Por su parte, el alcalde, Jos\u00e9 Morell, ha destacado la capacidad de adaptaci\u00f3n y el esfuerzo del personal sanitario. \u201cLos propios sanitarios defin\u00eds este a\u00f1o con las palabras esfuerzo, adaptaci\u00f3n, reto, aprendizaje, incertidumbre, miedo, esperanza o colaboraci\u00f3n. Creo que la palabra valientes las engloba a todas porque hay que ser muy valiente para adaptarse, superar el miedo y no dejarse llevar por la par\u00e1lisis, para abrirse a colaborar y para haber mantenido la esperanza en aquellos meses, y el personal del centro de Salud lo fue\u201d, ha concluido.<\/p>\n","protected":false},"excerpt":{"rendered":"<div class=\"mh-excerpt\">El Ayuntamiento de Cheste ha celebrado un homenaje a los profesionales sanitarios, farmac\u00e9uticos y de limpieza y desinfecci\u00f3n del Centro de Salud de la localidad. Durante el acto se visualiz\u00f3 un reportaje audiovisual elaborado por <a class=\"mh-excerpt-more\" href=\"https:\/\/www.tucomarca.com\/wordpress\/segunda\/el-departamento-de-salud-de-manises-agradece-a-cheste-las-muestras-de-gratitud-a-sus-sanitarios-en-el-municipio\/\" title=\"El Departamento de Salud de Manises agradece a Cheste las muestras de gratitud a sus sanitarios en el municipio\">[+] <\/a><\/div>\n","protected":false},"author":12,"featured_media":143306,"comment_status":"open","ping_status":"open","sticky":false,"template":"","format":"standard","meta":{"footnotes":""},"categories":[119,17,128,8,10,142,3,45],"tags":[339,11478,136,5952,15734],"class_list":{"0":"post-143304","1":"post","2":"type-post","3":"status-publish","4":"format-standard","5":"has-post-thumbnail","7":"category-sanidad-la-comarca","8":"category-cheste","9":"category-infraestructuras","10":"category-la-comarca","11":"category-la-hoya","12":"category-politica-la-comarca","13":"category-seccion","14":"category-ventana","15":"tag-cheste-2","16":"tag-departamento-de-salud-de-manises","17":"tag-hospital-de-manises","18":"tag-la-hoya-de-bunol-chiva","19":"tag-sanitarios-de-cheste"},"_links":{"self":[{"href":"https:\/\/www.tucomarca.com\/wordpress\/segunda\/wp-json\/wp\/v2\/posts\/143304","targetHints":{"allow":["GET"]}}],"collection":[{"href":"https:\/\/www.tucomarca.com\/wordpress\/segunda\/wp-json\/wp\/v2\/posts"}],"about":[{"href":"https:\/\/www.tucomarca.com\/wordpress\/segunda\/wp-json\/wp\/v2\/types\/post"}],"author":[{"embeddable":true,"href":"https:\/\/www.tucomarca.com\/wordpress\/segunda\/wp-json\/wp\/v2\/users\/12"}],"replies":[{"embeddable":true,"href":"https:\/\/www.tucomarca.com\/wordpress\/segunda\/wp-json\/wp\/v2\/comments?post=143304"}],"version-history":[{"count":0,"href":"https:\/\/www.tucomarca.com\/wordpress\/segunda\/wp-json\/wp\/v2\/posts\/143304\/revisions"}],"wp:featuredmedia":[{"embeddable":true,"href":"https:\/\/www.tucomarca.com\/wordpress\/segunda\/wp-json\/wp\/v2\/media\/143306"}],"wp:attachment":[{"href":"https:\/\/www.tucomarca.com\/wordpress\/segunda\/wp-json\/wp\/v2\/media?parent=143304"}],"wp:term":[{"taxonomy":"category","embeddable":true,"href":"https:\/\/www.tucomarca.com\/wordpress\/segunda\/wp-json\/wp\/v2\/categories?post=143304"},{"taxonomy":"post_tag","embeddable":true,"href":"https:\/\/www.tucomarca.com\/wordpress\/segunda\/wp-json\/wp\/v2\/tags?post=143304"}],"curies":[{"name":"wp","href":"https:\/\/api.w.org\/{rel}","templated":true}]}}