{"id":143331,"date":"2021-10-28T08:45:00","date_gmt":"2021-10-28T07:45:00","guid":{"rendered":"http:\/\/www.tucomarca.com\/wordpress\/segunda\/?p=143331"},"modified":"2021-10-29T20:57:08","modified_gmt":"2021-10-29T19:57:08","slug":"utiel-inicia-los-actos-conmemorativos-del-centenario-del-nacimiento-de-berlanga","status":"publish","type":"post","link":"https:\/\/www.tucomarca.com\/wordpress\/segunda\/utiel-inicia-los-actos-conmemorativos-del-centenario-del-nacimiento-de-berlanga\/","title":{"rendered":"Utiel inicia los actos conmemorativos del centenario del nacimiento de Berlanga"},"content":{"rendered":"\n<h4 class=\"wp-block-heading\">El cineasta con ra\u00edces utielanas contar\u00e1 con una calle con su nombre en el municipio.&nbsp;<\/h4>\n\n\n\n<p>Ma\u00f1ana arranca el programa de actividades con la presentaci\u00f3n del libro \u201cBerlanga. Vida y cine de un creador irreverente\u00bb y continuar\u00e1 con ciclo de cinef\u00f3rum y una exposici\u00f3n especial dedicada al director valenciano<\/p>\n\n\n\n<p>El centenario del nacimiento del gran maestro del cine, Luis Garc\u00eda Berlanga&nbsp;es&nbsp;uno de los&nbsp;acontecimientos culturales de este&nbsp;2021 y el Ayuntamiento de Utiel no pod\u00eda olvidar a la gran figura del cineasta con ra\u00edces utielanas.<\/p>\n\n\n\n<p>Por este motivo, durante este A\u00f1o-Berlanga, la concejal\u00eda de Cultura ha programado diferentes actividades conmemorativas sobre el genio del cine espa\u00f1ol y su arraigo con el municipio, donde estuvo veraneando varios a\u00f1os. Sus lazos al municipio provienen, principalmente de su abuelo, Fidel Garc\u00eda Berlanga, que fue alcalde de Utiel y presidente de la Diputaci\u00f3n de Valencia.&nbsp;<\/p>\n\n\n\n<p><strong>Programa A\u00f1o Garc\u00eda Berlanga en Utiel&nbsp;<\/strong><\/p>\n\n\n\n<p>Ma\u00f1ana, 29 de octubre, en la Casa de Cultura, arrancan los actos conmemorativos con la presentaci\u00f3n del libro \u00abBerlanga. Vida y cine de un creador irreverente\u00bb del periodista e historiador Miguel \u00c1ngel Villena Garc\u00eda.&nbsp;<\/p>\n\n\n\n<p>A partir de las 19.00 horas, el escritor con ra\u00edces utielanas presentar\u00e1 su obra galardonada con el XXXIII Premio Comillas en la que narra la biograf\u00eda sobre la irreverente personalidad de Berlanga. Una minuciosa reconstrucci\u00f3n de la vida y obra del cineasta que supo radiografiar con humor la sociedad espa\u00f1ola en general y la rural en particular, con gui\u00f1os a las costumbres de pueblo, en las que Utiel aparece reflejado en numerosas escenas.<\/p>\n\n\n\n<p><strong>Ciclo de Cinef\u00f3rum&nbsp;<\/strong><\/p>\n\n\n\n<p>A partir del pr\u00f3ximo mes de noviembre y hasta marzo, el primer viernes de cada mes, la Casa de Cultura de Utiel acoger\u00e1 el Ciclo de Cine homenaje a su paisano Berlanga.&nbsp; Una selecci\u00f3n especial de sus mejores obras que arrancar\u00e1 en la d\u00e9cada de los 50 con \u201cBienvenido Mr. Marshall\u201d y finalizar\u00e1 en los 90 con la pel\u00edcula \u201cTodos a la c\u00e1rcel\u201d.<\/p>\n\n\n\n<p>Las proyecciones contar\u00e1n con presentaciones y posteriores coloquios dirigidos por miembros de la Mostra de Val\u00e8ncia &#8211; Cinema del Mediterrani.<\/p>\n\n\n\n<p><strong>CALENDARIO DE PROYECCIONES&nbsp;<\/strong><\/p>\n\n\n\n<p><strong><em>Sal\u00f3n de Actos Casa de Cultura Utiel -19 horas&nbsp;<\/em><\/strong><\/p>\n\n\n\n<p><strong>(Entrada gratuita)<\/strong><\/p>\n\n\n\n<p><strong>5 de noviembre: \u201cBienvenido Mr. Marshall\u201d<\/strong><\/p>\n\n\n\n<p>Presentaci\u00f3n: Isadora Guardia&nbsp;<\/p>\n\n\n\n<p><strong>3 de diciembre: \u201cPl\u00e1cido\u201d<\/strong><\/p>\n\n\n\n<p>Presentaci\u00f3n: Ram\u00f3n Alfonso<\/p>\n\n\n\n<p><strong>7 de enero: \u201cLa escopeta nacional\u201d<\/strong><\/p>\n\n\n\n<p>Presentaci\u00f3n: Enric Albero&nbsp;<\/p>\n\n\n\n<p><strong>4 de febrero: \u201cLa vaquilla\u201d<\/strong><\/p>\n\n\n\n<p>Presentaci\u00f3n: Aar\u00f3n Rodr\u00edguez Serrano<\/p>\n\n\n\n<p><strong>4 de marzo: \u201cTodos a la c\u00e1rcel\u201d<\/strong><\/p>\n\n\n\n<p>Presentaci\u00f3n: Shaila Garc\u00eda Serrano&nbsp;<\/p>\n\n\n\n<p>Adem\u00e1s de estas actividades, el consistorio utielano est\u00e1 organizando una exposici\u00f3n sobre el gran gigante del cine espa\u00f1ol de proyecci\u00f3n internacional que leg\u00f3 una carrera art\u00edstica de m\u00e1s 5 d\u00e9cadas en la que Utiel tuvo un espacio destacado en su universo berlanguiano.&nbsp;<\/p>\n\n\n\n<p>Esta misma tarde, la sesi\u00f3n de pleno del Ayuntamiento de Utiel incluye la denominaci\u00f3n de una calle del municipio con el nombre del reconocido director de cine de ascendencia utielana, Luis Garc\u00eda Berlanga.<\/p>\n","protected":false},"excerpt":{"rendered":"<div class=\"mh-excerpt\">El cineasta con ra\u00edces utielanas contar\u00e1 con una calle con su nombre en el municipio.&nbsp; Ma\u00f1ana arranca el programa de actividades con la presentaci\u00f3n del libro \u201cBerlanga. Vida y cine de un creador irreverente\u00bb y <a class=\"mh-excerpt-more\" href=\"https:\/\/www.tucomarca.com\/wordpress\/segunda\/utiel-inicia-los-actos-conmemorativos-del-centenario-del-nacimiento-de-berlanga\/\" title=\"Utiel inicia los actos conmemorativos del centenario del nacimiento de Berlanga\">[+] <\/a><\/div>\n","protected":false},"author":12,"featured_media":143333,"comment_status":"open","ping_status":"open","sticky":false,"template":"","format":"standard","meta":{"footnotes":""},"categories":[4,8,7,27,3,29],"tags":[14408,15739,10389,1987],"class_list":{"0":"post-143331","1":"post","2":"type-post","3":"status-publish","4":"format-standard","5":"has-post-thumbnail","7":"category-agenda","8":"category-la-comarca","9":"category-ocio-y-cultura","10":"category-requena-utiel","11":"category-seccion","12":"category-utiel","13":"tag-ano-berlanga","14":"tag-luis-garcia-berlanga","15":"tag-utiel","16":"tag-utiel-requena"},"_links":{"self":[{"href":"https:\/\/www.tucomarca.com\/wordpress\/segunda\/wp-json\/wp\/v2\/posts\/143331","targetHints":{"allow":["GET"]}}],"collection":[{"href":"https:\/\/www.tucomarca.com\/wordpress\/segunda\/wp-json\/wp\/v2\/posts"}],"about":[{"href":"https:\/\/www.tucomarca.com\/wordpress\/segunda\/wp-json\/wp\/v2\/types\/post"}],"author":[{"embeddable":true,"href":"https:\/\/www.tucomarca.com\/wordpress\/segunda\/wp-json\/wp\/v2\/users\/12"}],"replies":[{"embeddable":true,"href":"https:\/\/www.tucomarca.com\/wordpress\/segunda\/wp-json\/wp\/v2\/comments?post=143331"}],"version-history":[{"count":0,"href":"https:\/\/www.tucomarca.com\/wordpress\/segunda\/wp-json\/wp\/v2\/posts\/143331\/revisions"}],"wp:featuredmedia":[{"embeddable":true,"href":"https:\/\/www.tucomarca.com\/wordpress\/segunda\/wp-json\/wp\/v2\/media\/143333"}],"wp:attachment":[{"href":"https:\/\/www.tucomarca.com\/wordpress\/segunda\/wp-json\/wp\/v2\/media?parent=143331"}],"wp:term":[{"taxonomy":"category","embeddable":true,"href":"https:\/\/www.tucomarca.com\/wordpress\/segunda\/wp-json\/wp\/v2\/categories?post=143331"},{"taxonomy":"post_tag","embeddable":true,"href":"https:\/\/www.tucomarca.com\/wordpress\/segunda\/wp-json\/wp\/v2\/tags?post=143331"}],"curies":[{"name":"wp","href":"https:\/\/api.w.org\/{rel}","templated":true}]}}