{"id":143366,"date":"2021-10-27T10:42:00","date_gmt":"2021-10-27T09:42:00","guid":{"rendered":"http:\/\/www.tucomarca.com\/wordpress\/segunda\/?p=143366"},"modified":"2021-10-29T20:45:46","modified_gmt":"2021-10-29T19:45:46","slug":"el-departamento-de-salud-de-la-ribera-inicia-la-campana-de-vacunacion-de-la-gripe-2021-2022","status":"publish","type":"post","link":"https:\/\/www.tucomarca.com\/wordpress\/segunda\/el-departamento-de-salud-de-la-ribera-inicia-la-campana-de-vacunacion-de-la-gripe-2021-2022\/","title":{"rendered":"El Departamento de Salud de la Ribera inicia la campa\u00f1a de vacunaci\u00f3n de la gripe 2021-2022"},"content":{"rendered":"\n<h4 class=\"wp-block-heading\">La vacunaci\u00f3n se realizar\u00e1 en los centros de salud, con cita previa y priorizando a los grupos m\u00e1s vulnerables<\/h4>\n\n\n\n<h4 class=\"wp-block-heading\">Las personas de los grupos de riesgo que quieran vacunarse deber\u00e1n solicitar cita a trav\u00e9s de la APP GVA+Salut o bien llamando a su centro de salud<\/h4>\n\n\n\n<h4 class=\"wp-block-heading\">Las vacunas de ARNm frente al Covid-19 se pueden administrar de manera conjunta con la vacuna de la gripe<\/h4>\n\n\n\n<p>El Departamento de Salud de la Ribera comienza hoy, 27 de octubre, la campa\u00f1a de vacunaci\u00f3n contra la gripe para la temporada 2021-2022. Para ello, cuenta con una provisi\u00f3n inicial para las primeras semanas de vacunaci\u00f3n de 37.000 dosis de vacuna, que se ir\u00e1 ampliando a medida que avance la campa\u00f1a.<\/p>\n\n\n\n<p>Como en el resto de la Comunidad Valenciana, la vacunaci\u00f3n se realizar\u00e1 en los centros de salud, con cita previa para evitar aglomeraciones, y priorizando a los grupos m\u00e1s vulnerables.&nbsp;<\/p>\n\n\n\n<p>De esta forma, la vacunaci\u00f3n comenzar\u00e1 en las personas mayores de 70 a\u00f1os, unas 38.000 en la comarca de la Ribera, que recibir\u00e1n la vacuna de la gripe junto a una dosis de refuerzo de la vacuna frente al Covid-19. Esta dosis de recuerdo ser\u00e1 una ARNm (vacunas de Pfizer y Moderna) y se pinchar\u00e1 junto con la vacuna de la gripe (preferentemente, una inyecci\u00f3n en cada brazo). Tambi\u00e9n se les ofrecer\u00e1 la vacuna de neumococo a aquellas personas que no est\u00e9n ya vacunadas. Para poder recibir la dosis de refuerzo frente al Covid-19, tendr\u00e1n que haber pasado, al menos seis meses, desde la segunda dosis.&nbsp;<\/p>\n\n\n\n<p>Seg\u00fan destacan las autoridades sanitarias, la vacunaci\u00f3n simult\u00e1nea con ambas vacunas (una en cada brazo) es la recomendada cuando sea posible. Tal y como ha se\u00f1alado el Consejo Interterritorial del Sistema Nacional de Salud, las vacunas de ARNm frente a COVID-19 se pueden administrar de manera conjunta con cualquier vacuna, en lugares anat\u00f3micos diferentes, incluida la vacuna frente a gripe y neumococo.<\/p>\n\n\n\n<p>Junto al colectivo de mayores de 70 a\u00f1os, tambi\u00e9n se vacunar\u00e1, durante las primeras semanas de la campa\u00f1a, a las mujeres embarazadas, a los residentes y trabajadores de las residencias de mayores o con diversidad funcional, y a los trabajadores sanitarios.&nbsp;<\/p>\n\n\n\n<p>Una vez finalizados estos grupos, se iniciar\u00e1 la vacunaci\u00f3n del resto de grupos de riesgo, es decir, las personas de entre 65 y 69 a\u00f1os, los menores de 64 a\u00f1os con patolog\u00edas de riesgo y los profesionales de los cuerpos y fuerzas de seguridad.&nbsp;<\/p>\n\n\n\n<p>Las personas de los grupos de riesgo que quieran vacunarse podr\u00e1n solicitar cita previa, de una forma sencilla y r\u00e1pida, a trav\u00e9s de la APP GVA+Salut, evitando, as\u00ed llamar al centro de salud, aunque esta posibilidad tambi\u00e9n ser mantendr\u00e1. Solo se activar\u00e1 la cita para la vacuna a trav\u00e9s de la APP a aquellas personas que pertenezcan a un grupo de riesgo.<\/p>\n\n\n\n<p>Cabe recordar que la gripe es un proceso banal en personas sin patolog\u00eda, pero puede provocar complicaciones en personas con enfermedades previas o en mujeres embarazadas. Quienes se vacunan tienen un menor riesgo de padecer complicaciones y, en este sentido, la vacuna frente a la gripe es segura y eficaz, seg\u00fan las evidencias cient\u00edficas.<\/p>\n\n\n\n<p><strong>Vacuna de la gripe y coronavirus<\/strong><\/p>\n\n\n\n<p>Asimismo, esta vacuna es segura en personas que han superado o que padecen Covid-19. Quienes ya la han pasado o la sufren de forma leve o asintom\u00e1tica, se podr\u00e1n vacunar contra la gripe cuando terminen los d\u00edas de aislamiento recomendados.<\/p>\n\n\n\n<p>Del mismo modo, los contactos estrechos de un caso confirmado que pertenezcan a los grupos en los que se recomienda la vacunaci\u00f3n frente a la gripe, podr\u00e1n vacunarse una vez hayan superado el periodo de cuarentena sin haber desarrollado s\u00edntomas.&nbsp;<\/p>\n","protected":false},"excerpt":{"rendered":"<div class=\"mh-excerpt\">La vacunaci\u00f3n se realizar\u00e1 en los centros de salud, con cita previa y priorizando a los grupos m\u00e1s vulnerables Las personas de los grupos de riesgo que quieran vacunarse deber\u00e1n solicitar cita a trav\u00e9s de <a class=\"mh-excerpt-more\" href=\"https:\/\/www.tucomarca.com\/wordpress\/segunda\/el-departamento-de-salud-de-la-ribera-inicia-la-campana-de-vacunacion-de-la-gripe-2021-2022\/\" title=\"El Departamento de Salud de la Ribera inicia la campa\u00f1a de vacunaci\u00f3n de la gripe 2021-2022\">[+] <\/a><\/div>\n","protected":false},"author":12,"featured_media":143368,"comment_status":"open","ping_status":"open","sticky":false,"template":"","format":"standard","meta":{"footnotes":""},"categories":[69,119,12201,128,8,42,3],"tags":[10402,14092,1407,12640],"class_list":{"0":"post-143366","1":"post","2":"type-post","3":"status-publish","4":"format-standard","5":"has-post-thumbnail","7":"category-alzira","8":"category-sanidad-la-comarca","9":"category-covid-19","10":"category-infraestructuras","11":"category-la-comarca","12":"category-la-ribera","13":"category-seccion","14":"tag-alzira","15":"tag-departamento-de-salud-de-la-ribera","16":"tag-ribera-alta","17":"tag-vacunacion-gripe"},"_links":{"self":[{"href":"https:\/\/www.tucomarca.com\/wordpress\/segunda\/wp-json\/wp\/v2\/posts\/143366","targetHints":{"allow":["GET"]}}],"collection":[{"href":"https:\/\/www.tucomarca.com\/wordpress\/segunda\/wp-json\/wp\/v2\/posts"}],"about":[{"href":"https:\/\/www.tucomarca.com\/wordpress\/segunda\/wp-json\/wp\/v2\/types\/post"}],"author":[{"embeddable":true,"href":"https:\/\/www.tucomarca.com\/wordpress\/segunda\/wp-json\/wp\/v2\/users\/12"}],"replies":[{"embeddable":true,"href":"https:\/\/www.tucomarca.com\/wordpress\/segunda\/wp-json\/wp\/v2\/comments?post=143366"}],"version-history":[{"count":0,"href":"https:\/\/www.tucomarca.com\/wordpress\/segunda\/wp-json\/wp\/v2\/posts\/143366\/revisions"}],"wp:featuredmedia":[{"embeddable":true,"href":"https:\/\/www.tucomarca.com\/wordpress\/segunda\/wp-json\/wp\/v2\/media\/143368"}],"wp:attachment":[{"href":"https:\/\/www.tucomarca.com\/wordpress\/segunda\/wp-json\/wp\/v2\/media?parent=143366"}],"wp:term":[{"taxonomy":"category","embeddable":true,"href":"https:\/\/www.tucomarca.com\/wordpress\/segunda\/wp-json\/wp\/v2\/categories?post=143366"},{"taxonomy":"post_tag","embeddable":true,"href":"https:\/\/www.tucomarca.com\/wordpress\/segunda\/wp-json\/wp\/v2\/tags?post=143366"}],"curies":[{"name":"wp","href":"https:\/\/api.w.org\/{rel}","templated":true}]}}