{"id":143523,"date":"2021-11-03T20:00:00","date_gmt":"2021-11-03T19:00:00","guid":{"rendered":"http:\/\/www.tucomarca.com\/wordpress\/segunda\/?p=143523"},"modified":"2021-11-08T11:29:49","modified_gmt":"2021-11-08T10:29:49","slug":"finaliza-la-sexta-edicion-de-graffitea-con-un-fin-de-semana-cargado-de-actividades","status":"publish","type":"post","link":"https:\/\/www.tucomarca.com\/wordpress\/segunda\/finaliza-la-sexta-edicion-de-graffitea-con-un-fin-de-semana-cargado-de-actividades\/","title":{"rendered":"Finaliza la sexta edici\u00f3n de Graffitea con un fin de semana cargado de actividades"},"content":{"rendered":"\n<h4 class=\"wp-block-heading\">Cheste cuenta ya con 100 murales en sus fachadas<\/h4>\n\n\n\n<p>El pasado domingo, 31 de octubre, finalizaba la sexta edici\u00f3n del Festival de <em>street art<\/em> Graffitea Cheste, sumando 10 murales de gran formato al itinerario art\u00edstico de la localidad, que ya cuenta con 100 obras a cargo de 90 artistas y forma parte de la Red de Centros de Arte Contempor\u00e1neo en el Entorno Rural. Como cada a\u00f1o, adem\u00e1s de las intervenciones murales, que son el eje central de Graffitea, el programa del festival ha incluido diferentes actividades en torno a la divulgaci\u00f3n del arte urbano, en esta ocasi\u00f3n centradas en la figura del artista valenciano Josep Renau.&nbsp;<\/p>\n\n\n\n<p>\u201cUn a\u00f1o m\u00e1s el arte ha salido a la calle. Los artistas urbanos han pintado lo que han querido, siendo cr\u00edticos e iconoclastas, porque ellos y ellas no se venden ni tiene miedo; representan sus obras en el espacio p\u00fablico, creando lugares de libre expresi\u00f3n y comunicaci\u00f3n con el mundo. El arte urbano formula con creatividad y belleza lo que somos, lo que fuimos y lo que seremos\u201d, ha apuntado la concejala de Cultura e impulsora del festival, M\u00aa \u00c1ngeles Llorente.<\/p>\n\n\n\n<p><strong>Cinef\u00f3rum sobre Renau: reivindicaci\u00f3n de una escuela de muralistas en Valencia<\/strong><\/p>\n\n\n\n<p>El viernes, 29 de octubre, se celebr\u00f3 una sesi\u00f3n especial de cinef\u00f3rum que cont\u00f3 con la proyecci\u00f3n de la versi\u00f3n extendida del documental <em>Josep Renau, el arte en peligro, <\/em>dirigido por Eva Vizcarra y Rafa Casa\u00f1 y nominado a 9 Goyas. Tras el visionado, el periodista bi\u00f3grafo del artista, Fernando Bell\u00f3n P\u00e9rez, autor de la obra <em>Josep Renau. La abrumadora responsabilidad del arte, <\/em>y el ilustrador y experto en la figura de Renau, Javier Parra, introdujeron el coloquio con sus reflexiones sobre el documental. Parra record\u00f3 que el proyecto de Renau era crear en su tierra natal una escuela de muralistas donde poder ense\u00f1ar a la gente joven todo lo que \u00e9l hab\u00eda aprendido durante una vida de trabajo, siguiendo con su premisa de sacar el arte a la calle. \u201cEsa especie de academia era algo que Renau quer\u00eda hacer y no solo que su obra quedase conservada en un museo y mostrada en una exposici\u00f3n\u201d, destacaba Parra.<\/p>\n\n\n\n<p><strong>Rutas guiadas<\/strong><\/p>\n\n\n\n<p>El s\u00e1bado y el domingo se realizaron recorridos guiados gratuitos de 90 minutos de duraci\u00f3n para dar a conocer los murales intervenidos durante la sexta edici\u00f3n del festival. Durante las visitas, a cargo de la empresa Tarasca Turisme, las personas participantes tuvieron la oportunidad de hablar con los y las artistas y ver en vivo una parte del proceso creativo. Adem\u00e1s, pudieron conocer la iniciativa \u201cMuros conscientes\u201d, que ha comenzado este a\u00f1o y que contempla la intervenci\u00f3n de espacios para reivindicar derechos fundamentales. Este a\u00f1o el primer mural ha corrido a cargo del artista valenciano Jos\u00e9 Antonio Espinar, quien ha realizado su trabajo en una fachada de la calle Acequia, en pro de la sanidad p\u00fablica, universal y de calidad.<\/p>\n\n\n\n<p>Tal y como explicaron los gu\u00edas de la empresa Tasca Turisme, encargada de realizar los recorridos, Graffitea pone en valor las obras de artistas urbanos contempor\u00e1neos y persigue la divulgaci\u00f3n hist\u00f3rico-cultural del <em>street art<\/em>, as\u00ed como la transformaci\u00f3n de zonas de la localidad, convirti\u00e9ndolas en ventanas abiertas al arte y la cultura.<\/p>\n\n\n\n<figure class=\"wp-block-gallery columns-2 is-cropped wp-block-gallery-1 is-layout-flex wp-block-gallery-is-layout-flex\"><ul class=\"blocks-gallery-grid\"><li class=\"blocks-gallery-item\"><figure><img loading=\"lazy\" decoding=\"async\" width=\"1024\" height=\"682\" src=\"https:\/\/www.tucomarca.com\/wordpress\/segunda\/wp-content\/uploads\/2021\/11\/Graffitea03-1024x682.jpg\" alt=\"\" data-id=\"143529\" data-full-url=\"https:\/\/www.tucomarca.com\/wordpress\/segunda\/wp-content\/uploads\/2021\/11\/Graffitea03.jpg\" data-link=\"https:\/\/www.tucomarca.com\/wordpress\/segunda\/?attachment_id=143529\" class=\"wp-image-143529\" srcset=\"https:\/\/www.tucomarca.com\/wordpress\/segunda\/wp-content\/uploads\/2021\/11\/Graffitea03-1024x682.jpg 1024w, https:\/\/www.tucomarca.com\/wordpress\/segunda\/wp-content\/uploads\/2021\/11\/Graffitea03-300x200.jpg 300w, https:\/\/www.tucomarca.com\/wordpress\/segunda\/wp-content\/uploads\/2021\/11\/Graffitea03-768x512.jpg 768w, https:\/\/www.tucomarca.com\/wordpress\/segunda\/wp-content\/uploads\/2021\/11\/Graffitea03.jpg 1181w\" sizes=\"auto, (max-width: 1024px) 100vw, 1024px\" \/><\/figure><\/li><li class=\"blocks-gallery-item\"><figure><img loading=\"lazy\" decoding=\"async\" width=\"1024\" height=\"682\" src=\"https:\/\/www.tucomarca.com\/wordpress\/segunda\/wp-content\/uploads\/2021\/11\/Graffitea02-1024x682.jpg\" alt=\"\" data-id=\"143527\" data-full-url=\"https:\/\/www.tucomarca.com\/wordpress\/segunda\/wp-content\/uploads\/2021\/11\/Graffitea02.jpg\" data-link=\"https:\/\/www.tucomarca.com\/wordpress\/segunda\/?attachment_id=143527\" class=\"wp-image-143527\" srcset=\"https:\/\/www.tucomarca.com\/wordpress\/segunda\/wp-content\/uploads\/2021\/11\/Graffitea02-1024x682.jpg 1024w, https:\/\/www.tucomarca.com\/wordpress\/segunda\/wp-content\/uploads\/2021\/11\/Graffitea02-300x200.jpg 300w, https:\/\/www.tucomarca.com\/wordpress\/segunda\/wp-content\/uploads\/2021\/11\/Graffitea02-768x512.jpg 768w, https:\/\/www.tucomarca.com\/wordpress\/segunda\/wp-content\/uploads\/2021\/11\/Graffitea02.jpg 1181w\" sizes=\"auto, (max-width: 1024px) 100vw, 1024px\" \/><\/figure><\/li><li class=\"blocks-gallery-item\"><figure><img loading=\"lazy\" decoding=\"async\" width=\"1024\" height=\"646\" src=\"https:\/\/www.tucomarca.com\/wordpress\/segunda\/wp-content\/uploads\/2021\/11\/Graffitea04-1024x646.jpg\" alt=\"\" data-id=\"143531\" data-full-url=\"https:\/\/www.tucomarca.com\/wordpress\/segunda\/wp-content\/uploads\/2021\/11\/Graffitea04.jpg\" data-link=\"https:\/\/www.tucomarca.com\/wordpress\/segunda\/?attachment_id=143531\" class=\"wp-image-143531\" srcset=\"https:\/\/www.tucomarca.com\/wordpress\/segunda\/wp-content\/uploads\/2021\/11\/Graffitea04-1024x646.jpg 1024w, https:\/\/www.tucomarca.com\/wordpress\/segunda\/wp-content\/uploads\/2021\/11\/Graffitea04-300x189.jpg 300w, https:\/\/www.tucomarca.com\/wordpress\/segunda\/wp-content\/uploads\/2021\/11\/Graffitea04-768x484.jpg 768w, https:\/\/www.tucomarca.com\/wordpress\/segunda\/wp-content\/uploads\/2021\/11\/Graffitea04.jpg 1181w\" sizes=\"auto, (max-width: 1024px) 100vw, 1024px\" \/><\/figure><\/li><li class=\"blocks-gallery-item\"><figure><img loading=\"lazy\" decoding=\"async\" width=\"1024\" height=\"768\" src=\"https:\/\/www.tucomarca.com\/wordpress\/segunda\/wp-content\/uploads\/2021\/11\/Graffitea05-1024x768.jpg\" alt=\"\" data-id=\"143533\" data-full-url=\"https:\/\/www.tucomarca.com\/wordpress\/segunda\/wp-content\/uploads\/2021\/11\/Graffitea05.jpg\" data-link=\"https:\/\/www.tucomarca.com\/wordpress\/segunda\/?attachment_id=143533\" class=\"wp-image-143533\" srcset=\"https:\/\/www.tucomarca.com\/wordpress\/segunda\/wp-content\/uploads\/2021\/11\/Graffitea05-1024x768.jpg 1024w, https:\/\/www.tucomarca.com\/wordpress\/segunda\/wp-content\/uploads\/2021\/11\/Graffitea05-300x225.jpg 300w, https:\/\/www.tucomarca.com\/wordpress\/segunda\/wp-content\/uploads\/2021\/11\/Graffitea05-768x576.jpg 768w, https:\/\/www.tucomarca.com\/wordpress\/segunda\/wp-content\/uploads\/2021\/11\/Graffitea05-678x509.jpg 678w, https:\/\/www.tucomarca.com\/wordpress\/segunda\/wp-content\/uploads\/2021\/11\/Graffitea05-326x245.jpg 326w, https:\/\/www.tucomarca.com\/wordpress\/segunda\/wp-content\/uploads\/2021\/11\/Graffitea05-80x60.jpg 80w, https:\/\/www.tucomarca.com\/wordpress\/segunda\/wp-content\/uploads\/2021\/11\/Graffitea05.jpg 1181w\" sizes=\"auto, (max-width: 1024px) 100vw, 1024px\" \/><\/figure><\/li><li class=\"blocks-gallery-item\"><figure><img loading=\"lazy\" decoding=\"async\" width=\"1024\" height=\"682\" src=\"https:\/\/www.tucomarca.com\/wordpress\/segunda\/wp-content\/uploads\/2021\/11\/Graffitea06-1024x682.jpg\" alt=\"\" data-id=\"143535\" data-full-url=\"https:\/\/www.tucomarca.com\/wordpress\/segunda\/wp-content\/uploads\/2021\/11\/Graffitea06.jpg\" data-link=\"https:\/\/www.tucomarca.com\/wordpress\/segunda\/?attachment_id=143535\" class=\"wp-image-143535\" srcset=\"https:\/\/www.tucomarca.com\/wordpress\/segunda\/wp-content\/uploads\/2021\/11\/Graffitea06-1024x682.jpg 1024w, https:\/\/www.tucomarca.com\/wordpress\/segunda\/wp-content\/uploads\/2021\/11\/Graffitea06-300x200.jpg 300w, https:\/\/www.tucomarca.com\/wordpress\/segunda\/wp-content\/uploads\/2021\/11\/Graffitea06-768x512.jpg 768w, https:\/\/www.tucomarca.com\/wordpress\/segunda\/wp-content\/uploads\/2021\/11\/Graffitea06.jpg 1181w\" sizes=\"auto, (max-width: 1024px) 100vw, 1024px\" \/><\/figure><\/li><li class=\"blocks-gallery-item\"><figure><img loading=\"lazy\" decoding=\"async\" width=\"1024\" height=\"682\" src=\"https:\/\/www.tucomarca.com\/wordpress\/segunda\/wp-content\/uploads\/2021\/11\/Graffitea07-1024x682.jpg\" alt=\"\" data-id=\"143537\" data-full-url=\"https:\/\/www.tucomarca.com\/wordpress\/segunda\/wp-content\/uploads\/2021\/11\/Graffitea07.jpg\" data-link=\"https:\/\/www.tucomarca.com\/wordpress\/segunda\/?attachment_id=143537\" class=\"wp-image-143537\" srcset=\"https:\/\/www.tucomarca.com\/wordpress\/segunda\/wp-content\/uploads\/2021\/11\/Graffitea07-1024x682.jpg 1024w, https:\/\/www.tucomarca.com\/wordpress\/segunda\/wp-content\/uploads\/2021\/11\/Graffitea07-300x200.jpg 300w, https:\/\/www.tucomarca.com\/wordpress\/segunda\/wp-content\/uploads\/2021\/11\/Graffitea07-768x512.jpg 768w, https:\/\/www.tucomarca.com\/wordpress\/segunda\/wp-content\/uploads\/2021\/11\/Graffitea07.jpg 1181w\" sizes=\"auto, (max-width: 1024px) 100vw, 1024px\" \/><\/figure><\/li><li class=\"blocks-gallery-item\"><figure><img loading=\"lazy\" decoding=\"async\" width=\"1024\" height=\"682\" src=\"https:\/\/www.tucomarca.com\/wordpress\/segunda\/wp-content\/uploads\/2021\/11\/Graffitea08-1024x682.jpg\" alt=\"\" data-id=\"143539\" data-full-url=\"https:\/\/www.tucomarca.com\/wordpress\/segunda\/wp-content\/uploads\/2021\/11\/Graffitea08.jpg\" data-link=\"https:\/\/www.tucomarca.com\/wordpress\/segunda\/?attachment_id=143539\" class=\"wp-image-143539\" srcset=\"https:\/\/www.tucomarca.com\/wordpress\/segunda\/wp-content\/uploads\/2021\/11\/Graffitea08-1024x682.jpg 1024w, https:\/\/www.tucomarca.com\/wordpress\/segunda\/wp-content\/uploads\/2021\/11\/Graffitea08-300x200.jpg 300w, https:\/\/www.tucomarca.com\/wordpress\/segunda\/wp-content\/uploads\/2021\/11\/Graffitea08-768x512.jpg 768w, https:\/\/www.tucomarca.com\/wordpress\/segunda\/wp-content\/uploads\/2021\/11\/Graffitea08.jpg 1181w\" sizes=\"auto, (max-width: 1024px) 100vw, 1024px\" \/><\/figure><\/li><li class=\"blocks-gallery-item\"><figure><img loading=\"lazy\" decoding=\"async\" width=\"1024\" height=\"682\" src=\"https:\/\/www.tucomarca.com\/wordpress\/segunda\/wp-content\/uploads\/2021\/11\/Graffitea10-1024x682.jpg\" alt=\"\" data-id=\"143543\" data-full-url=\"https:\/\/www.tucomarca.com\/wordpress\/segunda\/wp-content\/uploads\/2021\/11\/Graffitea10.jpg\" data-link=\"https:\/\/www.tucomarca.com\/wordpress\/segunda\/?attachment_id=143543\" class=\"wp-image-143543\" srcset=\"https:\/\/www.tucomarca.com\/wordpress\/segunda\/wp-content\/uploads\/2021\/11\/Graffitea10-1024x682.jpg 1024w, https:\/\/www.tucomarca.com\/wordpress\/segunda\/wp-content\/uploads\/2021\/11\/Graffitea10-300x200.jpg 300w, https:\/\/www.tucomarca.com\/wordpress\/segunda\/wp-content\/uploads\/2021\/11\/Graffitea10-768x512.jpg 768w, https:\/\/www.tucomarca.com\/wordpress\/segunda\/wp-content\/uploads\/2021\/11\/Graffitea10.jpg 1181w\" sizes=\"auto, (max-width: 1024px) 100vw, 1024px\" \/><\/figure><\/li><li class=\"blocks-gallery-item\"><figure><img loading=\"lazy\" decoding=\"async\" width=\"1024\" height=\"682\" src=\"https:\/\/www.tucomarca.com\/wordpress\/segunda\/wp-content\/uploads\/2021\/11\/Graffitea09-1024x682.jpg\" alt=\"\" data-id=\"143541\" data-full-url=\"https:\/\/www.tucomarca.com\/wordpress\/segunda\/wp-content\/uploads\/2021\/11\/Graffitea09.jpg\" data-link=\"https:\/\/www.tucomarca.com\/wordpress\/segunda\/?attachment_id=143541\" class=\"wp-image-143541\" srcset=\"https:\/\/www.tucomarca.com\/wordpress\/segunda\/wp-content\/uploads\/2021\/11\/Graffitea09-1024x682.jpg 1024w, https:\/\/www.tucomarca.com\/wordpress\/segunda\/wp-content\/uploads\/2021\/11\/Graffitea09-300x200.jpg 300w, https:\/\/www.tucomarca.com\/wordpress\/segunda\/wp-content\/uploads\/2021\/11\/Graffitea09-768x512.jpg 768w, https:\/\/www.tucomarca.com\/wordpress\/segunda\/wp-content\/uploads\/2021\/11\/Graffitea09.jpg 1181w\" sizes=\"auto, (max-width: 1024px) 100vw, 1024px\" \/><\/figure><\/li><\/ul><\/figure>\n","protected":false},"excerpt":{"rendered":"<div class=\"mh-excerpt\">Cheste cuenta ya con 100 murales en sus fachadas El pasado domingo, 31 de octubre, finalizaba la sexta edici\u00f3n del Festival de street art Graffitea Cheste, sumando 10 murales de gran formato al itinerario art\u00edstico <a class=\"mh-excerpt-more\" href=\"https:\/\/www.tucomarca.com\/wordpress\/segunda\/finaliza-la-sexta-edicion-de-graffitea-con-un-fin-de-semana-cargado-de-actividades\/\" title=\"Finaliza la sexta edici\u00f3n de Graffitea con un fin de semana cargado de actividades\">[+] <\/a><\/div>\n","protected":false},"author":12,"featured_media":143525,"comment_status":"open","ping_status":"open","sticky":false,"template":"","format":"standard","meta":{"footnotes":""},"categories":[17,8,10,7,92,3],"tags":[339,14513,15164,5952],"class_list":{"0":"post-143523","1":"post","2":"type-post","3":"status-publish","4":"format-standard","5":"has-post-thumbnail","7":"category-cheste","8":"category-la-comarca","9":"category-la-hoya","10":"category-ocio-y-cultura","11":"category-pintura","12":"category-seccion","13":"tag-cheste-2","14":"tag-festival-de-street-art-graffitea","15":"tag-graffitea-2021","16":"tag-la-hoya-de-bunol-chiva"},"_links":{"self":[{"href":"https:\/\/www.tucomarca.com\/wordpress\/segunda\/wp-json\/wp\/v2\/posts\/143523","targetHints":{"allow":["GET"]}}],"collection":[{"href":"https:\/\/www.tucomarca.com\/wordpress\/segunda\/wp-json\/wp\/v2\/posts"}],"about":[{"href":"https:\/\/www.tucomarca.com\/wordpress\/segunda\/wp-json\/wp\/v2\/types\/post"}],"author":[{"embeddable":true,"href":"https:\/\/www.tucomarca.com\/wordpress\/segunda\/wp-json\/wp\/v2\/users\/12"}],"replies":[{"embeddable":true,"href":"https:\/\/www.tucomarca.com\/wordpress\/segunda\/wp-json\/wp\/v2\/comments?post=143523"}],"version-history":[{"count":0,"href":"https:\/\/www.tucomarca.com\/wordpress\/segunda\/wp-json\/wp\/v2\/posts\/143523\/revisions"}],"wp:featuredmedia":[{"embeddable":true,"href":"https:\/\/www.tucomarca.com\/wordpress\/segunda\/wp-json\/wp\/v2\/media\/143525"}],"wp:attachment":[{"href":"https:\/\/www.tucomarca.com\/wordpress\/segunda\/wp-json\/wp\/v2\/media?parent=143523"}],"wp:term":[{"taxonomy":"category","embeddable":true,"href":"https:\/\/www.tucomarca.com\/wordpress\/segunda\/wp-json\/wp\/v2\/categories?post=143523"},{"taxonomy":"post_tag","embeddable":true,"href":"https:\/\/www.tucomarca.com\/wordpress\/segunda\/wp-json\/wp\/v2\/tags?post=143523"}],"curies":[{"name":"wp","href":"https:\/\/api.w.org\/{rel}","templated":true}]}}