{"id":144164,"date":"2021-11-15T22:00:00","date_gmt":"2021-11-15T21:00:00","guid":{"rendered":"http:\/\/www.tucomarca.com\/wordpress\/segunda\/?p=144164"},"modified":"2021-11-16T13:12:53","modified_gmt":"2021-11-16T12:12:53","slug":"opinion-a-bocajarro-por-joseh-larrazabal","status":"publish","type":"post","link":"https:\/\/www.tucomarca.com\/wordpress\/segunda\/opinion-a-bocajarro-por-joseh-larrazabal\/","title":{"rendered":"Opini\u00f3n: A Bocajarro, por J\u00f3seh Larraz\u00e1bal"},"content":{"rendered":"\n<h4 class=\"wp-block-heading\">La Generalitat Valenciana acaba de rechazar la pr\u00f3rroga que el VCL (Valencia club de Lim) solicitaba hasta el a\u00f1o 2030 (ATE).<br>A los miembros del VCL ya solo les queda la v\u00eda judicial.<\/h4>\n\n\n\n<figure class=\"wp-block-image size-large is-resized\"><img loading=\"lazy\" decoding=\"async\" src=\"https:\/\/www.tucomarca.com\/wordpress\/segunda\/wp-content\/uploads\/2021\/11\/Larrazabal-1018x1024.jpg\" alt=\"\" class=\"wp-image-144170\" width=\"171\" height=\"172\" srcset=\"https:\/\/www.tucomarca.com\/wordpress\/segunda\/wp-content\/uploads\/2021\/11\/Larrazabal-1018x1024.jpg 1018w, https:\/\/www.tucomarca.com\/wordpress\/segunda\/wp-content\/uploads\/2021\/11\/Larrazabal-298x300.jpg 298w, https:\/\/www.tucomarca.com\/wordpress\/segunda\/wp-content\/uploads\/2021\/11\/Larrazabal-290x290.jpg 290w, https:\/\/www.tucomarca.com\/wordpress\/segunda\/wp-content\/uploads\/2021\/11\/Larrazabal-768x773.jpg 768w, https:\/\/www.tucomarca.com\/wordpress\/segunda\/wp-content\/uploads\/2021\/11\/Larrazabal-1526x1536.jpg 1526w, https:\/\/www.tucomarca.com\/wordpress\/segunda\/wp-content\/uploads\/2021\/11\/Larrazabal.jpg 1575w\" sizes=\"auto, (max-width: 171px) 100vw, 171px\" \/><\/figure>\n\n\n\n<p>La autoridades valencianas ya se han cansado de que Meriton les tome el pelo y han dicho \u00abbasta ya, vayan a tomar el pelo a otro sitio.\u00bb<br>O reanudan vds ya las obras del Nou MESTALLA o se acab\u00f3 la ATE (Actuaci\u00f3n territorial estrat\u00e9gica) y por tanto se acab\u00f3 el NOU MESTALLA.<br>El problema, uno de ellos, es que sobre el viejo Mestalla hay una \u00absentencia firme\u00bb que obliga a derribar una de las gradas que se construyeron, con Paco Roig como presidente, por estar hecha sobre suelo no urbanizable o algo as\u00ed.<br>Los vecinos, que no hab\u00edan tomado ninguna iniciativa hasta ahora, ya se han manifestado y dicha grada ilegal podr\u00eda ser derribada en poco tiempo.El futuro es muy incierto y complicado para el VCF.<br>Miren, Lim no va a acabar el campo nuevo porque no va a estar en el Valencia muchos a\u00f1os m\u00e1s. Ya di mis argumentos sobre esto. Entrado en a\u00f1os, \u00bf para que quiere un campo nuevo si no va a tener tiempo de sacarle ping\u00fces beneficios?.Y cuando Lim no est\u00e9, \u00bfalguien cree que sus herederos seguir\u00e1n obstentando la propiedad del vcf?<br>\u00bfPara qu\u00e9 quiere la propiedad construir un un campo nuevo?.<br>No lo har\u00e1.<br>En cuanto a los fondos de CVC, ese fondo de inversi\u00f3n que Tebas se saca de la manga para salvar al f\u00fatbol espa\u00f1ol, parece que se van a pagar a mediados de diciembre.Pero ojo.<br>De los 2000- 2100 millones de euros que se van a repartir los clubs de la Liga, excepto Madrid, Bar\u00e7a y Atl\u00e9tic club, se va a pagar ahora el 40%. Otro 20% a final de temporada, otro 20% m\u00e1s a finales de la que viene, y el 20% restante a finales de la 2024.<br>Si traducimos a los 100 m. que le tocan al vcf son 40+20+20+20= 100.<br>Son:<br>15 m para deuda, otros 15 para, jugadores, y 70 para obras y estructuras.<br>\u00bfVale la pena hipotecar durante 50 a\u00f1os los derechos de TV de la Liga por estas cantidades y adem\u00e1s distribuidas de esa forma?<br>Bar\u00e7a, R.Madrid y Atl\u00e9tic de Bilbao han dicho que NO.<br>En todo caso con los 70 millones que el VCL (Valencia club de Lim) dedicar\u00eda al nuevo campo, (no lo construir\u00e1) \u00bf Que tipo de campo construir\u00eda?<br>Miren, el Bar\u00e7a se va a gastar 900 m en la reforma del Camp Nou (1500 en total en el Espai Bar\u00e7a).<br>El R. Madrid 750 millones en la reforma del Bernab\u00e9u.<br>El Wanda Metropolitano cost\u00f3 320 m\u2026<br>\u00bfCuanto se gastar\u00eda Peter Lim en el NOU MESTALLA?<br>Las maquetas que han presentado son de pena. Nada que ver con esos, bi\u00e9n nuevos o bi\u00e9n reformados, estadios que vemos por TV.<br>Cada vez con menos gusto, modernidad, confort y capacidad.<br>Desp\u00eddanse de celebrar grandes eventos en ese hipot\u00e9tico campo nuevo del VCF.<br>Para hacer una chapuza con goteras mejor que no la hagan.<br>Con respecto a ese tan cacareado ADN (bronco y copero) que tan de moda han querido poner desde el club y algunos, casi todos, los medios de comunicaci\u00f3n valencianos, no me atrevo a decir valencianistas, d\u00e9jenme que les aclare que el ADN es la marca de f\u00e1brica, lo que nos identifica, los que nos hace ser de una forma o de otra. Nada que ver con \u00abla forma de jugar\u00bb que imponga un entrenador u otro.<br>Lo que nos debe de identificar es el gen ganador, la cultura de equipo grande, el orgullo de ser valencianistas, el af\u00e1n de superaci\u00f3n y de crecimiento, la ambici\u00f3n\u2026<br>El VCF debe luchar cada a\u00f1o por todos los t\u00edtulos de todas las competiciones.<br>Ese es el ADN del club<br>Jugar a la defensiva o tener la posesi\u00f3n del bal\u00f3n ya depende de cada entrenador. Nada que ver con ese ADN que algunos pretenden etiquetar al VCF para justificar el fichaje de jugadores de bajo nivel y un entrenador de media tabla que juega \u00aba que no pase nada en los partidos.\u00bb<br>Alg\u00fan d\u00eda, tarde o temprano, muchos lo entender\u00e1n. Pero me temo que quiz\u00e1s, para algunas cosas, ya ser\u00e1 demasiado tarde.<br>Somos un grande, un equipo ganador, y ese debe es el gen que identifique nuestra cultura de club.<br>Lo dem\u00e1s son chuflas e intereses creados.<\/p>\n\n\n\n<p>J\u00f3seh Larraz\u00e1bal.<br>Valencianista.<\/p>\n","protected":false},"excerpt":{"rendered":"<div class=\"mh-excerpt\">La Generalitat Valenciana acaba de rechazar la pr\u00f3rroga que el VCL (Valencia club de Lim) solicitaba hasta el a\u00f1o 2030 (ATE).A los miembros del VCL ya solo les queda la v\u00eda judicial. La autoridades valencianas <a class=\"mh-excerpt-more\" href=\"https:\/\/www.tucomarca.com\/wordpress\/segunda\/opinion-a-bocajarro-por-joseh-larrazabal\/\" title=\"Opini\u00f3n: A Bocajarro, por J\u00f3seh Larraz\u00e1bal\">[+] <\/a><\/div>\n","protected":false},"author":1,"featured_media":144170,"comment_status":"open","ping_status":"open","sticky":false,"template":"","format":"standard","meta":{"footnotes":""},"categories":[18,3358,6,10,30,90,3],"tags":[10385,15708,5952,55,1810],"class_list":{"0":"post-144164","1":"post","2":"type-post","3":"status-publish","4":"format-standard","5":"has-post-thumbnail","7":"category-bunol","8":"category-canal-valencia-cf","9":"category-deportes","10":"category-la-hoya","11":"category-opinion","12":"category-opinion-opinion","13":"category-seccion","14":"tag-bunol","15":"tag-joseh-larrazabal-2","16":"tag-la-hoya-de-bunol-chiva","17":"tag-opinion-3","18":"tag-valencia-cf"},"_links":{"self":[{"href":"https:\/\/www.tucomarca.com\/wordpress\/segunda\/wp-json\/wp\/v2\/posts\/144164","targetHints":{"allow":["GET"]}}],"collection":[{"href":"https:\/\/www.tucomarca.com\/wordpress\/segunda\/wp-json\/wp\/v2\/posts"}],"about":[{"href":"https:\/\/www.tucomarca.com\/wordpress\/segunda\/wp-json\/wp\/v2\/types\/post"}],"author":[{"embeddable":true,"href":"https:\/\/www.tucomarca.com\/wordpress\/segunda\/wp-json\/wp\/v2\/users\/1"}],"replies":[{"embeddable":true,"href":"https:\/\/www.tucomarca.com\/wordpress\/segunda\/wp-json\/wp\/v2\/comments?post=144164"}],"version-history":[{"count":0,"href":"https:\/\/www.tucomarca.com\/wordpress\/segunda\/wp-json\/wp\/v2\/posts\/144164\/revisions"}],"wp:featuredmedia":[{"embeddable":true,"href":"https:\/\/www.tucomarca.com\/wordpress\/segunda\/wp-json\/wp\/v2\/media\/144170"}],"wp:attachment":[{"href":"https:\/\/www.tucomarca.com\/wordpress\/segunda\/wp-json\/wp\/v2\/media?parent=144164"}],"wp:term":[{"taxonomy":"category","embeddable":true,"href":"https:\/\/www.tucomarca.com\/wordpress\/segunda\/wp-json\/wp\/v2\/categories?post=144164"},{"taxonomy":"post_tag","embeddable":true,"href":"https:\/\/www.tucomarca.com\/wordpress\/segunda\/wp-json\/wp\/v2\/tags?post=144164"}],"curies":[{"name":"wp","href":"https:\/\/api.w.org\/{rel}","templated":true}]}}