{"id":144196,"date":"2021-11-16T15:00:00","date_gmt":"2021-11-16T14:00:00","guid":{"rendered":"http:\/\/www.tucomarca.com\/wordpress\/segunda\/?p=144196"},"modified":"2021-11-17T00:08:54","modified_gmt":"2021-11-16T23:08:54","slug":"el-paraje-de-porxinos-de-riba-roja-pasa-a-formar-parte-del-porn-del-parc-del-turia-como-zona-protegida-y-lo-blinda-ante-cualquier-proyecto-urbanistico-en-el-futuro","status":"publish","type":"post","link":"https:\/\/www.tucomarca.com\/wordpress\/segunda\/el-paraje-de-porxinos-de-riba-roja-pasa-a-formar-parte-del-porn-del-parc-del-turia-como-zona-protegida-y-lo-blinda-ante-cualquier-proyecto-urbanistico-en-el-futuro\/","title":{"rendered":"El paraje de Porxinos de Riba-roja pasa a formar parte del Porn del Parc del T\u00faria como zona protegida y lo blinda ante cualquier proyecto urban\u00edstico en el futuro"},"content":{"rendered":"\n<p><strong>La Generalitat aprueba los espacios protegidos en la zona de influencia<\/strong><\/p>\n\n\n\n<p>El nuevo Plan de Ordenaci\u00f3n de Recursos Naturales (PORN) del Parc del T\u00faria ampl\u00eda su \u00e1mbito territorial al paraje de Porxinos de Riba-roja de Turia con el objetivo de blindarlo ante cualquier posibilidad de un proyecto urban\u00edstico en la zona. Este paraje pasa de tener una calificaci\u00f3n como suelo agr\u00edcola a otra denominaci\u00f3n como \u00e1rea de interfase de mosaico agr\u00edcola\/forestal.&nbsp; &nbsp;<\/p>\n\n\n\n<p>La nueva ampliaci\u00f3n del Parc del T\u00faria afecta a los \u00e1mbitos territoriales de los municipios de Bugarra, Gestalgar, Chulilla, el nuevo cauce o Plan Sur, el paraje de les Moles en Paterna y el paraje de Porxinos, en Riba-roja de T\u00faria. Adem\u00e1s, en el caso de Riba-roja de T\u00faria esta protecci\u00f3n se extiende a los 858.571 metros cuadrados de extensi\u00f3n de los seis barrancos existentes en el t\u00e9rmino municipal.&nbsp;<\/p>\n\n\n\n<p>El documento dise\u00f1ado por la Conselleria de Agricultura, Desarrollo Rural, Emergencia Clim\u00e1tica y Transici\u00f3n Ecol\u00f3gica considera el paraje de Porxinos como \u00e1rea de Interfase de mosaico agr\u00edcola-forestal en el que existe un uso agr\u00edcola intercalada, caracterizado por los cultivos de secano o de regad\u00edo que, desde el punto de vista ambiental y paisaj\u00edstico \u201cconfiguran zonas de indudable inter\u00e9s, especialmente por el efecto de mosaico entre la fase forestal y agr\u00edcola y la relaci\u00f3n existente como ambientes favorables para la fauna y de especial significado paisaj\u00edstico\u201d.&nbsp;<\/p>\n\n\n\n<p>La nueva calificaci\u00f3n supone, adem\u00e1s, que todo el suelo incluido en el \u00e1rea de interfase ser\u00e1 clasificada en sus respectivos planeamientos urban\u00edsticos municipales como suelo no urbanizable protegido, excepto aquellas \u00e1reas en las que la conselleria de Agricultura, Desarrollo Rural, Emergencia Clim\u00e1tica y Transici\u00f3n Ecol\u00f3gica pueda autorizar en determinadas zonas mineras.&nbsp;<\/p>\n\n\n\n<p>De esta forma, en el \u00e1rea de Porxinos no se podr\u00e1 llevar a cabo ning\u00fan tipo de actuaci\u00f3n urban\u00edstica mediante la aprobaci\u00f3n del pleno municipal del Ayuntamiento de Riba-roja de T\u00faria como s\u00ed ocurri\u00f3 en el a\u00f1o 2005 cuando el PP firm\u00f3 un convenio con una empresa creada por el Valencia CF para desarrollar un programa de actuaci\u00f3n integrada (PAI) que preve\u00eda construir 2.700 viviendas, un campo de golf y una ciudad deportiva en este paraje natural.&nbsp;<\/p>\n\n\n\n<p>Finalmente, una sentencia del Tribunal Superior de Justicia en 2013 y otro fallo del Tribunal Supremo en el a\u00f1o 2015 tumbaron el proyecto urban\u00edstico al considerar que no exist\u00edan suficientes recursos h\u00eddricos como se pon\u00eda de manifiesto en un informe de la Confederaci\u00f3n Hidrogr\u00e1fica del J\u00facar (CHJ), adem\u00e1s de que no se respetaron las condiciones que impon\u00eda la declaraci\u00f3n de impacto ambiental respecto del paraje colindante de les Rodanes y, por \u00faltimo, la adjudicaci\u00f3n de la urbanizaci\u00f3n se realiz\u00f3 <em>\u00aba dedo\u00bb<\/em> y <em>\u00absin la necesaria oferta p\u00fablica\u00bb.<\/em>&nbsp;<\/p>\n\n\n\n<p>Adem\u00e1s, una sentencia del juzgado de lo contencioso-administrativo n\u00famero 2 de Val\u00e8ncia desestima la demanda de Litoral del Este, empresa creada e impulsada por el Valencia CF, en la que solicitaba al Ayuntamiento de Riba-roja de T\u00faria el pago de 25 millones de euros en concepto de indemnizaci\u00f3n por la anulaci\u00f3n del PAI de Porxinos decretada por los tribunales.&nbsp;<\/p>\n\n\n\n<p>El alcalde de Riba-roja de T\u00faria, Robert Raga, ha subrayado la importancia de la nueva calificaci\u00f3n del paraje de Porxinos \u201cporque supone la protecci\u00f3n integral de un espacio con una indudable riqueza ambiental y patrimonial muy estimado por todos los vecinos y los valencianos y, adem\u00e1s, desaparece la posibilidad en un futuro de volver a incluirlo en un plan urban\u00edstico\u201d.&nbsp;<\/p>\n","protected":false},"excerpt":{"rendered":"<div class=\"mh-excerpt\">La Generalitat aprueba los espacios protegidos en la zona de influencia El nuevo Plan de Ordenaci\u00f3n de Recursos Naturales (PORN) del Parc del T\u00faria ampl\u00eda su \u00e1mbito territorial al paraje de Porxinos de Riba-roja de <a class=\"mh-excerpt-more\" href=\"https:\/\/www.tucomarca.com\/wordpress\/segunda\/el-paraje-de-porxinos-de-riba-roja-pasa-a-formar-parte-del-porn-del-parc-del-turia-como-zona-protegida-y-lo-blinda-ante-cualquier-proyecto-urbanistico-en-el-futuro\/\" title=\"El paraje de Porxinos de Riba-roja pasa a formar parte del Porn del Parc del T\u00faria como zona protegida y lo blinda ante cualquier proyecto urban\u00edstico en el futuro\">[+] <\/a><\/div>\n","protected":false},"author":12,"featured_media":144197,"comment_status":"open","ping_status":"open","sticky":false,"template":"","format":"standard","meta":{"footnotes":""},"categories":[46,128,8,72,117,182,3],"tags":[10395,107,855,1504],"class_list":{"0":"post-144196","1":"post","2":"type-post","3":"status-publish","4":"format-standard","5":"has-post-thumbnail","7":"category-camp-de-turia","8":"category-infraestructuras","9":"category-la-comarca","10":"category-sin-categorizar","11":"category-medio-ambiente-la-comarca","12":"category-riba-roja","13":"category-seccion","14":"tag-camp-de-turia","15":"tag-medio-ambiente","16":"tag-parajes-naturales","17":"tag-riba-roja-2"},"_links":{"self":[{"href":"https:\/\/www.tucomarca.com\/wordpress\/segunda\/wp-json\/wp\/v2\/posts\/144196","targetHints":{"allow":["GET"]}}],"collection":[{"href":"https:\/\/www.tucomarca.com\/wordpress\/segunda\/wp-json\/wp\/v2\/posts"}],"about":[{"href":"https:\/\/www.tucomarca.com\/wordpress\/segunda\/wp-json\/wp\/v2\/types\/post"}],"author":[{"embeddable":true,"href":"https:\/\/www.tucomarca.com\/wordpress\/segunda\/wp-json\/wp\/v2\/users\/12"}],"replies":[{"embeddable":true,"href":"https:\/\/www.tucomarca.com\/wordpress\/segunda\/wp-json\/wp\/v2\/comments?post=144196"}],"version-history":[{"count":0,"href":"https:\/\/www.tucomarca.com\/wordpress\/segunda\/wp-json\/wp\/v2\/posts\/144196\/revisions"}],"wp:featuredmedia":[{"embeddable":true,"href":"https:\/\/www.tucomarca.com\/wordpress\/segunda\/wp-json\/wp\/v2\/media\/144197"}],"wp:attachment":[{"href":"https:\/\/www.tucomarca.com\/wordpress\/segunda\/wp-json\/wp\/v2\/media?parent=144196"}],"wp:term":[{"taxonomy":"category","embeddable":true,"href":"https:\/\/www.tucomarca.com\/wordpress\/segunda\/wp-json\/wp\/v2\/categories?post=144196"},{"taxonomy":"post_tag","embeddable":true,"href":"https:\/\/www.tucomarca.com\/wordpress\/segunda\/wp-json\/wp\/v2\/tags?post=144196"}],"curies":[{"name":"wp","href":"https:\/\/api.w.org\/{rel}","templated":true}]}}