{"id":144541,"date":"2021-11-22T20:00:00","date_gmt":"2021-11-22T19:00:00","guid":{"rendered":"http:\/\/www.tucomarca.com\/wordpress\/segunda\/?p=144541"},"modified":"2021-11-23T10:31:14","modified_gmt":"2021-11-23T09:31:14","slug":"opinion-a-bocajarro-por-joseh-larrazabal-2","status":"publish","type":"post","link":"https:\/\/www.tucomarca.com\/wordpress\/segunda\/opinion-a-bocajarro-por-joseh-larrazabal-2\/","title":{"rendered":"Opini\u00f3n: A bocajarro, por J\u00f3seh Larraz\u00e1bal"},"content":{"rendered":"\n<figure class=\"wp-block-image size-large is-resized\"><img loading=\"lazy\" decoding=\"async\" src=\"https:\/\/www.tucomarca.com\/wordpress\/segunda\/wp-content\/uploads\/2021\/11\/Larrazabal-1018x1024.jpg\" alt=\"\" class=\"wp-image-144170\" width=\"130\" height=\"131\" srcset=\"https:\/\/www.tucomarca.com\/wordpress\/segunda\/wp-content\/uploads\/2021\/11\/Larrazabal-1018x1024.jpg 1018w, https:\/\/www.tucomarca.com\/wordpress\/segunda\/wp-content\/uploads\/2021\/11\/Larrazabal-298x300.jpg 298w, https:\/\/www.tucomarca.com\/wordpress\/segunda\/wp-content\/uploads\/2021\/11\/Larrazabal-290x290.jpg 290w, https:\/\/www.tucomarca.com\/wordpress\/segunda\/wp-content\/uploads\/2021\/11\/Larrazabal-768x773.jpg 768w, https:\/\/www.tucomarca.com\/wordpress\/segunda\/wp-content\/uploads\/2021\/11\/Larrazabal-1526x1536.jpg 1526w, https:\/\/www.tucomarca.com\/wordpress\/segunda\/wp-content\/uploads\/2021\/11\/Larrazabal.jpg 1575w\" sizes=\"auto, (max-width: 130px) 100vw, 130px\" \/><\/figure>\n\n\n\n<p>Es muy triste ver a un grupo de aficionados en Anoeta, estadio de la Real Sociedad, cantando \u00abAnil, canalla, fuera de Mestalla,\u00bb y ver c\u00f3mo Joey Lim, uno de esos amantes del buen comer y mejor beber, que est\u00e1n en el Valencia de Lim d\u00e1ndose la gran vida y cobrando cantidades ingentes de dinero, se r\u00ede y se anima a bailar al son del citado c\u00e1ntico.<br>Se mofan, se r\u00eden y se lo pasan en grande a costa de la ingenua afici\u00f3n del vcf que cree que esos c\u00e1nticos les pueden afectar de alguna manera.<br>Miren, a esta gente le da lo mismo. Ni son Valencianos ni Valencianistas y se r\u00eden de esos j\u00f3venes que s\u00ed llevan al Valencia en su coraz\u00f3n, aunque esa envidiable juventud les lleve a ser presa f\u00e1cil de directivos infames y periodistas comprados.<br>Yo insisto, \u00abNADIE A MESTALLA.\u00bb<br>\u00bfPara qu\u00e9 ir?<br>\u00bfPara insistir con los recurrentes c\u00e1nticos contra Lim y Murthy?<br>\u00bfEs que ellos no saben ya que no les queremos ni en Mestalla ni en el vcf?<br>La \u00faltima iniciativa es la de acudir con banderas de \u00abLim go home.\u00bb<br>Para qu\u00e9? Es un camino equivocado y est\u00e9ril.<br>Inducir a la gente a ir a MESTALLA, con banderas o sin ellas, no conduce a nada.<br>Otra cosa es que esa gente no entre al estadio, que se quede en los alrededores durante el partido y que canten todo lo que quieran pero desde la calle.Que no compren ni una sola camiseta en las tiendas del VCL (Valencia club de Lim) y que no saquen el abono.<br>Eso s\u00ed, por ah\u00ed s\u00ed le puede doler a Lim, porque le tocan el bolsillo, y la imagen de un MESTALLA vac\u00edo deteriora la reputaci\u00f3n del propietario del VCF a nivel europeo y mundial.<br>Lo dem\u00e1s son milongas e iniciativas que si a alguien benefician es al propio Lim y a su decr\u00e9pita cuenta de resultados.<br>El VCL est\u00e1 en \u00abCausa de disoluci\u00f3n\u00bb y quieren animarles a vds a que vayan al campo, a que saquen su entrada, y a que antes pasen por la tienda y compren, qu\u00e9 se yo\u2026\u00bfuna gorra?<br>Miren, si queremos echar a Lim, un propietario que ha llevado al club a \u00abcausa de disoluci\u00f3n\u00bb y que presenta una cuenta de resultados de 135 millones de p\u00e9rdidas, desde que el vcf est\u00e1 en sus manos, tenemos que hacer las cosas en serio, muy en serio, caiga quien caiga. Algunos deben de analizar si de verdad quieren echar a Lim o si tienen dudas o miedo de emprender iniciativas, pero iniciativas que den resultado de verdad.Por ej no entrar al estadio.<br>Reflexionen, primero sacrificio y despu\u00e9s construir un futuro ilusionante empezando desde cero. La primera piedra es echar a Lim.<br>Con civismo pero con energ\u00eda.<br>Para echar a Lim hay que decidirse, pero decidirse de verdad, y buscar los caminos m\u00e1s eficaces para conseguir ese objetivo.<br>No se est\u00e1n buscando los caminos m\u00e1s adecuados y eficaces.<br>Quiz\u00e1 no convienen.<br>Para echar a Merit\u00f3n del vcf lo primero es dejar de ir al campo, no comprar en tiendas, no sacar abonos\u2026y eso es estrategia esencial.<br>Lo dem\u00e1s podr\u00e1 ser conveniente, o no, pero no es eficaz.<br>Hay que echar a Lim y eso es vital para la supervivencia del vcf.<br>Lo dem\u00e1s viene despu\u00e9s.<br>No vamos bi\u00e9n.<br>Por otro lado no puedo dejar de sentirme at\u00f3nito y decepci\u00f3n al leer, tras el partido de Anoeta, comentarios de algunos periodistas, en twiter, y las respuestas, muy sorprendentes, de unos cuantos twitteros valencianistas.<br>De verdad les digo, este no es mi Valencia.<br>No tengo nada que ver, ni me identifico lo m\u00e1s m\u00ednimo con esta prensa y estos sectores de la afici\u00f3n.<br>No pertenezco a ese universo.<br>Mi Valencia es otro, mi afici\u00f3n es otra, y mi prensa es otra.<br>El vcf est\u00e1 casi en coma, pero en coma inducido (situaci\u00f3n a la que lo han llevado entre unos y otros).<br>Yo no me siento responsable de esa atrocidad porque vengo luchando contra todo y contra todos desde hace mucho, much\u00edsimo tiempo, y tengo los objetivos muy claros y los caminos muy definidos.<br>Hagan ustedes lo que quieran.<br>A mi nadie podr\u00e1 se\u00f1alarme.<br>\u00bfY a ustedes?<\/p>\n","protected":false},"excerpt":{"rendered":"<div class=\"mh-excerpt\">Es muy triste ver a un grupo de aficionados en Anoeta, estadio de la Real Sociedad, cantando \u00abAnil, canalla, fuera de Mestalla,\u00bb y ver c\u00f3mo Joey Lim, uno de esos amantes del buen comer y <a class=\"mh-excerpt-more\" href=\"https:\/\/www.tucomarca.com\/wordpress\/segunda\/opinion-a-bocajarro-por-joseh-larrazabal-2\/\" title=\"Opini\u00f3n: A bocajarro, por J\u00f3seh Larraz\u00e1bal\">[+] <\/a><\/div>\n","protected":false},"author":1,"featured_media":144170,"comment_status":"open","ping_status":"open","sticky":false,"template":"","format":"standard","meta":{"footnotes":""},"categories":[18,3358,6,8,10,3],"tags":[15480,5952,1810,15379],"class_list":{"0":"post-144541","1":"post","2":"type-post","3":"status-publish","4":"format-standard","5":"has-post-thumbnail","7":"category-bunol","8":"category-canal-valencia-cf","9":"category-deportes","10":"category-la-comarca","11":"category-la-hoya","12":"category-seccion","13":"tag-joseh-larrazabal","14":"tag-la-hoya-de-bunol-chiva","15":"tag-valencia-cf","16":"tag-vcf"},"_links":{"self":[{"href":"https:\/\/www.tucomarca.com\/wordpress\/segunda\/wp-json\/wp\/v2\/posts\/144541","targetHints":{"allow":["GET"]}}],"collection":[{"href":"https:\/\/www.tucomarca.com\/wordpress\/segunda\/wp-json\/wp\/v2\/posts"}],"about":[{"href":"https:\/\/www.tucomarca.com\/wordpress\/segunda\/wp-json\/wp\/v2\/types\/post"}],"author":[{"embeddable":true,"href":"https:\/\/www.tucomarca.com\/wordpress\/segunda\/wp-json\/wp\/v2\/users\/1"}],"replies":[{"embeddable":true,"href":"https:\/\/www.tucomarca.com\/wordpress\/segunda\/wp-json\/wp\/v2\/comments?post=144541"}],"version-history":[{"count":0,"href":"https:\/\/www.tucomarca.com\/wordpress\/segunda\/wp-json\/wp\/v2\/posts\/144541\/revisions"}],"wp:featuredmedia":[{"embeddable":true,"href":"https:\/\/www.tucomarca.com\/wordpress\/segunda\/wp-json\/wp\/v2\/media\/144170"}],"wp:attachment":[{"href":"https:\/\/www.tucomarca.com\/wordpress\/segunda\/wp-json\/wp\/v2\/media?parent=144541"}],"wp:term":[{"taxonomy":"category","embeddable":true,"href":"https:\/\/www.tucomarca.com\/wordpress\/segunda\/wp-json\/wp\/v2\/categories?post=144541"},{"taxonomy":"post_tag","embeddable":true,"href":"https:\/\/www.tucomarca.com\/wordpress\/segunda\/wp-json\/wp\/v2\/tags?post=144541"}],"curies":[{"name":"wp","href":"https:\/\/api.w.org\/{rel}","templated":true}]}}